{"id":23136,"date":"2023-11-21T08:46:22","date_gmt":"2023-11-21T11:46:22","guid":{"rendered":"https:\/\/revistaepocadigital.com.ar\/?p=23136"},"modified":"2023-11-21T08:46:22","modified_gmt":"2023-11-21T11:46:22","slug":"se-larga-la-transicion-vertigo-en-empresas-y-bancos-a-la-espera-de-las-senales-del-plan-milei","status":"publish","type":"post","link":"https:\/\/revistaepocadigital.com.ar\/?p=23136","title":{"rendered":"Se larga la transici\u00f3n: v\u00e9rtigo en empresas y bancos a la espera de las se\u00f1ales del &#8220;Plan Milei&#8221;"},"content":{"rendered":"<div class=\"block-container\">\n<div class=\"board board-article-content\">\n<div class=\"main-article\">\n<header class=\"article-top\">\n<h4 class=\"title full padding-lr fsize-xl\">GRAN EXPECTATIVA.<!--more--><\/h4>\n<div class=\"epigraph full padding-lr\">Desde hoy (21-11) rige un nuevo d\u00f3lar exportador, arriba de los $600. Convocatoria urgente en las compa\u00f1\u00edas para decidir qu\u00e9 hacer con los precios.<\/div>\n<\/header>\n<\/div>\n<div class=\"image-container img-wide padding-b\">Algunas de las principales empresas del pa\u00eds y tambi\u00e9n bancos l\u00edderes convocaron a sus directorios a reuniones de emergencia. A las 10 en punto se dirimir\u00e1 una de las claves de la<strong>\u00a0transici\u00f3n pol\u00edtica<\/strong>, que desembocar\u00e1 el 10 de diciembre en la asunci\u00f3n de\u00a0<a href=\"https:\/\/www.iprofesional.com\/politica\/392958-milei-y-la-transicion-por-que-el-presupuesto-2024-sera-decisivo\" target=\"_blank\" rel=\"noopener noreferrer\">Javier Milei como nuevo Presidente de la Argentina<\/a>.<\/div>\n<\/div>\n<div><\/div>\n<div class=\"board board-article-content\">\n<div class=\"main-article\">\n<div class=\"article-content full padding-lr\">\n<p>Ante la apertura de los mercados, toda la atenci\u00f3n estaba puesta en la <strong>cotizaci\u00f3n del d\u00f3lar oficial<\/strong>, que el viernes previo al balotaje cerr\u00f3 en $354.\u00a0Esta paridad qued\u00f3 completamente atrasada en t\u00e9rminos reales, y con una brecha del 160% respecto de las \u00faltimas operaciones del contado con liqui.<\/p>\n<p>Para tener una idea, descontando la inflaci\u00f3n transcurrida, el d\u00f3lar de $350 de mediados de agosto, despu\u00e9s de la devaluaci\u00f3n post PASO, equivaldr\u00eda a unos $500. \u00bfAplicar\u00eda\u00a0el Gobierno <strong>una nueva devaluaci\u00f3n<\/strong>?<\/p>\n<p>Se pon\u00eda en marcha (21-11)\u00a0un <a href=\"https:\/\/www.iprofesional.com\/finanzas\/392961-gobierno-extendera-dolar-exportador-con-50-al-ccl\" target=\"_blank\" rel=\"noopener noreferrer\">nuevo d\u00f3lar exportador (50% al contado con liqui y 50% al oficial)<\/a>, que a precios actuales equival\u00eda a unos $615. Y hay que tener en consideraci\u00f3n que se manten\u00eda el crawling peg que ya se dio por iniciado la semana pasada.<\/p>\n<p>Lo que restaba conocer era si el Banco Central aceleraba la suba del d\u00f3lar diaria.<\/p>\n<div class=\"imagen\"><img loading=\"lazy\" decoding=\"async\" class=\"lazyload loaded\" src=\"https:\/\/assets.iprofesional.com\/assets\/jpg\/2023\/11\/562843.jpg\" alt=\"\" width=\"880\" height=\"495\" data-src=\"https:\/\/assets.iprofesional.com\/assets\/jpg\/2023\/11\/562843.jpg\" \/><\/p>\n<div class=\"epigrafe\"><\/div>\n<\/div>\n<p>Est\u00e1 claro que lo que viene en la Argentina es la devaluaci\u00f3n m\u00e1s anticipada de la historia. Milei ya explicit\u00f3 que buscar\u00e1 un\u00a0<strong>tipo de cambio m\u00e1s competitivo<\/strong>, una r\u00e1pida salida del cepo y, llegado el momento, una dolarizaci\u00f3n.<\/p>\n<h2>El puente al 10 de diciembre<\/h2>\n<p>Un dato: entre la noche del domingo y durante la ma\u00f1ana del lunes (20-11), algunos funcionarios de Massa atendieron a financistas de Wall Street, interesados en saber sobre la <strong>transici\u00f3n hasta la asunci\u00f3n de Milei<\/strong>.<\/p>\n<p>Lo que en otros pa\u00edses ser\u00eda el corto plazo, en Argentina, es el largo.<\/p>\n<p>Desde el equipo del ministro dejaron trascender que las medidas aplicadas ser\u00e1n las que decidan desde el c\u00edrculo de presidente electo. &#8220;Si quiere que devaluemos, lo haremos&#8221;, dijeron desde el elenco hoy oficialista a los financistas que consultaron.<\/p>\n<p>As\u00ed surgi\u00f3\u00a0<strong>el nuevo 50%-50%<\/strong> que arrancaba (21-11), que seguir\u00eda hasta fin de a\u00f1o, y que tendr\u00e1 impacto en los precios. De hecho, la aplicaci\u00f3n del anterior &#8220;d\u00f3lar exportador&#8221; redund\u00f3 en una aceleraci\u00f3n de la inflaci\u00f3n de los alimentos.<\/p>\n<p>De acuerdo a la consultora de Orlando Ferreres,\u00a0la medici\u00f3n dio un 10,2% desde inicios del mes. Se encamina a un nivel r\u00e9cord, aun cuando de por medio no haya habido un salto del tipo de cambio.<\/p>\n<div class=\"imagen\"><img loading=\"lazy\" decoding=\"async\" class=\"lazyload loaded\" src=\"https:\/\/assets.iprofesional.com\/assets\/jpg\/2023\/08\/557792.jpg\" alt=\"\" width=\"880\" height=\"495\" data-src=\"https:\/\/assets.iprofesional.com\/assets\/jpg\/2023\/08\/557792.jpg\" \/><\/p>\n<div class=\"epigrafe\"><em>Lo que antes, durante la campa\u00f1a, Milei agitaba como un camino seguro hacia la hiperinflaci\u00f3n, ahora es lo que intenta evitar<\/em><\/div>\n<\/div>\n<h2>Milei pone primera<\/h2>\n<p>El presidente electo quiere que el Gobierno actual se haga cargo de la crisis, y aplicar medidas reci\u00e9n a partir del 10 de diciembre.<\/p>\n<p>En cada declaraci\u00f3n y en los comunicados de La Libertad Avanza, Milei deja en claro que la situaci\u00f3n es &#8220;cr\u00edtica&#8221;. Una estrategia bien diferente de la de Macri en 2015, cuando -aconsejado por Marcos Pe\u00f1a- no hab\u00eda transparentado la situaci\u00f3n econ\u00f3mica. Adem\u00e1s, ten\u00eda un diagn\u00f3stico distinto (y errado) de que la salida del cepo no tendr\u00eda impacto en los precios.<\/p>\n<p>El jefe libertario pretende\u00a0<strong>salir del cepo\u00a0<\/strong>una vez que asuma el poder. Y con un plan econ\u00f3mico que d\u00e9 garant\u00edas de que no habr\u00e1 una espiralizaci\u00f3n.<\/p>\n<p>&#8220;No quiere tirarse a la pileta sin que haya agua&#8221;, resume un asesor del pr\u00f3ximo Presidente.<\/p>\n<p>Lo que antes, durante la campa\u00f1a, Milei agitaba como un camino seguro hacia la\u00a0<strong>hiperinflaci\u00f3n<\/strong>, ahora es lo que intenta evitar. Una h\u00edper licuar\u00eda al peso pero muy probablemente tambi\u00e9n el respaldo pol\u00edtico ganado el domingo en las urnas.<\/p>\n<p>&#8220;A una h\u00edper sab\u00e9s cu\u00e1ndo entr\u00e1s pero no sab\u00e9s cu\u00e1ndo sal\u00eds. Nuestras experiencias son clave. Menem crey\u00f3 que podr\u00eda domar la hiperinflaci\u00f3n de Alfons\u00edn pero necesit\u00f3 casi dos a\u00f1os para sacar la econom\u00eda adelante&#8221;, agrega el asesor consultado por iProfesional.<\/p>\n<div class=\"imagen\">\n<div class=\"epigrafe\"><strong><em>En sus primeras declaraciones como presidente electo, Milei asegur\u00f3 que las Leliqs son su prioridad<\/em><\/strong><\/div>\n<\/div>\n<h2>Medidas en la mira<\/h2>\n<p>En sus primeras declaraciones como presidente electo, Milei asegur\u00f3 que<strong>\u00a0las Leliqs son su prioridad<\/strong>. La soluci\u00f3n, piensa, es la base para evitar una hiperinflaci\u00f3n.<\/p>\n<p>No dio detalles sobre la estrategia para lograrlo, pero dej\u00f3 entrever que podr\u00eda conseguir financiamiento para hacerlo.\u00a0Milei hab\u00eda dejado trascender -tal cual lo public\u00f3 en su momento iProfesional- que mantendr\u00eda en sus cargos a algunos de los funcionarios m\u00e1s relevantes del equipo de Massa.<\/p>\n<p>Empezando por Leonardo Madcur, el actual jefe de asesores de Econom\u00eda. Milei y Madcur se conocen bien, e incluso Madcur fue muy elogiado por el presidente electo en repetidas oportunidades.\u00a0En su primer discurso como presidente electo, en la noche del domingo, Milei enfatiz\u00f3 que &#8220;<strong>no hay margen para hacer gradualismo<\/strong>\u00a0ni para la tibieza. La situaci\u00f3n econ\u00f3mica es cr\u00edtica&#8221;.<\/p>\n<p>La promesa de un fuerte ajuste de las<strong>\u00a0cuentas p\u00fablicas\u00a0<\/strong>es la base del festejo en Wall Street.<\/p>\n<p><strong>Ahora llega el momento de empezar a desplegar la Argentina que viene<\/strong>.<\/p>\n<div class=\"tags\">\n<div class=\"titulo\">Nota publicada en <em>iProfesional.com<\/em><\/div>\n<\/div>\n<\/div>\n<\/div>\n<\/div>\n<\/div>\n<p><!--more--><\/p>\n","protected":false},"excerpt":{"rendered":"<p>GRAN EXPECTATIVA.<\/p>\n","protected":false},"author":3,"featured_media":23137,"comment_status":"open","ping_status":"open","sticky":false,"template":"","format":"standard","meta":{"footnotes":"","jetpack_publicize_message":"","jetpack_publicize_feature_enabled":true,"jetpack_social_post_already_shared":true,"jetpack_social_options":{"image_generator_settings":{"template":"highway","default_image_id":0,"font":"","enabled":false},"version":2}},"categories":[13],"tags":[2152,2537,2542],"class_list":["post-23136","post","type-post","status-publish","format-standard","has-post-thumbnail","hentry","category-interes-general","tag-2152","tag-milei-presidente","tag-primeras-medidas"],"jetpack_publicize_connections":[],"jetpack_featured_media_url":"https:\/\/revistaepocadigital.com.ar\/wp-content\/uploads\/2023\/11\/milei-iprof.jpg","jetpack_likes_enabled":true,"_links":{"self":[{"href":"https:\/\/revistaepocadigital.com.ar\/index.php?rest_route=\/wp\/v2\/posts\/23136","targetHints":{"allow":["GET"]}}],"collection":[{"href":"https:\/\/revistaepocadigital.com.ar\/index.php?rest_route=\/wp\/v2\/posts"}],"about":[{"href":"https:\/\/revistaepocadigital.com.ar\/index.php?rest_route=\/wp\/v2\/types\/post"}],"author":[{"embeddable":true,"href":"https:\/\/revistaepocadigital.com.ar\/index.php?rest_route=\/wp\/v2\/users\/3"}],"replies":[{"embeddable":true,"href":"https:\/\/revistaepocadigital.com.ar\/index.php?rest_route=%2Fwp%2Fv2%2Fcomments&post=23136"}],"version-history":[{"count":0,"href":"https:\/\/revistaepocadigital.com.ar\/index.php?rest_route=\/wp\/v2\/posts\/23136\/revisions"}],"wp:featuredmedia":[{"embeddable":true,"href":"https:\/\/revistaepocadigital.com.ar\/index.php?rest_route=\/wp\/v2\/media\/23137"}],"wp:attachment":[{"href":"https:\/\/revistaepocadigital.com.ar\/index.php?rest_route=%2Fwp%2Fv2%2Fmedia&parent=23136"}],"wp:term":[{"taxonomy":"category","embeddable":true,"href":"https:\/\/revistaepocadigital.com.ar\/index.php?rest_route=%2Fwp%2Fv2%2Fcategories&post=23136"},{"taxonomy":"post_tag","embeddable":true,"href":"https:\/\/revistaepocadigital.com.ar\/index.php?rest_route=%2Fwp%2Fv2%2Ftags&post=23136"}],"curies":[{"name":"wp","href":"https:\/\/api.w.org\/{rel}","templated":true}]}}