{"id":23149,"date":"2023-11-21T10:47:06","date_gmt":"2023-11-21T13:47:06","guid":{"rendered":"https:\/\/revistaepocadigital.com.ar\/?p=23149"},"modified":"2023-11-21T10:48:25","modified_gmt":"2023-11-21T13:48:25","slug":"teatro-entramades-en-capilla","status":"publish","type":"post","link":"https:\/\/revistaepocadigital.com.ar\/?p=23149","title":{"rendered":"Teatro. \u201cEntramades. De ah\u00ed salimos y no volvemos m\u00e1s\u201d"},"content":{"rendered":"<p><strong>EN EL CENTRO CULTURAL COSMOPOLITA DE CAPILLA DEL SE\u00d1OR.<!--more--><\/strong><br \/>\nEste domingo 26 de noviembre, a las 19:30 horas, se presenta la obra en el Centro Cultural Cosmopolita, de Capilla del Se\u00f1or. Funci\u00f3n abierta y gratuita para toda la comunidad.<br \/>\n\ud83c\udfad La obra de teatro \u201cEntramades. De ah\u00ed salimos y no volvemos m\u00e1s\u201d se inici\u00f3 con la escritura colectiva por parte de mujeres que integraron los Grupos de Ayuda Mutua \u201cConstruyendo puentes\u201d y quienes coordinaron ese espacio.<\/p>\n<p>Luego el gui\u00f3n de la obra cobr\u00f3 vida con el aporte del Grupo de J\u00f3venes de Teatro Municipal coordinado por el profesor &#8220;Gajo&#8221; Ramos. A lo largo del relato se intenta desnaturalizar las situaciones cotidianas que son violentas, aunque muchas veces no se perciban como tales.<\/p>\n<p>El proyecto \u201cEntramades\u2026\u201d fue seleccionado por un jurado provincial para representar a Exaltaci\u00f3n de la Cruz en el marco de la convocatoria \u201cOrganizadas para la igualdad\u201d.<\/p>\n<p>\u201cOrganizadas para la igualdad\u201d, es la primera edici\u00f3n de una convocatoria conjunta del Senado de la Provincia de Buenos Aires y el Ministerio de las Mujeres, Pol\u00edticas de G\u00e9nero y Diversidad Sexual, que promueve la elaboraci\u00f3n de proyectos participativos sociocomunitarios con perspectiva de g\u00e9nero. Esta propuesta se enmarca en la conmemoraci\u00f3n de los 40 a\u00f1os de vida democr\u00e1tica ininterrumpida, per\u00edodo en el cual, las mujeres han recorrido un largo camino de lucha y transformaci\u00f3n por la igualdad.<\/p>\n<p>Cada 25 de noviembre se conmemora el D\u00eda Internacional de la Eliminaci\u00f3n de la Violencia contra la Mujer para denunciar la violencia que se ejerce sobre las mujeres en todo el mundo y reclamar en todos los pa\u00edses pol\u00edticas para su erradicaci\u00f3n.<br \/>\nInform\u00f3 la Direcci\u00f3n de G\u00e9nero y Diversidades. Secretar\u00eda de Desarrollo de la Comunidad de la Municipalidad de Exaltaci\u00f3n de la Cruz<\/p>\n","protected":false},"excerpt":{"rendered":"<p>EN EL CENTRO CULTURAL COSMOPOLITA DE CAPILLA DEL SE\u00d1OR.<\/p>\n","protected":false},"author":4,"featured_media":23150,"comment_status":"open","ping_status":"open","sticky":false,"template":"","format":"standard","meta":{"footnotes":"","jetpack_publicize_message":"","jetpack_publicize_feature_enabled":true,"jetpack_social_post_already_shared":true,"jetpack_social_options":{"image_generator_settings":{"template":"highway","default_image_id":0,"font":"","enabled":false},"version":2}},"categories":[12],"tags":[2544],"class_list":["post-23149","post","type-post","status-publish","format-standard","has-post-thumbnail","hentry","category-espectaculos","tag-teatri"],"jetpack_publicize_connections":[],"jetpack_featured_media_url":"https:\/\/revistaepocadigital.com.ar\/wp-content\/uploads\/2023\/11\/teee.jpg","jetpack_likes_enabled":true,"_links":{"self":[{"href":"https:\/\/revistaepocadigital.com.ar\/index.php?rest_route=\/wp\/v2\/posts\/23149","targetHints":{"allow":["GET"]}}],"collection":[{"href":"https:\/\/revistaepocadigital.com.ar\/index.php?rest_route=\/wp\/v2\/posts"}],"about":[{"href":"https:\/\/revistaepocadigital.com.ar\/index.php?rest_route=\/wp\/v2\/types\/post"}],"author":[{"embeddable":true,"href":"https:\/\/revistaepocadigital.com.ar\/index.php?rest_route=\/wp\/v2\/users\/4"}],"replies":[{"embeddable":true,"href":"https:\/\/revistaepocadigital.com.ar\/index.php?rest_route=%2Fwp%2Fv2%2Fcomments&post=23149"}],"version-history":[{"count":0,"href":"https:\/\/revistaepocadigital.com.ar\/index.php?rest_route=\/wp\/v2\/posts\/23149\/revisions"}],"wp:featuredmedia":[{"embeddable":true,"href":"https:\/\/revistaepocadigital.com.ar\/index.php?rest_route=\/wp\/v2\/media\/23150"}],"wp:attachment":[{"href":"https:\/\/revistaepocadigital.com.ar\/index.php?rest_route=%2Fwp%2Fv2%2Fmedia&parent=23149"}],"wp:term":[{"taxonomy":"category","embeddable":true,"href":"https:\/\/revistaepocadigital.com.ar\/index.php?rest_route=%2Fwp%2Fv2%2Fcategories&post=23149"},{"taxonomy":"post_tag","embeddable":true,"href":"https:\/\/revistaepocadigital.com.ar\/index.php?rest_route=%2Fwp%2Fv2%2Ftags&post=23149"}],"curies":[{"name":"wp","href":"https:\/\/api.w.org\/{rel}","templated":true}]}}