{"id":23162,"date":"2023-11-19T18:41:34","date_gmt":"2023-11-19T21:41:34","guid":{"rendered":"https:\/\/revistaepocadigital.com.ar\/?p=23162"},"modified":"2023-11-24T02:05:00","modified_gmt":"2023-11-24T05:05:00","slug":"otro-sorteo-de-un-chango-lleno-y-mas-en-el-sindicato-empleados-comercio-zarate","status":"publish","type":"post","link":"https:\/\/revistaepocadigital.com.ar\/?p=23162","title":{"rendered":"Ricardo P\u00e9rez, de Capilla del Se\u00f1or, ganador del nuevo sosrteo del Sindicato Empleados Comercio Z\u00e1rate"},"content":{"rendered":"<p><strong>AFILIADOS\/AS. SE REALIZ\u00d3 EL SORTEO.<\/strong><\/p>\n<p>EL GANADOR ES DE CAPILLA DEL SE\u00d1OR.<br \/>\n<!--more--><\/p>\n<figure id=\"attachment_23188\" aria-describedby=\"caption-attachment-23188\" style=\"width: 515px\" class=\"wp-caption aligncenter\"><img loading=\"lazy\" decoding=\"async\" class=\"size-full wp-image-23188\" src=\"https:\/\/revistaepocadigital.com.ar\/wp-content\/uploads\/2023\/11\/sins-1.jpg\" alt=\"\" width=\"515\" height=\"806\" srcset=\"https:\/\/revistaepocadigital.com.ar\/wp-content\/uploads\/2023\/11\/sins-1.jpg 515w, https:\/\/revistaepocadigital.com.ar\/wp-content\/uploads\/2023\/11\/sins-1-192x300.jpg 192w, https:\/\/revistaepocadigital.com.ar\/wp-content\/uploads\/2023\/11\/sins-1-268x420.jpg 268w\" sizes=\"auto, (max-width: 515px) 100vw, 515px\" \/><figcaption id=\"caption-attachment-23188\" class=\"wp-caption-text\">Con la presencia del Secretario General, Sergio Mart\u00edn (der) tuvo lugar el sorteo en la sede de la entidad gremial en Z\u00e1rate.<\/figcaption><\/figure>\n<p style=\"text-align: center;\"><!--more--><strong>\/\/\/\/\/\/\/\/\/\/\/\/\/\/\/\/\/\/\/\/\/\/\/\/\/\/\/\/\/\/\/\/\/\/\/\/\/\/\/\/\/\/\/\/\/\/\/\/\/\/\/\/\/<\/strong><\/p>\n<p>&nbsp;<\/p>\n<p><img loading=\"lazy\" decoding=\"async\" class=\"aligncenter size-full wp-image-23169\" src=\"https:\/\/revistaepocadigital.com.ar\/wp-content\/uploads\/2023\/11\/PHOTO-2023-11-22-10-06-37.jpg\" alt=\"\" width=\"1080\" height=\"1080\" srcset=\"https:\/\/revistaepocadigital.com.ar\/wp-content\/uploads\/2023\/11\/PHOTO-2023-11-22-10-06-37.jpg 1080w, https:\/\/revistaepocadigital.com.ar\/wp-content\/uploads\/2023\/11\/PHOTO-2023-11-22-10-06-37-300x300.jpg 300w, https:\/\/revistaepocadigital.com.ar\/wp-content\/uploads\/2023\/11\/PHOTO-2023-11-22-10-06-37-150x150.jpg 150w, https:\/\/revistaepocadigital.com.ar\/wp-content\/uploads\/2023\/11\/PHOTO-2023-11-22-10-06-37-768x768.jpg 768w, https:\/\/revistaepocadigital.com.ar\/wp-content\/uploads\/2023\/11\/PHOTO-2023-11-22-10-06-37-696x696.jpg 696w, https:\/\/revistaepocadigital.com.ar\/wp-content\/uploads\/2023\/11\/PHOTO-2023-11-22-10-06-37-1068x1068.jpg 1068w, https:\/\/revistaepocadigital.com.ar\/wp-content\/uploads\/2023\/11\/PHOTO-2023-11-22-10-06-37-420x420.jpg 420w, https:\/\/revistaepocadigital.com.ar\/wp-content\/uploads\/2023\/11\/PHOTO-2023-11-22-10-06-37-840x840.jpg 840w\" sizes=\"auto, (max-width: 1080px) 100vw, 1080px\" \/><\/p>\n","protected":false},"excerpt":{"rendered":"<p>AFILIADOS\/AS. SE REALIZ\u00d3 EL SORTEO. EL GANADOR ES DE CAPILLA DEL SE\u00d1OR.<\/p>\n","protected":false},"author":3,"featured_media":23185,"comment_status":"open","ping_status":"open","sticky":false,"template":"","format":"standard","meta":{"footnotes":"","jetpack_publicize_message":"","jetpack_publicize_feature_enabled":true,"jetpack_social_post_already_shared":true,"jetpack_social_options":{"image_generator_settings":{"template":"highway","default_image_id":0,"font":"","enabled":false},"version":2}},"categories":[151,13],"tags":[2545],"class_list":["post-23162","post","type-post","status-publish","format-standard","has-post-thumbnail","hentry","category-empleados-de-comercio","category-interes-general","tag-sindidato-sorteo"],"jetpack_publicize_connections":[],"jetpack_featured_media_url":"https:\/\/revistaepocadigital.com.ar\/wp-content\/uploads\/2023\/11\/sins-p.jpg","jetpack_likes_enabled":true,"_links":{"self":[{"href":"https:\/\/revistaepocadigital.com.ar\/index.php?rest_route=\/wp\/v2\/posts\/23162","targetHints":{"allow":["GET"]}}],"collection":[{"href":"https:\/\/revistaepocadigital.com.ar\/index.php?rest_route=\/wp\/v2\/posts"}],"about":[{"href":"https:\/\/revistaepocadigital.com.ar\/index.php?rest_route=\/wp\/v2\/types\/post"}],"author":[{"embeddable":true,"href":"https:\/\/revistaepocadigital.com.ar\/index.php?rest_route=\/wp\/v2\/users\/3"}],"replies":[{"embeddable":true,"href":"https:\/\/revistaepocadigital.com.ar\/index.php?rest_route=%2Fwp%2Fv2%2Fcomments&post=23162"}],"version-history":[{"count":0,"href":"https:\/\/revistaepocadigital.com.ar\/index.php?rest_route=\/wp\/v2\/posts\/23162\/revisions"}],"wp:featuredmedia":[{"embeddable":true,"href":"https:\/\/revistaepocadigital.com.ar\/index.php?rest_route=\/wp\/v2\/media\/23185"}],"wp:attachment":[{"href":"https:\/\/revistaepocadigital.com.ar\/index.php?rest_route=%2Fwp%2Fv2%2Fmedia&parent=23162"}],"wp:term":[{"taxonomy":"category","embeddable":true,"href":"https:\/\/revistaepocadigital.com.ar\/index.php?rest_route=%2Fwp%2Fv2%2Fcategories&post=23162"},{"taxonomy":"post_tag","embeddable":true,"href":"https:\/\/revistaepocadigital.com.ar\/index.php?rest_route=%2Fwp%2Fv2%2Ftags&post=23162"}],"curies":[{"name":"wp","href":"https:\/\/api.w.org\/{rel}","templated":true}]}}