{"id":23166,"date":"2023-11-25T13:19:30","date_gmt":"2023-11-25T16:19:30","guid":{"rendered":"https:\/\/revistaepocadigital.com.ar\/?p=23166"},"modified":"2023-11-25T13:25:46","modified_gmt":"2023-11-25T16:25:46","slug":"en-silencio-una-jugada-de-ajedrez-que-nadie-vio-venir-y-el-pacto-de-acassuso","status":"publish","type":"post","link":"https:\/\/revistaepocadigital.com.ar\/?p=23166","title":{"rendered":"EN SILENCIO. UNA JUGADA DE AJEDREZ QUE NADIE VIO VENIR Y EL &#8220;PACTO DE ACASSUSO&#8221;"},"content":{"rendered":"<div>\n<header class=\"r_BN D_F W_6D6F p_R P_Zjgzuf ir_0\" aria-label=\"Mensaje\">\n<div class=\"o_h D_F em_0 E_fq7 ek_BB\" data-test-id=\"address-info\"><\/div>\n<div class=\"D_F en_0 M_3gJOe A_6Eb4 c1AVi73_6EWk C_Z1VRqsb\" data-test-id=\"message-date\"><strong>\u00bfHABR\u00c1 SIDO AS\u00cd?<\/strong><\/div>\n<div class=\"D_F ab_CI en_0 H_6Fd5 W_6Fd5 lv_1IWXzk h_Z13pql2 h4_2d9T5e\"><\/div>\n<\/header>\n<\/div>\n<p><!--more--><\/p>\n<div data-test-id=\"message-body-container\">\n<div class=\"I_ZkbNhI D_FY W_6D6F\" data-test-id=\"message-view-body\">\n<div class=\"X_6MGW\"><\/div>\n<\/div>\n<\/div>\n<div>\n<p><img decoding=\"async\" class=\"css-9pa8cd\" draggable=\"true\" src=\"https:\/\/pbs.twimg.com\/profile_images\/1634995050680578049\/VJ_ptoOu_bigger.jpg\" alt=\"\" \/><\/p>\n<div class=\"css-1dbjc4n r-6gpygo r-14gqq1x\" data-testid=\"UserName\">\n<div class=\"css-1dbjc4n r-1wbh5a2 r-dnmrzs r-1ny4l3l\">\n<div class=\"css-1dbjc4n r-1wbh5a2 r-dnmrzs r-1ny4l3l\">\n<div class=\"css-1dbjc4n r-1wbh5a2 r-dnmrzs r-1ny4l3l\">\n<div class=\"css-1dbjc4n r-1awozwy r-18u37iz r-dnmrzs\">\n<div dir=\"ltr\">El posteo en la red social X (antes Twitter) de\u00a0<em><span class=\"css-901oao css-16my406 r-poiln3 r-bcqeeo r-qvutc0\">Gustavo Bruzo <\/span>@gabruzo<\/em><\/div>\n<\/div>\n<\/div>\n<\/div>\n<\/div>\n<div class=\"css-1dbjc4n r-1habvwh r-1wbh5a2 r-13hce6t r-14gqq1x\">\n<div class=\"css-1dbjc4n r-1habvwh r-18u37iz r-dnmrzs r-1ny4l3l\">\n<div class=\"css-901oao css-1hf3ou5 r-14j79pv r-1qd0xha r-a023e6 r-16dba41 r-rjixqe r-bcqeeo r-qvutc0\" dir=\"ltr\"><em><span class=\"css-901oao css-16my406 r-poiln3 r-bcqeeo r-qvutc0\">Un tipo simple de barrio Rebelde Cuervo CASLA <\/span><span class=\"r-18u37iz\"><a class=\"css-4rbku5 css-18t94o4 css-901oao css-16my406 r-1cvl2hr r-1loqt21 r-poiln3 r-bcqeeo r-1ny4l3l r-1ddef8g r-tjvw6i r-qvutc0\" dir=\"ltr\" role=\"link\" href=\"https:\/\/twitter.com\/search?q=%23SinJusticiaNoHayRep%C3%BAblica&amp;src=hashtag_click\">#SinJusticiaNoHayRep\u00fablica<\/a><\/span> <span class=\"r-18u37iz\"><a class=\"css-4rbku5 css-18t94o4 css-901oao css-16my406 r-1cvl2hr r-1loqt21 r-poiln3 r-bcqeeo r-qvutc0\" dir=\"ltr\" role=\"link\" href=\"https:\/\/twitter.com\/search?q=%23PRO&amp;src=hashtag_click\">#PRO<\/a><\/span><span class=\"css-901oao css-16my406 r-poiln3 r-bcqeeo r-qvutc0\"> Macrista (como indica su perfil en la red social X)<\/span><\/em><\/div>\n<\/div>\n<\/div>\n<\/div>\n<\/div>\n<div data-test-id=\"message-body-container\">\n<div class=\"I_ZkbNhI D_FY W_6D6F\" data-test-id=\"message-view-body\">\n<div class=\"msg-body P_wpofO mq_AS\" data-test-id=\"message-view-body-content\">\n<div class=\"jb_0 X_6MGW N_6Fd5\">\n<div>\n<div id=\"yiv9687397439\">\n<div style=\"text-align: center;\"><strong>&#8212;&#8212;&#8212;&#8212;&#8212;&#8212;&#8212;&#8211;<\/strong><\/div>\n<div>\n<div><\/div>\n<div>&#8220;<em>Nos remontamos a mediados de diciembre de 2022, es ah\u00ed cuando formalmente Macri y Milei tienen la primera reuni\u00f3n con vistas a las elecciones 2023, es ah\u00ed mismo donde el actual Presidente siente por primera vez que hab\u00eda una persona que hablaba en serio y no lo estaba usando.<\/em><\/div>\n<div><\/div>\n<div><em>El ex mandatario sab\u00eda fielmente \u00a0que dentro de sus filas hab\u00eda halcones y palomas, honestos y traidores y vio en Milei algo distinto que muchos no quisieron ver o no les conven\u00eda ver.\u00a0El acuerdo Macri &#8211; Milei, en secreto ya estaba en marcha y se empezaba a cocinar una campa\u00f1a donde todo val\u00eda.<\/em><\/div>\n<div><\/div>\n<div><em>Macri necesitaba implosionar parte del Pro y JxC para que quedaran expuestos quienes fueron y son los traidores, y Milei necesitaba un fuerte respaldo para despegarse de quienes lo empujaron a la pol\u00edtica, el propio kirchnerismo.<\/em><\/div>\n<div><\/div>\n<div><em>Nadie se olvida que el libertario se pase\u00f3 4 a\u00f1os por todos los canales de TV limando a Macri, lo que el libertario jam\u00e1s imagin\u00f3 es que iba a llegar donde lleg\u00f3, y es ah\u00ed donde toma verdadera conciencia de la magnitud del poder que estaba tomando sin dejar de mostrarse como era, un loco y agresivo.<\/em><\/div>\n<div><\/div>\n<div><em>Esa locura y agresividad era lo que quer\u00edan escuchar los j\u00f3venes a los cuales cautiv\u00f3 con sus discursos delirantes, pero la juventud que alcanza a casi un 30% en nuestro Pa\u00eds dijo basta, basta a la casta, basta a los mismos de siempre y si se tiene que pudrir todo, que se pudra.<\/em><\/div>\n<div><\/div>\n<div><em>Lleg\u00f3 el 22 de octubre y la La Libertad Avanza (LLA) logra pasar al ballotage manteniendo el piso de casi el 30% que hab\u00eda sacado en las PASO.\u00a0Ese mismo 22 de octubre, en el bunker de Juntos por el Cambio (JxC) explotaba la bomba que el mismo Macri hab\u00eda activado. Se terminaba una etapa de traidores que hab\u00edan pactado a espaldas con Sergio Massa.<\/em><\/div>\n<div><\/div>\n<div><em>Patricia Bullrich con dolor se dio cuenta que la hab\u00edan traicionado y ac\u00e1 es donde nace la verdadera historia.\u00a0Mientras Morales, Losteau, Carri\u00f3, Yacobitti, Massa, gran parte del kirchnerismo y otros festejaban lo que cre\u00edan hab\u00eda sido el final del Pro y JxC, se equivocaron, porque nunca se vieron venir lo que ya Macri hab\u00eda planificado.<\/em><\/div>\n<div><\/div>\n<div><em>La noche despu\u00e9s de las elecciones, Patricia no pudo dormir y siendo muy temprano, llam\u00f3 a Mauricio y le pidi\u00f3 una reuni\u00f3n de urgencia con Milei.\u00a0Nac\u00eda el &#8220;Pacto de Acassuso&#8221;.<\/em><\/div>\n<div><em>Ese mismo d\u00eda y en secreto, a \u00faltima hora de la noche la reuni\u00f3n comenzaba en la casa de Macri, nac\u00eda ah\u00ed el acuerdo para terminar de una vez y para siempre con el kirchnerismo.<\/em><\/div>\n<div><\/div>\n<div><em>Mientras el oficialismo apostaba a que Milei se pod\u00eda bajar del ballotage no supon\u00eda jam\u00e1s que el libertario ya hab\u00eda conseguido el respaldo que pod\u00eda poner en jaque al plan de continuidad del kirchnerismo.\u00a0Y as\u00ed fue, ya hab\u00eda nacido el &#8220;Pacto de Acassuso&#8221;, que fue un &#8220;jaque mate&#8221; para las filas traidoras del Pro y JxC, y para el propio kirchnerismo que hab\u00eda creado a quien cre\u00edan iban a usar como su &#8220;Caballo de Troya&#8221;.<\/em><\/div>\n<div><\/div>\n<div><em>Dejo en claro que no soy ni escritor ni periodista, pero humildemente trat\u00e9 de expresar lo que pas\u00f3&#8221;.<\/em><\/div>\n<div><\/div>\n<\/div>\n<\/div>\n<\/div>\n<\/div>\n<\/div>\n<\/div>\n<\/div>\n","protected":false},"excerpt":{"rendered":"<p>\u00bfHABR\u00c1 SIDO AS\u00cd?<\/p>\n","protected":false},"author":3,"featured_media":23212,"comment_status":"open","ping_status":"open","sticky":false,"template":"","format":"standard","meta":{"footnotes":"","jetpack_publicize_message":"","jetpack_publicize_feature_enabled":true,"jetpack_social_post_already_shared":true,"jetpack_social_options":{"image_generator_settings":{"template":"highway","default_image_id":0,"font":"","enabled":false},"version":2}},"categories":[13],"tags":[179,2548],"class_list":["post-23166","post","type-post","status-publish","format-standard","has-post-thumbnail","hentry","category-interes-general","tag-politica","tag-posteo-en-x"],"jetpack_publicize_connections":[],"jetpack_featured_media_url":"https:\/\/revistaepocadigital.com.ar\/wp-content\/uploads\/2023\/11\/macri-y-milei.jpeg","jetpack_likes_enabled":true,"_links":{"self":[{"href":"https:\/\/revistaepocadigital.com.ar\/index.php?rest_route=\/wp\/v2\/posts\/23166","targetHints":{"allow":["GET"]}}],"collection":[{"href":"https:\/\/revistaepocadigital.com.ar\/index.php?rest_route=\/wp\/v2\/posts"}],"about":[{"href":"https:\/\/revistaepocadigital.com.ar\/index.php?rest_route=\/wp\/v2\/types\/post"}],"author":[{"embeddable":true,"href":"https:\/\/revistaepocadigital.com.ar\/index.php?rest_route=\/wp\/v2\/users\/3"}],"replies":[{"embeddable":true,"href":"https:\/\/revistaepocadigital.com.ar\/index.php?rest_route=%2Fwp%2Fv2%2Fcomments&post=23166"}],"version-history":[{"count":0,"href":"https:\/\/revistaepocadigital.com.ar\/index.php?rest_route=\/wp\/v2\/posts\/23166\/revisions"}],"wp:featuredmedia":[{"embeddable":true,"href":"https:\/\/revistaepocadigital.com.ar\/index.php?rest_route=\/wp\/v2\/media\/23212"}],"wp:attachment":[{"href":"https:\/\/revistaepocadigital.com.ar\/index.php?rest_route=%2Fwp%2Fv2%2Fmedia&parent=23166"}],"wp:term":[{"taxonomy":"category","embeddable":true,"href":"https:\/\/revistaepocadigital.com.ar\/index.php?rest_route=%2Fwp%2Fv2%2Fcategories&post=23166"},{"taxonomy":"post_tag","embeddable":true,"href":"https:\/\/revistaepocadigital.com.ar\/index.php?rest_route=%2Fwp%2Fv2%2Ftags&post=23166"}],"curies":[{"name":"wp","href":"https:\/\/api.w.org\/{rel}","templated":true}]}}