{"id":2317,"date":"2019-05-08T23:06:22","date_gmt":"2019-05-09T02:06:22","guid":{"rendered":"https:\/\/revistaepocadigital.com.ar\/?p=2317"},"modified":"2019-05-08T23:06:22","modified_gmt":"2019-05-09T02:06:22","slug":"los-programas-en-tu-barrio","status":"publish","type":"post","link":"https:\/\/revistaepocadigital.com.ar\/?p=2317","title":{"rendered":"Los Programas en tu Barrio"},"content":{"rendered":"<p><strong>EN TODO EL DISTRITO.<\/strong><!--more--><\/p>\n<p>Tuvo lugar la primera Jornada Comunitaria en <strong>Parada Robles<\/strong>, asistieron funcionarios municipales entre otros el secretario de gobierno Diego Nanni y la secretaria de desarrollo humano y social Vanesa Russo. <strong>&#8220;Los Programas en Tu Barrio&#8221;<\/strong> tienen como objetivo promover el acceso de la poblaci\u00f3n a los programas sociales que el municipio ofrece.<\/p>\n<p>Distintos profesionales brindaron asesoramiento y explicaron el funcionamiento de dichos programas (Adicciones, PLan m\u00e1s Vida, Un Vaso de Leche por d\u00eda, Pensiones, Discapacidad, entre otros), y el M\u00f3vil Sanitario de Atenci\u00f3n Primaria atendi\u00f3 a familias y vacun\u00f3 a quienes lo necesitaban. Adem\u00e1s, la Direcci\u00f3n de Juventud ofreci\u00f3 muestras de talleres, el Centro de Apoyo Vecinal brind\u00f3 informaci\u00f3n sobre el Basapp y RCP.<\/p>\n<p><img loading=\"lazy\" decoding=\"async\" class=\"aligncenter size-full wp-image-2321\" src=\"https:\/\/revistaepocadigital.com.ar\/wp-content\/uploads\/2019\/05\/sanitario.jpg\" alt=\"\" width=\"960\" height=\"720\" srcset=\"https:\/\/revistaepocadigital.com.ar\/wp-content\/uploads\/2019\/05\/sanitario.jpg 960w, https:\/\/revistaepocadigital.com.ar\/wp-content\/uploads\/2019\/05\/sanitario-300x225.jpg 300w, https:\/\/revistaepocadigital.com.ar\/wp-content\/uploads\/2019\/05\/sanitario-768x576.jpg 768w, https:\/\/revistaepocadigital.com.ar\/wp-content\/uploads\/2019\/05\/sanitario-80x60.jpg 80w, https:\/\/revistaepocadigital.com.ar\/wp-content\/uploads\/2019\/05\/sanitario-160x120.jpg 160w, https:\/\/revistaepocadigital.com.ar\/wp-content\/uploads\/2019\/05\/sanitario-265x198.jpg 265w, https:\/\/revistaepocadigital.com.ar\/wp-content\/uploads\/2019\/05\/sanitario-696x522.jpg 696w, https:\/\/revistaepocadigital.com.ar\/wp-content\/uploads\/2019\/05\/sanitario-560x420.jpg 560w\" sizes=\"auto, (max-width: 960px) 100vw, 960px\" \/><\/p>\n<p>Este es el <strong>cronograma<\/strong> donde prosegu\u00eda el programa:<\/p>\n<p>Plaza de Diego Gaynor S\u00e1bado 18 de mayo 11 a 15hs.<\/p>\n<p>Arroyo de la Cruz, plaza. S\u00e1bado 8 de junio 11 a 16 hs.<\/p>\n<p>Plaza de Pav\u00f3n (cerca de la delegaci\u00f3n) S\u00e1bado 29 de junio 11 a 15 hs.<\/p>\n<p>Sociedad de fomento Carlos Leeme S\u00e1bado 13 de julio 11 a 15 hs.<\/p>\n<p>Plaza de San Jos\u00e9 de Tala, Los Cardales S\u00e1bado 27 de julio<\/p>\n<p>Los Cardales S\u00e1bado 10 de agosto (terreno)<\/p>\n<p>Plaza del B\u00b0 Mar\u00edn, Capilla del Se\u00f1or S\u00e1bado 24 de agosto<\/p>\n<p>Sede de Envi\u00f3n de Capilla del Se\u00f1or S\u00e1bado 7 de septiembre.<\/p>\n<p>Puente fierro (terreno al lado de los de Pocha) S\u00e1bado 5 de octubre<\/p>\n<p>Fotos: prensa municipalidad.<\/p>\n","protected":false},"excerpt":{"rendered":"<p>EN TODO EL DISTRITO.<\/p>\n","protected":false},"author":4,"featured_media":2320,"comment_status":"open","ping_status":"open","sticky":false,"template":"","format":"standard","meta":{"footnotes":"","jetpack_publicize_message":"","jetpack_publicize_feature_enabled":true,"jetpack_social_post_already_shared":false,"jetpack_social_options":{"image_generator_settings":{"template":"highway","default_image_id":0,"font":"","enabled":false},"version":2}},"categories":[6,13],"tags":[323],"class_list":["post-2317","post","type-post","status-publish","format-standard","has-post-thumbnail","hentry","category-barrios","category-interes-general","tag-programa"],"jetpack_publicize_connections":[],"jetpack_featured_media_url":"https:\/\/revistaepocadigital.com.ar\/wp-content\/uploads\/2019\/05\/nan.jpg","jetpack_likes_enabled":true,"_links":{"self":[{"href":"https:\/\/revistaepocadigital.com.ar\/index.php?rest_route=\/wp\/v2\/posts\/2317","targetHints":{"allow":["GET"]}}],"collection":[{"href":"https:\/\/revistaepocadigital.com.ar\/index.php?rest_route=\/wp\/v2\/posts"}],"about":[{"href":"https:\/\/revistaepocadigital.com.ar\/index.php?rest_route=\/wp\/v2\/types\/post"}],"author":[{"embeddable":true,"href":"https:\/\/revistaepocadigital.com.ar\/index.php?rest_route=\/wp\/v2\/users\/4"}],"replies":[{"embeddable":true,"href":"https:\/\/revistaepocadigital.com.ar\/index.php?rest_route=%2Fwp%2Fv2%2Fcomments&post=2317"}],"version-history":[{"count":0,"href":"https:\/\/revistaepocadigital.com.ar\/index.php?rest_route=\/wp\/v2\/posts\/2317\/revisions"}],"wp:featuredmedia":[{"embeddable":true,"href":"https:\/\/revistaepocadigital.com.ar\/index.php?rest_route=\/wp\/v2\/media\/2320"}],"wp:attachment":[{"href":"https:\/\/revistaepocadigital.com.ar\/index.php?rest_route=%2Fwp%2Fv2%2Fmedia&parent=2317"}],"wp:term":[{"taxonomy":"category","embeddable":true,"href":"https:\/\/revistaepocadigital.com.ar\/index.php?rest_route=%2Fwp%2Fv2%2Fcategories&post=2317"},{"taxonomy":"post_tag","embeddable":true,"href":"https:\/\/revistaepocadigital.com.ar\/index.php?rest_route=%2Fwp%2Fv2%2Ftags&post=2317"}],"curies":[{"name":"wp","href":"https:\/\/api.w.org\/{rel}","templated":true}]}}