{"id":23171,"date":"2023-11-23T16:30:03","date_gmt":"2023-11-23T19:30:03","guid":{"rendered":"https:\/\/revistaepocadigital.com.ar\/?p=23171"},"modified":"2023-11-26T15:14:55","modified_gmt":"2023-11-26T18:14:55","slug":"rene-gigena-en-el-recuerdo-permanente","status":"publish","type":"post","link":"https:\/\/revistaepocadigital.com.ar\/?p=23171","title":{"rendered":"Ren\u00e9 Gigena en el recuerdo permanente"},"content":{"rendered":"<p><strong>EL PASADO 16 DE NOVIEMBRE.<\/strong><!--more--><\/p>\n<p>Hubiera cumplido 70 a\u00f1os un entra\u00f1able capillense como lo fue <strong>Ren\u00e9 Gigena.<\/strong><\/p>\n<figure id=\"attachment_23178\" aria-describedby=\"caption-attachment-23178\" style=\"width: 464px\" class=\"wp-caption aligncenter\"><img loading=\"lazy\" decoding=\"async\" class=\"size-full wp-image-23178\" src=\"https:\/\/revistaepocadigital.com.ar\/wp-content\/uploads\/2023\/11\/rene-gig-1.jpg\" alt=\"\" width=\"464\" height=\"352\" srcset=\"https:\/\/revistaepocadigital.com.ar\/wp-content\/uploads\/2023\/11\/rene-gig-1.jpg 464w, https:\/\/revistaepocadigital.com.ar\/wp-content\/uploads\/2023\/11\/rene-gig-1-300x228.jpg 300w, https:\/\/revistaepocadigital.com.ar\/wp-content\/uploads\/2023\/11\/rene-gig-1-80x60.jpg 80w, https:\/\/revistaepocadigital.com.ar\/wp-content\/uploads\/2023\/11\/rene-gig-1-160x120.jpg 160w\" sizes=\"auto, (max-width: 464px) 100vw, 464px\" \/><figcaption id=\"caption-attachment-23178\" class=\"wp-caption-text\">El recordado Ren\u00e9, junto a su esposa Carlota Taverna y en brazos, Alejandro de ni\u00f1o; junto a Rosario hijos del matrimonio.<\/figcaption><\/figure>\n<p>Tan recordado gran compa\u00f1ero de la primaria en la Escuela 1, un pibe sencillo, humilde con una inteligencia de aquellas. Y como muchos que har\u00e1n memoria, un excepcional jugador de f\u00fatbol, heredando y acaso superando las brillantes condiciones de Rosa Gigena, su tambi\u00e9n fallecido padre. Amantes del f\u00fatbol,\u00a0 apasionados por San Lorenzo.<\/p>\n","protected":false},"excerpt":{"rendered":"<p>EL PASADO 16 DE NOVIEMBRE.<\/p>\n","protected":false},"author":4,"featured_media":23183,"comment_status":"open","ping_status":"open","sticky":false,"template":"","format":"standard","meta":{"footnotes":"","jetpack_publicize_message":"","jetpack_publicize_feature_enabled":true,"jetpack_social_post_already_shared":true,"jetpack_social_options":{"image_generator_settings":{"template":"highway","default_image_id":0,"font":"","enabled":false},"version":2}},"categories":[14],"tags":[2546],"class_list":["post-23171","post","type-post","status-publish","format-standard","has-post-thumbnail","hentry","category-la-gente","tag-rene-gigena"],"jetpack_publicize_connections":[],"jetpack_featured_media_url":"https:\/\/revistaepocadigital.com.ar\/wp-content\/uploads\/2023\/11\/rene-gigena-bb.jpg","jetpack_likes_enabled":true,"_links":{"self":[{"href":"https:\/\/revistaepocadigital.com.ar\/index.php?rest_route=\/wp\/v2\/posts\/23171","targetHints":{"allow":["GET"]}}],"collection":[{"href":"https:\/\/revistaepocadigital.com.ar\/index.php?rest_route=\/wp\/v2\/posts"}],"about":[{"href":"https:\/\/revistaepocadigital.com.ar\/index.php?rest_route=\/wp\/v2\/types\/post"}],"author":[{"embeddable":true,"href":"https:\/\/revistaepocadigital.com.ar\/index.php?rest_route=\/wp\/v2\/users\/4"}],"replies":[{"embeddable":true,"href":"https:\/\/revistaepocadigital.com.ar\/index.php?rest_route=%2Fwp%2Fv2%2Fcomments&post=23171"}],"version-history":[{"count":0,"href":"https:\/\/revistaepocadigital.com.ar\/index.php?rest_route=\/wp\/v2\/posts\/23171\/revisions"}],"wp:featuredmedia":[{"embeddable":true,"href":"https:\/\/revistaepocadigital.com.ar\/index.php?rest_route=\/wp\/v2\/media\/23183"}],"wp:attachment":[{"href":"https:\/\/revistaepocadigital.com.ar\/index.php?rest_route=%2Fwp%2Fv2%2Fmedia&parent=23171"}],"wp:term":[{"taxonomy":"category","embeddable":true,"href":"https:\/\/revistaepocadigital.com.ar\/index.php?rest_route=%2Fwp%2Fv2%2Fcategories&post=23171"},{"taxonomy":"post_tag","embeddable":true,"href":"https:\/\/revistaepocadigital.com.ar\/index.php?rest_route=%2Fwp%2Fv2%2Ftags&post=23171"}],"curies":[{"name":"wp","href":"https:\/\/api.w.org\/{rel}","templated":true}]}}