{"id":23190,"date":"2023-11-24T02:13:53","date_gmt":"2023-11-24T05:13:53","guid":{"rendered":"https:\/\/revistaepocadigital.com.ar\/?p=23190"},"modified":"2023-11-24T02:13:53","modified_gmt":"2023-11-24T05:13:53","slug":"el-proximo-lunes-27-las-oficinas-de-anses-permaneceran-cerradas","status":"publish","type":"post","link":"https:\/\/revistaepocadigital.com.ar\/?p=23190","title":{"rendered":"EL PR\u00d3XIMO LUNES 27 LAS OFICINAS DE ANSES PERMANECER\u00c1N CERRADAS"},"content":{"rendered":"<p><strong>D\u00eda de los trabajadores previsionales argentinos.<\/strong><!--more--><\/p>\n<p>ANSES inform\u00f3 que el pr\u00f3ximo lunes 27 de noviembre sus oficinas permanecer\u00e1n cerradas al p\u00fablico por conmemorarse el D\u00eda de los trabajadores previsionales argentinos. En tanto, el martes 28 abrir\u00e1n con total normalidad.<\/p>\n<p>Asimismo, el organismo previsional recuerda que se pueden gestionar consultas y realizar tr\u00e1mites durante las 24 horas, los 365 d\u00edas del a\u00f1o, desde su sitio web www.anses.gob.ar.<\/p>\n<p>El 28 de octubre de 2009 se sancion\u00f3 la Ley N\u00b0 26.533, que declara al 27 de noviembre como el D\u00eda del Trabajador Previsional Argentino, en conmemoraci\u00f3n a la creaci\u00f3n de la Secretar\u00eda de Trabajo y Previsi\u00f3n de la Naci\u00f3n en 1943.<\/p>\n","protected":false},"excerpt":{"rendered":"<p>D\u00eda de los trabajadores previsionales argentinos.<\/p>\n","protected":false},"author":3,"featured_media":23191,"comment_status":"open","ping_status":"open","sticky":false,"template":"","format":"standard","meta":{"footnotes":"","jetpack_publicize_message":"","jetpack_publicize_feature_enabled":true,"jetpack_social_post_already_shared":true,"jetpack_social_options":{"image_generator_settings":{"template":"highway","default_image_id":0,"font":"","enabled":false},"version":2}},"categories":[81],"tags":[21],"class_list":["post-23190","post","type-post","status-publish","format-standard","has-post-thumbnail","hentry","category-anses","tag-anses"],"jetpack_publicize_connections":[],"jetpack_featured_media_url":"https:\/\/revistaepocadigital.com.ar\/wp-content\/uploads\/2023\/11\/trabajadpr-previ.webp","jetpack_likes_enabled":true,"_links":{"self":[{"href":"https:\/\/revistaepocadigital.com.ar\/index.php?rest_route=\/wp\/v2\/posts\/23190","targetHints":{"allow":["GET"]}}],"collection":[{"href":"https:\/\/revistaepocadigital.com.ar\/index.php?rest_route=\/wp\/v2\/posts"}],"about":[{"href":"https:\/\/revistaepocadigital.com.ar\/index.php?rest_route=\/wp\/v2\/types\/post"}],"author":[{"embeddable":true,"href":"https:\/\/revistaepocadigital.com.ar\/index.php?rest_route=\/wp\/v2\/users\/3"}],"replies":[{"embeddable":true,"href":"https:\/\/revistaepocadigital.com.ar\/index.php?rest_route=%2Fwp%2Fv2%2Fcomments&post=23190"}],"version-history":[{"count":0,"href":"https:\/\/revistaepocadigital.com.ar\/index.php?rest_route=\/wp\/v2\/posts\/23190\/revisions"}],"wp:featuredmedia":[{"embeddable":true,"href":"https:\/\/revistaepocadigital.com.ar\/index.php?rest_route=\/wp\/v2\/media\/23191"}],"wp:attachment":[{"href":"https:\/\/revistaepocadigital.com.ar\/index.php?rest_route=%2Fwp%2Fv2%2Fmedia&parent=23190"}],"wp:term":[{"taxonomy":"category","embeddable":true,"href":"https:\/\/revistaepocadigital.com.ar\/index.php?rest_route=%2Fwp%2Fv2%2Fcategories&post=23190"},{"taxonomy":"post_tag","embeddable":true,"href":"https:\/\/revistaepocadigital.com.ar\/index.php?rest_route=%2Fwp%2Fv2%2Ftags&post=23190"}],"curies":[{"name":"wp","href":"https:\/\/api.w.org\/{rel}","templated":true}]}}