{"id":23193,"date":"2023-11-24T09:10:31","date_gmt":"2023-11-24T12:10:31","guid":{"rendered":"https:\/\/revistaepocadigital.com.ar\/?p=23193"},"modified":"2023-11-29T12:54:27","modified_gmt":"2023-11-29T15:54:27","slug":"asamblea-general-en-el-centro-de-jubilados-y-pensionados-no-me-olvides","status":"publish","type":"post","link":"https:\/\/revistaepocadigital.com.ar\/?p=23193","title":{"rendered":"Asamblea General en el Centro de Jubilados y Pensionados &#8220;No me Olvides&#8221; de Parada Robles"},"content":{"rendered":"<p><strong>CONVOCATORIA A ASAMBLEA GENERAL.<\/strong><\/p>\n<p><!--more--><\/p>\n<p>Exaltaci\u00f3n de la Cruz, 21 de noviembre de 2023.<\/p>\n<p>&nbsp;<\/p>\n<p><strong>CENTRO DE JUBILADOS Y PENSIONADOS DE LA TERCERA EDAD<\/strong><\/p>\n<p><strong>\u201cNOMEOLVIDES\u201d DE LA LOCALIDAD DE PARADA ROBLES<\/strong><\/p>\n<p>&nbsp;<\/p>\n<p>En mi condici\u00f3n de presidenta del mismo, se convoca a Asamblea General Ordinaria a Comisi\u00f3n y Socios para el d\u00eda 20 de diciembre de 2023 a las 17 horas en nuestras instalaciones, ubicadas en Boulevard Central 253, Parada Robles, para tratar la renovaci\u00f3n de la Comisi\u00f3n Directiva y Comisi\u00f3n Revisora de Cuentas seg\u00fan lo marca nuestro Estatuto.<\/p>\n<p>Se ruega concurrir para culminar con los tr\u00e1mites pertinentes.<\/p>\n<p>Desde ya muchas gracias.<\/p>\n<p>MARIA VICTORIA RIVERO<\/p>\n<p>DNI 6161957<\/p>\n<p>PRESIDENTA<\/p>\n","protected":false},"excerpt":{"rendered":"<p>CONVOCATORIA A ASAMBLEA GENERAL.<\/p>\n","protected":false},"author":3,"featured_media":0,"comment_status":"open","ping_status":"open","sticky":false,"template":"","format":"standard","meta":{"footnotes":"","jetpack_publicize_message":"","jetpack_publicize_feature_enabled":true,"jetpack_social_post_already_shared":true,"jetpack_social_options":{"image_generator_settings":{"template":"highway","default_image_id":0,"font":"","enabled":false},"version":2}},"categories":[13],"tags":[237,2552],"class_list":["post-23193","post","type-post","status-publish","format-standard","hentry","category-interes-general","tag-asamblea","tag-jubilados-robles"],"jetpack_publicize_connections":[],"jetpack_featured_media_url":"","jetpack_likes_enabled":true,"_links":{"self":[{"href":"https:\/\/revistaepocadigital.com.ar\/index.php?rest_route=\/wp\/v2\/posts\/23193","targetHints":{"allow":["GET"]}}],"collection":[{"href":"https:\/\/revistaepocadigital.com.ar\/index.php?rest_route=\/wp\/v2\/posts"}],"about":[{"href":"https:\/\/revistaepocadigital.com.ar\/index.php?rest_route=\/wp\/v2\/types\/post"}],"author":[{"embeddable":true,"href":"https:\/\/revistaepocadigital.com.ar\/index.php?rest_route=\/wp\/v2\/users\/3"}],"replies":[{"embeddable":true,"href":"https:\/\/revistaepocadigital.com.ar\/index.php?rest_route=%2Fwp%2Fv2%2Fcomments&post=23193"}],"version-history":[{"count":0,"href":"https:\/\/revistaepocadigital.com.ar\/index.php?rest_route=\/wp\/v2\/posts\/23193\/revisions"}],"wp:attachment":[{"href":"https:\/\/revistaepocadigital.com.ar\/index.php?rest_route=%2Fwp%2Fv2%2Fmedia&parent=23193"}],"wp:term":[{"taxonomy":"category","embeddable":true,"href":"https:\/\/revistaepocadigital.com.ar\/index.php?rest_route=%2Fwp%2Fv2%2Fcategories&post=23193"},{"taxonomy":"post_tag","embeddable":true,"href":"https:\/\/revistaepocadigital.com.ar\/index.php?rest_route=%2Fwp%2Fv2%2Ftags&post=23193"}],"curies":[{"name":"wp","href":"https:\/\/api.w.org\/{rel}","templated":true}]}}