{"id":23198,"date":"2023-11-25T12:29:34","date_gmt":"2023-11-25T15:29:34","guid":{"rendered":"https:\/\/revistaepocadigital.com.ar\/?p=23198"},"modified":"2023-11-25T15:32:09","modified_gmt":"2023-11-25T18:32:09","slug":"milei-presidente-cronica-de-una-victoria-no-anunciada","status":"publish","type":"post","link":"https:\/\/revistaepocadigital.com.ar\/?p=23198","title":{"rendered":"Milei presidente. Cr\u00f3nica de una victoria no anunciada"},"content":{"rendered":"<div class=\"I_ZkbNhI D_FY W_6D6F\" data-test-id=\"message-view-body\">\n<div class=\"msg-body P_wpofO mq_AS\" data-test-id=\"message-view-body-content\">\n<div class=\"jb_0 X_6MGW N_6Fd5\">\n<div dir=\"ltr\"><strong>EL PA\u00cdS, EL DISTRITO DE EXALTACI\u00d3N DE LA CRUZ, DESPU\u00c9S DEL BALOTAJE QUE CAMBI\u00d3 LA HISTORIA. LA VISI\u00d3N DE DENISA VER\u00d3N.<\/strong><\/div>\n<\/div>\n<\/div>\n<\/div>\n<p><!--more--><\/p>\n<div dir=\"ltr\"><\/div>\n<div dir=\"ltr\">El 55% de los argentinos eligieron a<strong> Javier Milei<\/strong> como nuevo presidente. Lo aguarda desde el sill\u00f3n de Rivadavia, un desaf\u00edo enorme, gigante, desafiante\u00a0 y sumamente complejo en un pa\u00eds repleto de carencias y severos problemas.<\/div>\n<p><!--more--><\/p>\n<div dir=\"ltr\"><\/div>\n<div dir=\"ltr\"><strong>Denisa Ver\u00f3n &#8211; Concejal Electa &#8211; Coordinadora de La Libertad Avanza en Exaltaci\u00f3n de la Cruz,<\/strong> de relevante participaci\u00f3n en el proceso electoral en el distrito Cruz, transmite en esta columna opini\u00f3n sus sensaciones luego de la hist\u00f3rica victoria electoral:<\/div>\n<div dir=\"ltr\"><\/div>\n<p><!--more--><\/p>\n<div class=\"I_ZkbNhI D_FY W_6D6F\" data-test-id=\"message-view-body\">\n<div class=\"msg-body P_wpofO mq_AS\" data-test-id=\"message-view-body-content\">\n<div class=\"jb_0 X_6MGW N_6Fd5\">\n<div dir=\"ltr\"><\/div>\n<div dir=\"ltr\"><em>&#8220;Presentimos el domingo del balotaje algo, cuando los resultados de algunas mesas empezaron a asomar en grupos de WhatsApp; nuestros fiscales comenzaron a reportarnos que en todas las mesas hab\u00eda pasado algo muy parecido. Mensajes de conocidos en distritos vecinos nos dec\u00edan lo mismo: \u201cac\u00e1 tambi\u00e9n esta ganando\u201d.\u00a0Era temprano a\u00fan, y no quer\u00edamos ilusionarnos, pero guardamos una cautelosa esperanza.<\/em><\/div>\n<\/div>\n<\/div>\n<\/div>\n<div dir=\"ltr\"><\/div>\n<div dir=\"ltr\">\n<figure id=\"attachment_23205\" aria-describedby=\"caption-attachment-23205\" style=\"width: 462px\" class=\"wp-caption aligncenter\"><img loading=\"lazy\" decoding=\"async\" class=\"size-full wp-image-23205\" src=\"https:\/\/revistaepocadigital.com.ar\/wp-content\/uploads\/2023\/11\/VERON-23-1.jpg\" alt=\"\" width=\"462\" height=\"236\" srcset=\"https:\/\/revistaepocadigital.com.ar\/wp-content\/uploads\/2023\/11\/VERON-23-1.jpg 462w, https:\/\/revistaepocadigital.com.ar\/wp-content\/uploads\/2023\/11\/VERON-23-1-300x153.jpg 300w\" sizes=\"auto, (max-width: 462px) 100vw, 462px\" \/><figcaption id=\"caption-attachment-23205\" class=\"wp-caption-text\">Ver\u00f3n junto a otro integrante de La Libertad Avanza, en la noche luego de cerrado el comicio por el balotaje, en la delegaci\u00f3n del Correo Argentino en Capilla del Se\u00f1or, verificando las urnas. Una tarea clave.<\/figcaption><\/figure>\n<\/div>\n<div dir=\"ltr\"><\/div>\n<p><!--more--><\/p>\n<div class=\"I_ZkbNhI D_FY W_6D6F\" data-test-id=\"message-view-body\">\n<div class=\"msg-body P_wpofO mq_AS\" data-test-id=\"message-view-body-content\">\n<div class=\"jb_0 X_6MGW N_6Fd5\">\n<div dir=\"ltr\"><em>Poco despu\u00e9s de las 20 horas no hab\u00eda datos oficiales, solo rumores. En las transmisiones de los grandes medios a trav\u00e9s de sus plataformas mencionaron que el Ministro de Econom\u00eda y candidato a presidente Sergio Massa, estaba a punto de hablar y mientras nos prepar\u00e1bamos para ir al correo a fiscalizar la carga de los telegramas, decidimos retrasar la salida para escuchar todos juntos:<\/em><\/div>\n<div dir=\"ltr\"><\/div>\n<div dir=\"ltr\"><em>\u201c\u2026 Los resultados no son lo que esper\u00e1bamos, y me comuniqu\u00e9 con Javier Milei para felicitarlo porque es el presidente que eligi\u00f3 la mayor\u00eda de los argentinos\u2026\u201d. No pod\u00eda haber error, Massa reconoc\u00eda su derrota, y de ah\u00ed en m\u00e1s ya nada nos importaba. JAVIER MILEI era nuestro pr\u00f3ximo PRESIDENTE.<!--more--><\/em><\/div>\n<div dir=\"ltr\"><\/div>\n<div dir=\"ltr\"><em><strong>Parece un relato cargado de \u00e9pica, y ciertamente lo sentimos as\u00ed, fue \u00e9pico para nosotros.<\/strong> Desde un comienzo nos tomamos nuestra participaci\u00f3n con mucha seriedad. Sab\u00edamos que en frente aparec\u00eda una batalla dur\u00edsima, que poco m\u00e1s de 100.000 fiscales, \u00edbamos a dar una<strong> pelea desigual contra un aparato monstruoso de millones de personas con millones de recursos.<\/strong> \u00c9ramos pocos comparados contra ellos, pero como nos gusta decir: \u201cel resultado de la batalla no depende de la cantidad de soldados sino de las fuerzas que vienen del cielo\u201d.<\/em><\/div>\n<\/div>\n<\/div>\n<\/div>\n<p>&nbsp;<\/p>\n<p><!--more--><\/p>\n<div dir=\"ltr\"><\/div>\n<div dir=\"ltr\">\n<figure id=\"attachment_23207\" aria-describedby=\"caption-attachment-23207\" style=\"width: 478px\" class=\"wp-caption aligncenter\"><img loading=\"lazy\" decoding=\"async\" class=\"size-full wp-image-23207\" src=\"https:\/\/revistaepocadigital.com.ar\/wp-content\/uploads\/2023\/11\/VERON-2.jpg\" alt=\"\" width=\"478\" height=\"328\" srcset=\"https:\/\/revistaepocadigital.com.ar\/wp-content\/uploads\/2023\/11\/VERON-2.jpg 478w, https:\/\/revistaepocadigital.com.ar\/wp-content\/uploads\/2023\/11\/VERON-2-300x206.jpg 300w, https:\/\/revistaepocadigital.com.ar\/wp-content\/uploads\/2023\/11\/VERON-2-100x70.jpg 100w, https:\/\/revistaepocadigital.com.ar\/wp-content\/uploads\/2023\/11\/VERON-2-218x150.jpg 218w, https:\/\/revistaepocadigital.com.ar\/wp-content\/uploads\/2023\/11\/VERON-2-436x300.jpg 436w\" sizes=\"auto, (max-width: 478px) 100vw, 478px\" \/><figcaption id=\"caption-attachment-23207\" class=\"wp-caption-text\">Conocido el resultado electoral, el festejo junto a representantes de Juntos por el Cambio en la Plaza San Mart\u00edn de Capilla del Se\u00f1or.<\/figcaption><\/figure>\n<\/div>\n<div class=\"I_ZkbNhI D_FY W_6D6F\" data-test-id=\"message-view-body\">\n<div class=\"msg-body P_wpofO mq_AS\" data-test-id=\"message-view-body-content\">\n<div class=\"jb_0 X_6MGW N_6Fd5\">\n<div dir=\"ltr\"><\/div>\n<div dir=\"ltr\"><em><strong>No ten\u00edamos aparato y contamos con pocos recursos,<\/strong> recorrimos cientos de kil\u00f3metros para buscar boletas y repartirlas en los diferentes puntos de Exaltaci\u00f3n de la Cruz. Compramos viandas, fotocopiamos padrones, nosotros mismos cocinamos hasta tarde en noches, para que a nuestro &#8220;ej\u00e9rcito&#8221; no le faltara nada. Fueron d\u00edas y semanas de regresar a casa cuando nuestros hijos dorm\u00edan. Pero lo hicimos por ellos, porque aunque perdi\u00e9ramos, \u00edbamos a encontrar la paz de mirarlos a los ojos cuando nos preguntaran QUE HICIMOS NOSOTROS MIENTRAS ELLOS SE ROBABAN EL DESTINO DE NUESTRO PA\u00cdS. El deseo ferviente era contar sobre ese d\u00eda en que <strong>dejamos todo para proteger a la patria. Ganamos, y cost\u00f3 mucho, mucho; aprendimos equivoc\u00e1ndonos, pero la gran mayor\u00eda del pueblo nos respald\u00f3.<!--more--><\/strong><\/em><\/div>\n<div dir=\"ltr\"><\/div>\n<div dir=\"ltr\"><em>Contamos con la ayuda de Juntos por el Cambio encabezado por Ra\u00fal Sancho; nos hab\u00edamos quedado sin local partidario, porque <strong>decid\u00ed desvincular a Alejandro Marcus.<\/strong><strong>Fue cuando abiertamente nos expres\u00f3 que no iba a aceptar la ayuda de Sancho, porque simplemente lo \u201codiaba\u201d; y que aparentemente prefer\u00eda jugar para Massa a nivel municipal,<\/strong> en vez de buscar el bien supremo y alinearse al ejemplo de Javier Milei, el presidente electo. Resolvi\u00f3 hacer t\u00e1bula rasa y olvidar todo lo que hab\u00eda pasado en los \u00faltimos tiempos. <strong>Marcus puso por delante del bien com\u00fan sus cuestiones personales, y eso no es lo que un l\u00edder o referente debe hacer<\/strong>. <strong>Tal muestra de ego\u00edsmo sumado a su expresa intenci\u00f3n de entregarle la presidencia del Concejo Deliberante al intendente Diego Nanni,<\/strong> me llev\u00f3 a constatar que a veces es mejor aceptar la equivocaci\u00f3n, y remediarla los antes posible. Aprendimos, aprend\u00ed.<!--more--><\/em><\/div>\n<div dir=\"ltr\"><\/div>\n<div dir=\"ltr\"><em>Juntos por el Cambio nos facilit\u00f3 sus instalaciones y una gran cantidad de fiscales, su aporte fue mas que relevante. <strong>Ellos tambi\u00e9n decidieron seguir el ejemplo de su l\u00edder Patricia Bullrich,<\/strong> y olvidar todo lo que se dijo en el contexto de una campa\u00f1a dura. Eso era lo que todos esper\u00e1bamos de dos l\u00edderes maduros y serios. La Argentina por delante de todo.<!--more--><\/em><\/div>\n<div dir=\"ltr\"><\/div>\n<div dir=\"ltr\"><em>Hoy estoy m\u00e1s tranquila, feliz por lo que con golpes y tumbos se pudo conseguir, Javier Milei es el presidente electo, y junto a mi equipo de referentes y fiscales form\u00e9 parte de un proceso hist\u00f3rico.<!--more--><\/em><\/div>\n<div dir=\"ltr\"><\/div>\n<div dir=\"ltr\"><em>Ahora esperan nuevos rumbos, <strong>sabemos que vamos a navegar<\/strong> por mares inquietos y aguas agitadas.<strong> Estamos convencidos de estar en el lado correcto<\/strong>, y cada vez que apoyamos la cabeza en la almohada, sabemos que actuamos<strong> en base a nuestros valores<\/strong>, a\u00a0 principios fundacionales que sostenemos. Siempre vamos a ser consecuentes con lo que pensamos, y <strong>representaremos el mandato de los exaltacrucenses<\/strong> que nos eligieron y desde nuestro humilde lugar nos toca dar la pelea, el que los vecinos nos asignaron para lo que corresponde, <strong>controlar el poder del ejecutivo municipal.<!--more--><\/strong><\/em><\/div>\n<div dir=\"ltr\"><\/div>\n<div dir=\"ltr\"><em>Seguiremos trabajando para nuestros vecinos, y para apoyar a nuestro presidente en su gesta, de ahora en m\u00e1s desde un nuevo lugar. <strong>Libres, siempre libres y alejados de las artima\u00f1as y condicionamientos de pseudodirigentes, que son parte de la vieja casta pol\u00edtica y que solo buscan el beneficio personal por sobre el bien de nuestro querido pa\u00eds.<!--more--><\/strong><\/em><\/div>\n<div dir=\"ltr\"><\/div>\n<div dir=\"ltr\"><em>VIVA LA LIBERTAD CARAJO!!&#8221;.<\/em><\/div>\n<div dir=\"ltr\"><\/div>\n<div dir=\"ltr\"><\/div>\n<\/div>\n<\/div>\n<\/div>\n","protected":false},"excerpt":{"rendered":"<p>EL PA\u00cdS, EL DISTRITO DE EXALTACI\u00d3N DE LA CRUZ, DESPU\u00c9S DEL BALOTAJE QUE CAMBI\u00d3 LA HISTORIA. LA VISI\u00d3N DE DENISA VER\u00d3N.<\/p>\n","protected":false},"author":3,"featured_media":23204,"comment_status":"open","ping_status":"open","sticky":false,"template":"","format":"standard","meta":{"footnotes":"","jetpack_publicize_message":"","jetpack_publicize_feature_enabled":true,"jetpack_social_post_already_shared":true,"jetpack_social_options":{"image_generator_settings":{"template":"highway","default_image_id":0,"font":"","enabled":false},"version":2}},"categories":[7,17],"tags":[1468,2547],"class_list":["post-23198","post","type-post","status-publish","format-standard","has-post-thumbnail","hentry","category-columna-de-opinion","category-politica","tag-columna-opinion","tag-veron"],"jetpack_publicize_connections":[],"jetpack_featured_media_url":"https:\/\/revistaepocadigital.com.ar\/wp-content\/uploads\/2023\/11\/VERON-3.jpg","jetpack_likes_enabled":true,"_links":{"self":[{"href":"https:\/\/revistaepocadigital.com.ar\/index.php?rest_route=\/wp\/v2\/posts\/23198","targetHints":{"allow":["GET"]}}],"collection":[{"href":"https:\/\/revistaepocadigital.com.ar\/index.php?rest_route=\/wp\/v2\/posts"}],"about":[{"href":"https:\/\/revistaepocadigital.com.ar\/index.php?rest_route=\/wp\/v2\/types\/post"}],"author":[{"embeddable":true,"href":"https:\/\/revistaepocadigital.com.ar\/index.php?rest_route=\/wp\/v2\/users\/3"}],"replies":[{"embeddable":true,"href":"https:\/\/revistaepocadigital.com.ar\/index.php?rest_route=%2Fwp%2Fv2%2Fcomments&post=23198"}],"version-history":[{"count":0,"href":"https:\/\/revistaepocadigital.com.ar\/index.php?rest_route=\/wp\/v2\/posts\/23198\/revisions"}],"wp:featuredmedia":[{"embeddable":true,"href":"https:\/\/revistaepocadigital.com.ar\/index.php?rest_route=\/wp\/v2\/media\/23204"}],"wp:attachment":[{"href":"https:\/\/revistaepocadigital.com.ar\/index.php?rest_route=%2Fwp%2Fv2%2Fmedia&parent=23198"}],"wp:term":[{"taxonomy":"category","embeddable":true,"href":"https:\/\/revistaepocadigital.com.ar\/index.php?rest_route=%2Fwp%2Fv2%2Fcategories&post=23198"},{"taxonomy":"post_tag","embeddable":true,"href":"https:\/\/revistaepocadigital.com.ar\/index.php?rest_route=%2Fwp%2Fv2%2Ftags&post=23198"}],"curies":[{"name":"wp","href":"https:\/\/api.w.org\/{rel}","templated":true}]}}