{"id":23221,"date":"2023-11-25T21:01:59","date_gmt":"2023-11-26T00:01:59","guid":{"rendered":"https:\/\/revistaepocadigital.com.ar\/?p=23221"},"modified":"2023-11-28T00:46:51","modified_gmt":"2023-11-28T03:46:51","slug":"el-diego-siempre-esta-el-diego-siempre-esta-a-tres-anos-de-su-muerte","status":"publish","type":"post","link":"https:\/\/revistaepocadigital.com.ar\/?p=23221","title":{"rendered":"El Diego siempre est\u00e1, el Diego siempre est\u00e1. A tres a\u00f1os de su muerte"},"content":{"rendered":"<p><strong>MARADONA. \u00bfQUE M\u00c1S?<\/strong><!--more--><\/p>\n<p>&nbsp;<\/p>\n<blockquote class=\"twitter-tweet\" data-width=\"550\" data-dnt=\"true\">\n<p lang=\"es\" dir=\"ltr\">\ud83e\udd79 3 a\u00f1os sin El Diego MARADONA \ud83e\ude75 <a href=\"https:\/\/t.co\/SNBZ6I11wh\">pic.twitter.com\/SNBZ6I11wh<\/a><\/p>\n<p>&mdash; MARCA (@marca) <a href=\"https:\/\/twitter.com\/marca\/status\/1728513946527703266?ref_src=twsrc%5Etfw\">November 25, 2023<\/a><\/p><\/blockquote>\n<p><script async src=\"https:\/\/platform.twitter.com\/widgets.js\" charset=\"utf-8\"><\/script><\/p>\n","protected":false},"excerpt":{"rendered":"<p>MARADONA. \u00bfQUE M\u00c1S?<\/p>\n","protected":false},"author":4,"featured_media":23223,"comment_status":"open","ping_status":"open","sticky":false,"template":"","format":"standard","meta":{"footnotes":"","jetpack_publicize_message":"","jetpack_publicize_feature_enabled":true,"jetpack_social_post_already_shared":true,"jetpack_social_options":{"image_generator_settings":{"template":"highway","default_image_id":0,"font":"","enabled":false},"version":2}},"categories":[9],"tags":[1087],"class_list":["post-23221","post","type-post","status-publish","format-standard","has-post-thumbnail","hentry","category-deportes","tag-maradona"],"jetpack_publicize_connections":[],"jetpack_featured_media_url":"https:\/\/revistaepocadigital.com.ar\/wp-content\/uploads\/2023\/11\/MD.webp","jetpack_likes_enabled":true,"_links":{"self":[{"href":"https:\/\/revistaepocadigital.com.ar\/index.php?rest_route=\/wp\/v2\/posts\/23221","targetHints":{"allow":["GET"]}}],"collection":[{"href":"https:\/\/revistaepocadigital.com.ar\/index.php?rest_route=\/wp\/v2\/posts"}],"about":[{"href":"https:\/\/revistaepocadigital.com.ar\/index.php?rest_route=\/wp\/v2\/types\/post"}],"author":[{"embeddable":true,"href":"https:\/\/revistaepocadigital.com.ar\/index.php?rest_route=\/wp\/v2\/users\/4"}],"replies":[{"embeddable":true,"href":"https:\/\/revistaepocadigital.com.ar\/index.php?rest_route=%2Fwp%2Fv2%2Fcomments&post=23221"}],"version-history":[{"count":0,"href":"https:\/\/revistaepocadigital.com.ar\/index.php?rest_route=\/wp\/v2\/posts\/23221\/revisions"}],"wp:featuredmedia":[{"embeddable":true,"href":"https:\/\/revistaepocadigital.com.ar\/index.php?rest_route=\/wp\/v2\/media\/23223"}],"wp:attachment":[{"href":"https:\/\/revistaepocadigital.com.ar\/index.php?rest_route=%2Fwp%2Fv2%2Fmedia&parent=23221"}],"wp:term":[{"taxonomy":"category","embeddable":true,"href":"https:\/\/revistaepocadigital.com.ar\/index.php?rest_route=%2Fwp%2Fv2%2Fcategories&post=23221"},{"taxonomy":"post_tag","embeddable":true,"href":"https:\/\/revistaepocadigital.com.ar\/index.php?rest_route=%2Fwp%2Fv2%2Ftags&post=23221"}],"curies":[{"name":"wp","href":"https:\/\/api.w.org\/{rel}","templated":true}]}}