{"id":23258,"date":"2023-11-29T12:20:01","date_gmt":"2023-11-29T15:20:01","guid":{"rendered":"https:\/\/revistaepocadigital.com.ar\/?p=23258"},"modified":"2023-11-29T12:20:01","modified_gmt":"2023-11-29T15:20:01","slug":"dia-mundial-del-vih-el-38-de-los-diagnosticos-de-vih-en-los-jovenes-entre-15-a-29-anos-son-realizados-en-etapas-tardias-de-la-infeccion","status":"publish","type":"post","link":"https:\/\/revistaepocadigital.com.ar\/?p=23258","title":{"rendered":"D\u00eda Mundial del VIH: el 38% de los diagn\u00f3sticos de VIH en los j\u00f3venes entre 15 a 29 a\u00f1os son realizados en etapas tard\u00edas de la infecci\u00f3n."},"content":{"rendered":"<p><strong><img loading=\"lazy\" decoding=\"async\" class=\"aligncenter size-full wp-image-23260\" src=\"https:\/\/revistaepocadigital.com.ar\/wp-content\/uploads\/2023\/11\/descarga.png\" alt=\"\" width=\"318\" height=\"159\" srcset=\"https:\/\/revistaepocadigital.com.ar\/wp-content\/uploads\/2023\/11\/descarga.png 318w, https:\/\/revistaepocadigital.com.ar\/wp-content\/uploads\/2023\/11\/descarga-300x150.png 300w\" sizes=\"auto, (max-width: 318px) 100vw, 318px\" \/>1 DE DICIEMBRE.<\/strong><!--more--><\/p>\n<p>Seg\u00fan el Ministerio de Salud de la Naci\u00f3n, se calcula que hasta el 2022 son m\u00e1s de 140 mil las personas infectadas con el virus de inmunodeficiencia humana (VIH) en Argentina, aunque 17% de ellas no lo sabe.<\/p>\n<p>El D\u00eda Mundial de la Lucha contra el SIDA se conmemora el 1\u00b0 de diciembre de cada a\u00f1o, reforzando la concientizaci\u00f3n acerca de la infecci\u00f3n y de todas las personas cuyas vidas fueron afectadas por este virus. La fecha tambi\u00e9n es una oportunidad global para desafiar y derribar las barreras que existen en la atenci\u00f3n a las personas infectadas, reconocer los avances que han permitido que las personas que han sido diagnosticadas puedan llevar una vida plena, trabajando en conjunto con funcionarios de salud p\u00fablica, defensores comunitarios, investigadores y proveedores de atenci\u00f3n m\u00e9dica, convirtiendo la infecci\u00f3n por VIH en una condici\u00f3n cr\u00f3nica y controlada, con m\u00ednimo impacto en la calidad de vida.<\/p>\n<p>Si bien es cierto que hasta el momento no hay una cura para la infecci\u00f3n, s\u00ed existe un tratamiento llamado \u201cTratamiento Antirretroviral de Gran Actividad\u201d que evita la replicaci\u00f3n del virus. En ese sentido, y a nivel global, se han salvado 16.2 millones de vidas desde el 2001, gracias a tratamientos asequibles y de calidad. Esto da la posibilidad de que las personas con VIH pueden gozar de una calidad y expectativa de vida similar a quienes no tienen el virus. La Ciencia ha permitido que los nuevos tratamientos hayan evolucionado y ahora sean sumamente efectivos, con m\u00ednimos efectos adversos, y muy f\u00e1ciles de tomar (un comprimido al d\u00eda). Esto asegura que los pacientes mantengan su adherencia al mismo y tengan un control cr\u00f3nico sobre la infecci\u00f3n, posibilitando una mejor calidad de vida ahora y en el futuro.<\/p>\n<p>En l\u00ednea con esto, el Programa Conjunto de las Naciones Unidas sobre el VIH\/SIDA (ONUSIDA) lidera e inspira al mundo para conseguir su visi\u00f3n compartida de cero nuevas infecciones por el VIH, cero discriminaci\u00f3n y cero muertes relacionadas. De esta manera, desarrollaron una serie de objetivos \u201c95-95-95\u201d a cumplir para el 2030 estableciendo: que el 95% de las personas infectadas por VIH conozcan su estado serol\u00f3gico; que el 95% de las personas diagnosticadas con el VIH reciban terapia antirretroviral continuada; y que el 95% de las personas que reciben este tipo de terapia tengan supresi\u00f3n viral. En los \u00faltimos a\u00f1os se incluy\u00f3 un cuarto \u201c95\u201d, que supone que el 95% de las personas que reciben este tratamiento puedan gozar de una buena calidad de vida.<\/p>\n<p>Para prevenir la transmisi\u00f3n, resulta fundamental llevar a cabo programas que permitan ampliar el acceso a la prevenci\u00f3n y al tratamiento, ya que una detecci\u00f3n temprana evitar\u00e1 la transmisi\u00f3n a m\u00e1s personas, haciendo lo posible para detener la epidemia del VIH. En Argentina, el 38% de los j\u00f3venes de 15 a 29 a\u00f1os infectados por VIH, son diagnosticados de manera tard\u00eda, es decir, cuando las defensas ya han bajado y llevan tiempo desde que se infectaron. Esto se debe a que, en muchos casos, la infecci\u00f3n no presenta s\u00edntomas evidentes por lo que es imposible detectarla a no ser que la persona se haga un test de manera proactiva.<\/p>\n<p>Si bien las formas de transmisi\u00f3n tambi\u00e9n pueden ser por v\u00eda sangu\u00ednea (al compartir elementos punzantes o cortantes), o perinatal\/vertical (gestaci\u00f3n o lactancia), el 98% de la transmisi\u00f3n del VIH se debe a relaciones sexuales sin protecci\u00f3n, por lo que la Educaci\u00f3n Sexual Integral (ESI) es un punto clave a la hora de prevenir. Esta brinda herramientas para que los adolescentes, de acuerdo a sus edades, puedan aprender a conocer su cuerpo, asumir valores y actitudes responsables relacionadas con evitar exponerse a las distintas infecciones de transmisi\u00f3n sexual y embarazos no deseados, conocer y respetar el derecho a la identidad, la no discriminaci\u00f3n y el buen trato.<\/p>\n<p>Especialmente en la poblaci\u00f3n joven, muchos de los casos de diagn\u00f3stico tard\u00edo se deben a que la persona sinti\u00f3 verg\u00fcenza, aislamiento y desesperaci\u00f3n debido a su condici\u00f3n, ya que la falta de conocimiento e informaci\u00f3n acerca del VIH deriva en suposiciones err\u00f3neas que fomentan un estigma en la sociedad. La \u201cetiqueta\u201d de las personas infectadas con el VIH o que se encuentran en riesgo de contraerlo provoca actos de discriminaci\u00f3n por, entre otras cosas, su g\u00e9nero, orientaci\u00f3n sexual, identidad de g\u00e9nero, uso de drogas o comercio sexual. Es importante trabajar sobre todos los estigmas relacionados con la sexualidad y las infecciones de transmisi\u00f3n sexual, en particular el VIH, fomentando as\u00ed la realizaci\u00f3n oportuna del test y que quienes est\u00e9n infectados puedan acceder r\u00e1pidamente a un tratamiento seguro y eficaz, garantizando una buena calidad de vida.<\/p>\n<p>El D\u00eda Mundial de la Lucha contra el SIDA existe para rendir homenaje a todas las personas cuyas vidas se han visto afectadas por el VIH y reconocer el progreso realizado a trav\u00e9s de la sensibilizaci\u00f3n comunitaria, los esfuerzos de salud p\u00fablica, la investigaci\u00f3n y la innovaci\u00f3n cient\u00edfica para hacer frente a los numerosos obst\u00e1culos que a\u00fan existen en la lucha contra el VIH. Es fundamental transformar la visi\u00f3n que hay respecto a esta infecci\u00f3n, pasando de un mero diagn\u00f3stico m\u00e9dico a una oportunidad para acompa\u00f1ar a una poblaci\u00f3n con el potencial de ser tan saludable, activa y productiva como se lo proponga.<\/p>\n<p>##<\/p>\n<p>Acerca de Gilead Sciences<br \/>\nGilead Sciences, Inc. Es una empresa biofarmac\u00e9utica que ha perseguido y logrado avances en la medicina durante m\u00e1s de tres d\u00e9cadas, con el objetivo de crear un mundo m\u00e1s saludable para todas las personas. La compa\u00f1\u00eda est\u00e1 comprometida con el avance de medicamentos innovadores para prevenir y tratar enfermedades potencialmente mortales, como el VIH, la hepatitis viral y el c\u00e1ncer. Gilead opera en m\u00e1s de 35 pa\u00edses en todo el mundo, con sede en Foster City, California. Para obtener m\u00e1s informaci\u00f3n de Gilead, visite: www.gilead.com.<\/p>\n<p>Acerca de Gador<br \/>\nGador SA es una empresa Farmac\u00e9utica Argentina que inici\u00f3 sus actividades en el a\u00f1o 1940. Dedicada a\u202fla investigaci\u00f3n, fabricaci\u00f3n y distribuci\u00f3n de medicamentos para el cuidado de la salud, cuenta con plantas productivas propias de \u00faltima tecnolog\u00eda e innovaci\u00f3n farmac\u00e9utica, bajo est\u00e1ndares internacionales. Entre su casa matriz de Argentina y sus subsidiarias en Chile, Uruguay, Per\u00fa, Colombia, Brasil, Ecuador y Paraguay, Gador est\u00e1 presente a trav\u00e9s de sus productos en m\u00e1s de 40 pa\u00edses, alcanzando territorios y mercados de gran importancia comercial. Tambi\u00e9n ha desarrollado acuerdos de licencias de comercializaci\u00f3n con importantes compa\u00f1\u00edas multinacionales durante m\u00e1s de cincuenta a\u00f1os, entre las que se encuentra su alianza con Gilead Sciences.<br \/>\nPara obtener m\u00e1s informaci\u00f3n sobre Gador, visite:\u202fwww.gador.com<\/p>\n","protected":false},"excerpt":{"rendered":"<p>1 DE DICIEMBRE.<\/p>\n","protected":false},"author":3,"featured_media":23262,"comment_status":"open","ping_status":"open","sticky":false,"template":"","format":"standard","meta":{"footnotes":"","jetpack_publicize_message":"","jetpack_publicize_feature_enabled":true,"jetpack_social_post_already_shared":true,"jetpack_social_options":{"image_generator_settings":{"template":"highway","default_image_id":0,"font":"","enabled":false},"version":2}},"categories":[13],"tags":[2550],"class_list":["post-23258","post","type-post","status-publish","format-standard","has-post-thumbnail","hentry","category-interes-general","tag-vih"],"jetpack_publicize_connections":[],"jetpack_featured_media_url":"https:\/\/revistaepocadigital.com.ar\/wp-content\/uploads\/2023\/11\/SID.jpg","jetpack_likes_enabled":true,"_links":{"self":[{"href":"https:\/\/revistaepocadigital.com.ar\/index.php?rest_route=\/wp\/v2\/posts\/23258","targetHints":{"allow":["GET"]}}],"collection":[{"href":"https:\/\/revistaepocadigital.com.ar\/index.php?rest_route=\/wp\/v2\/posts"}],"about":[{"href":"https:\/\/revistaepocadigital.com.ar\/index.php?rest_route=\/wp\/v2\/types\/post"}],"author":[{"embeddable":true,"href":"https:\/\/revistaepocadigital.com.ar\/index.php?rest_route=\/wp\/v2\/users\/3"}],"replies":[{"embeddable":true,"href":"https:\/\/revistaepocadigital.com.ar\/index.php?rest_route=%2Fwp%2Fv2%2Fcomments&post=23258"}],"version-history":[{"count":0,"href":"https:\/\/revistaepocadigital.com.ar\/index.php?rest_route=\/wp\/v2\/posts\/23258\/revisions"}],"wp:featuredmedia":[{"embeddable":true,"href":"https:\/\/revistaepocadigital.com.ar\/index.php?rest_route=\/wp\/v2\/media\/23262"}],"wp:attachment":[{"href":"https:\/\/revistaepocadigital.com.ar\/index.php?rest_route=%2Fwp%2Fv2%2Fmedia&parent=23258"}],"wp:term":[{"taxonomy":"category","embeddable":true,"href":"https:\/\/revistaepocadigital.com.ar\/index.php?rest_route=%2Fwp%2Fv2%2Fcategories&post=23258"},{"taxonomy":"post_tag","embeddable":true,"href":"https:\/\/revistaepocadigital.com.ar\/index.php?rest_route=%2Fwp%2Fv2%2Ftags&post=23258"}],"curies":[{"name":"wp","href":"https:\/\/api.w.org\/{rel}","templated":true}]}}