{"id":23271,"date":"2023-12-15T13:25:15","date_gmt":"2023-12-15T16:25:15","guid":{"rendered":"https:\/\/revistaepocadigital.com.ar\/?p=23271"},"modified":"2023-12-17T01:53:05","modified_gmt":"2023-12-17T04:53:05","slug":"para-estudiar-en-el-centro-universitario-de-capilla-del-senor-inscripciones-2024","status":"publish","type":"post","link":"https:\/\/revistaepocadigital.com.ar\/?p=23271","title":{"rendered":"Para estudiar en el Centro Universitario de Capilla del Se\u00f1or. Inscripciones 2024"},"content":{"rendered":"<p><strong>CARRERAS 2024 | ABIERTA LA INSCRIPCI\u00d3N.<\/strong><!--more--><\/p>\n<p>Desde la municipalidad se inform\u00f3: &#8220;Si a\u00fan no pudiste inscribirte, o est\u00e1s por hacerlo y ten\u00e9s inconvenientes, te ayudamos&#8221;.<\/p>\n<p>Acercate a:<br \/>\n\u2022Centro Universitario de lunes a viernes, de 17 a 21 horas en San Mart\u00edn 1025, Capilla del Se\u00f1or.<br \/>\n\u2022Secretar\u00eda de Pol\u00edticas Educativas de lunes a viernes, de 8 a 14 hs. en Casa de la Cultura, Rivadavia 506.<\/p>\n<p>IMPORTANTE:<br \/>\nDeb\u00e9s presentar en un folio: fotocopia de DNI, fotocopia de anal\u00edtico o constancia de t\u00edtulo en tr\u00e1mite, 2 fotos 4&#215;4 y el formulario online impreso.<\/p>\n<p>&nbsp;<\/p>\n<p><img loading=\"lazy\" decoding=\"async\" class=\"aligncenter size-full wp-image-23283\" src=\"https:\/\/revistaepocadigital.com.ar\/wp-content\/uploads\/2023\/11\/centro-univ-carreras.jpg\" alt=\"\" width=\"504\" height=\"504\" srcset=\"https:\/\/revistaepocadigital.com.ar\/wp-content\/uploads\/2023\/11\/centro-univ-carreras.jpg 504w, https:\/\/revistaepocadigital.com.ar\/wp-content\/uploads\/2023\/11\/centro-univ-carreras-300x300.jpg 300w, https:\/\/revistaepocadigital.com.ar\/wp-content\/uploads\/2023\/11\/centro-univ-carreras-150x150.jpg 150w, https:\/\/revistaepocadigital.com.ar\/wp-content\/uploads\/2023\/11\/centro-univ-carreras-420x420.jpg 420w\" sizes=\"auto, (max-width: 504px) 100vw, 504px\" \/><\/p>\n","protected":false},"excerpt":{"rendered":"<p>CARRERAS 2024 | ABIERTA LA INSCRIPCI\u00d3N.<\/p>\n","protected":false},"author":3,"featured_media":23282,"comment_status":"open","ping_status":"open","sticky":false,"template":"","format":"standard","meta":{"footnotes":"","jetpack_publicize_message":"","jetpack_publicize_feature_enabled":true,"jetpack_social_post_already_shared":true,"jetpack_social_options":{"image_generator_settings":{"template":"highway","default_image_id":0,"font":"","enabled":false},"version":2}},"categories":[11],"tags":[1191,1078],"class_list":["post-23271","post","type-post","status-publish","format-standard","has-post-thumbnail","hentry","category-entidades","tag-centro-universitario","tag-inscripciones"],"jetpack_publicize_connections":[],"jetpack_featured_media_url":"https:\/\/revistaepocadigital.com.ar\/wp-content\/uploads\/2023\/11\/centroUniver.jpg","jetpack_likes_enabled":true,"_links":{"self":[{"href":"https:\/\/revistaepocadigital.com.ar\/index.php?rest_route=\/wp\/v2\/posts\/23271","targetHints":{"allow":["GET"]}}],"collection":[{"href":"https:\/\/revistaepocadigital.com.ar\/index.php?rest_route=\/wp\/v2\/posts"}],"about":[{"href":"https:\/\/revistaepocadigital.com.ar\/index.php?rest_route=\/wp\/v2\/types\/post"}],"author":[{"embeddable":true,"href":"https:\/\/revistaepocadigital.com.ar\/index.php?rest_route=\/wp\/v2\/users\/3"}],"replies":[{"embeddable":true,"href":"https:\/\/revistaepocadigital.com.ar\/index.php?rest_route=%2Fwp%2Fv2%2Fcomments&post=23271"}],"version-history":[{"count":0,"href":"https:\/\/revistaepocadigital.com.ar\/index.php?rest_route=\/wp\/v2\/posts\/23271\/revisions"}],"wp:featuredmedia":[{"embeddable":true,"href":"https:\/\/revistaepocadigital.com.ar\/index.php?rest_route=\/wp\/v2\/media\/23282"}],"wp:attachment":[{"href":"https:\/\/revistaepocadigital.com.ar\/index.php?rest_route=%2Fwp%2Fv2%2Fmedia&parent=23271"}],"wp:term":[{"taxonomy":"category","embeddable":true,"href":"https:\/\/revistaepocadigital.com.ar\/index.php?rest_route=%2Fwp%2Fv2%2Fcategories&post=23271"},{"taxonomy":"post_tag","embeddable":true,"href":"https:\/\/revistaepocadigital.com.ar\/index.php?rest_route=%2Fwp%2Fv2%2Ftags&post=23271"}],"curies":[{"name":"wp","href":"https:\/\/api.w.org\/{rel}","templated":true}]}}