{"id":23286,"date":"2023-11-29T15:02:22","date_gmt":"2023-11-29T18:02:22","guid":{"rendered":"https:\/\/revistaepocadigital.com.ar\/?p=23286"},"modified":"2023-11-29T15:05:17","modified_gmt":"2023-11-29T18:05:17","slug":"el-presunto-asesino-de-alejandro-ignazi","status":"publish","type":"post","link":"https:\/\/revistaepocadigital.com.ar\/?p=23286","title":{"rendered":"EL PRESUNTO ASESINO DE ALEJANDRO IG\u00d1AZI DETENIDO"},"content":{"rendered":"<div>\n<div class=\"\" dir=\"auto\">\n<div id=\":r175:\" class=\"x1iorvi4 x1pi30zi x1l90r2v x1swvt13\" data-ad-comet-preview=\"message\" data-ad-preview=\"message\">\n<div class=\"x78zum5 xdt5ytf xz62fqu x16ldp7u\">\n<div class=\"xu06os2 x1ok221b\">\n<div class=\"xdj266r x11i5rnm xat24cr x1mh8g0r x1vvkbs x126k92a\">\n<div dir=\"auto\"><strong>EL HOMBRE, CUYO CAD\u00c1VER FUE ENCONTRADO EN LA COLECTORA DE LA RUTA 8.<!--more--><\/strong><\/div>\n<div dir=\"auto\"><\/div>\n<\/div>\n<div class=\"x11i5rnm xat24cr x1mh8g0r x1vvkbs xtlvy1s x126k92a\">\n<div dir=\"auto\">Luego del trabajo de la Polic\u00eda Comunal 2 de Parada Robles y el fiscal Juan Manuel Esperante, titular de Fiscal\u00eda N\u00b0 6 de Exaltaci\u00f3n de la Cruz, efectuado con celeridad pudo esclarecerse la muerte de un hombre, cuyo cad\u00e1ver fue encontrado el pasado 28 de noviembre en la colectora de la Ruta N\u00b0 8, en las inmediaciones de Parada Robles, luego identificado como Alejandro Miguel Ig\u00f1azi, vecino del Barrio Arturo Mateo y con antecedentes penales.<\/div>\n<div dir=\"auto\"><\/div>\n<\/div>\n<div class=\"x11i5rnm xat24cr x1mh8g0r x1vvkbs xtlvy1s x126k92a\">\n<div dir=\"auto\">El cuerpo estaba boca abajo sobre la colectora y al ser examinado por el personal del Cuerpo M\u00e9dico y Morgue Z\u00e1rate-Campana, se constat\u00f3 que presentaba un orificio de entrada sin salida en el om\u00f3plato izquierdo, compatible con el ingreso de un proyectil de arma de fuego. Tambi\u00e9n trabaj\u00f3 en el lugar del hallazgo, el personal de la Polic\u00eda Cient\u00edfica,\u00a0 efectuando relevamientos y pericias sobre el cuerpo y en la zona del hecho. Luego el doctor Mat\u00edas Nogueira, juez interviniente, decidi\u00f3 recaratular la causa de \u201cAveriguaci\u00f3n de causales de muerte\u201d a \u201cHomicidio\u201d.<\/div>\n<div dir=\"auto\"><img loading=\"lazy\" decoding=\"async\" class=\"alignleft size-thumbnail wp-image-23290\" src=\"https:\/\/revistaepocadigital.com.ar\/wp-content\/uploads\/2023\/11\/asesi-150x150.jpg\" alt=\"\" width=\"150\" height=\"150\" srcset=\"https:\/\/revistaepocadigital.com.ar\/wp-content\/uploads\/2023\/11\/asesi-150x150.jpg 150w, https:\/\/revistaepocadigital.com.ar\/wp-content\/uploads\/2023\/11\/asesi-300x300.jpg 300w, https:\/\/revistaepocadigital.com.ar\/wp-content\/uploads\/2023\/11\/asesi-420x420.jpg 420w, https:\/\/revistaepocadigital.com.ar\/wp-content\/uploads\/2023\/11\/asesi.jpg 485w\" sizes=\"auto, (max-width: 150px) 100vw, 150px\" \/><\/div>\n<\/div>\n<div class=\"x11i5rnm xat24cr x1mh8g0r x1vvkbs xtlvy1s x126k92a\">\n<div dir=\"auto\"><\/div>\n<div dir=\"auto\">Pudo establecerse que por la madrugada, Ig\u00f1azi y dos c\u00f3mplices hab\u00edan ingresado con fines de robo a un predio ubicado a la altura del kil\u00f3metro 78 de la Ruta 8, siendo sorprendidos por el morador de la finca, quien puso en fuga a los delincuentes al efectuar disparos con un arma de fuego. Uno impact\u00f3 en el cuerpo de Ig\u00f1azi, quien cay\u00f3 en el lugar del hallazgo del cad\u00e1ver, a unos 300 metros de donde ocurri\u00f3 el hecho.<\/div>\n<div dir=\"auto\"><\/div>\n<\/div>\n<div class=\"x11i5rnm xat24cr x1mh8g0r x1vvkbs xtlvy1s x126k92a\">\n<div dir=\"auto\">Con los elementos recolectados, se efectu\u00f3 un allanamiento en un domicilio de la calle Entre R\u00edos al 900, logr\u00e1ndose la detenci\u00f3n de un hombre de 49 a\u00f1os, quien habr\u00eda sido el autor de los disparos. A su vez, fue incautada una vaina servida calibre 22, cinco municiones calibre 22, 35 municiones calibre 38, seis celulares y 4,800 kilos de hojas de cannabis sativa y plantines de la misma especie.<\/div>\n<\/div>\n<\/div>\n<\/div>\n<\/div>\n<\/div>\n<div id=\":r176:\" class=\"x1n2onr6\">\n<div class=\"x1n2onr6\">\n<div class=\"x1n2onr6\">\n<div class=\"x1n2onr6\">\n<div class=\"x6ikm8r x10wlt62 x10l6tqk\">\n<div class=\"x6ikm8r x10wlt62\">\n<div class=\"xqtp20y x6ikm8r x10wlt62 x1n2onr6\">\n<div class=\"x10l6tqk x13vifvy\"><\/div>\n<\/div>\n<\/div>\n<\/div>\n<div class=\"x6ikm8r x10wlt62 x10l6tqk\">\n<div class=\"x1o1ewxj x3x9cwd x1e5q0jg x13rtm0m x1ey2m1c xds687c xg01cxk x47corl x10l6tqk x17qophe x13vifvy x1ebt8du x19991ni x1dhq9h\" data-visualcompletion=\"ignore\"><\/div>\n<\/div>\n<div class=\"x6ikm8r x10wlt62 x10l6tqk\">\n<div class=\"x6ikm8r x10wlt62\">\n<div class=\"xqtp20y x6ikm8r x10wlt62 x1n2onr6\">\n<div class=\"x10l6tqk x13vifvy\"><img decoding=\"async\" class=\"xz74otr x1ey2m1c xds687c x5yr21d x10l6tqk x17qophe x13vifvy xh8yej3\" src=\"https:\/\/scontent-eze1-1.xx.fbcdn.net\/v\/t39.30808-6\/406656510_788996636573803_3577605955891976460_n.jpg?_nc_cat=107&amp;ccb=1-7&amp;_nc_sid=dd5e9f&amp;_nc_ohc=sm8GU1GDpBcAX_2CRsB&amp;_nc_ht=scontent-eze1-1.xx&amp;oh=00_AfDxliZVcwbxVgs2ojW14lavsJpBdrAJxb2OcQHJ2MEcpg&amp;oe=656C7407\" alt=\"\" \/><\/div>\n<\/div>\n<\/div>\n<\/div>\n<\/div>\n<\/div>\n<\/div>\n<\/div>\n<\/div>\n<p><!--more--><\/p>\n<div>\n<div class=\"x168nmei x13lgxp2 x30kzoy x9jhf4c x6ikm8r x10wlt62\" data-visualcompletion=\"ignore-dynamic\">\n<div>\n<div>\n<div>\n<div class=\"x1n2onr6\">\n<div class=\"x6s0dn4 xi81zsa x78zum5 x6prxxf x13a6bvl xvq8zen xdj266r xktsk01 xat24cr x1d52u69 x889kno x4uap5 x1a8lsjc xkhd6sd xdppsyt\">\n<div class=\"x9f619 x1n2onr6 x1ja2u2z x78zum5 x2lah0s x1qughib x1qjc9v5 xozqiw3 x1q0g3np xykv574 xbmpl8g x4cne27 xifccgj\"><\/div>\n<\/div>\n<\/div>\n<\/div>\n<\/div>\n<\/div>\n<\/div>\n<\/div>\n","protected":false},"excerpt":{"rendered":"<p>EL HOMBRE, CUYO CAD\u00c1VER FUE ENCONTRADO EN LA COLECTORA DE LA RUTA 8.<\/p>\n","protected":false},"author":3,"featured_media":23289,"comment_status":"open","ping_status":"open","sticky":false,"template":"","format":"standard","meta":{"footnotes":"","jetpack_publicize_message":"","jetpack_publicize_feature_enabled":true,"jetpack_social_post_already_shared":true,"jetpack_social_options":{"image_generator_settings":{"template":"highway","default_image_id":0,"font":"","enabled":false},"version":2}},"categories":[5],"tags":[2554,2553],"class_list":["post-23286","post","type-post","status-publish","format-standard","has-post-thumbnail","hentry","category-aqui-parada-robles","tag-b-arturo-mateo","tag-vecino-asesinado"],"jetpack_publicize_connections":[],"jetpack_featured_media_url":"https:\/\/revistaepocadigital.com.ar\/wp-content\/uploads\/2023\/11\/asesi22.jpg","jetpack_likes_enabled":true,"_links":{"self":[{"href":"https:\/\/revistaepocadigital.com.ar\/index.php?rest_route=\/wp\/v2\/posts\/23286","targetHints":{"allow":["GET"]}}],"collection":[{"href":"https:\/\/revistaepocadigital.com.ar\/index.php?rest_route=\/wp\/v2\/posts"}],"about":[{"href":"https:\/\/revistaepocadigital.com.ar\/index.php?rest_route=\/wp\/v2\/types\/post"}],"author":[{"embeddable":true,"href":"https:\/\/revistaepocadigital.com.ar\/index.php?rest_route=\/wp\/v2\/users\/3"}],"replies":[{"embeddable":true,"href":"https:\/\/revistaepocadigital.com.ar\/index.php?rest_route=%2Fwp%2Fv2%2Fcomments&post=23286"}],"version-history":[{"count":0,"href":"https:\/\/revistaepocadigital.com.ar\/index.php?rest_route=\/wp\/v2\/posts\/23286\/revisions"}],"wp:featuredmedia":[{"embeddable":true,"href":"https:\/\/revistaepocadigital.com.ar\/index.php?rest_route=\/wp\/v2\/media\/23289"}],"wp:attachment":[{"href":"https:\/\/revistaepocadigital.com.ar\/index.php?rest_route=%2Fwp%2Fv2%2Fmedia&parent=23286"}],"wp:term":[{"taxonomy":"category","embeddable":true,"href":"https:\/\/revistaepocadigital.com.ar\/index.php?rest_route=%2Fwp%2Fv2%2Fcategories&post=23286"},{"taxonomy":"post_tag","embeddable":true,"href":"https:\/\/revistaepocadigital.com.ar\/index.php?rest_route=%2Fwp%2Fv2%2Ftags&post=23286"}],"curies":[{"name":"wp","href":"https:\/\/api.w.org\/{rel}","templated":true}]}}