{"id":23295,"date":"2023-11-30T01:12:42","date_gmt":"2023-11-30T04:12:42","guid":{"rendered":"https:\/\/revistaepocadigital.com.ar\/?p=23295"},"modified":"2023-11-30T01:12:42","modified_gmt":"2023-11-30T04:12:42","slug":"historico-cristina-kirchner-en-el-senado-proclamo-a-milei-como-presidente","status":"publish","type":"post","link":"https:\/\/revistaepocadigital.com.ar\/?p=23295","title":{"rendered":"HIST\u00d3RICO. CRISTINA KIRCHNER EN EL SENADO PROCLAM\u00d3 A MILEI COMO PRESIDENTE"},"content":{"rendered":"<p><strong>UN HECHO POL\u00cdTICO QUE QUEDAR\u00c1 EN LOS ANALES DE LA HISTORIA ARGENTINA<\/strong>.<!--more--><\/p>\n<p>La vicepresidenta y cabeza del kirchnerismo que ha gobernado el pa\u00eds en las \u00faltimas dos d\u00e9cadas, en su rol de presidenta del Senado, durante la Asamblea Legislativa, proclam\u00f3 a Javier Milei como nuevo presidente de los argentinos y como vicepresidenta a Victoria Villarruel quien reemplazr\u00e1 a Cristina Fern\u00e1ndez en la presidencia de la C\u00e1mara Alta.<\/p>\n<p>&nbsp;<\/p>\n<p><iframe loading=\"lazy\" title=\"CRISTINA KIRCHNER PROCLAMA PRESIDENTE DE ARGENTINA A JAVIER MILEI\" width=\"696\" height=\"392\" src=\"https:\/\/www.youtube.com\/embed\/4hotW0-fQjA?feature=oembed\" frameborder=\"0\" allow=\"accelerometer; autoplay; clipboard-write; encrypted-media; gyroscope; picture-in-picture; web-share\" allowfullscreen><\/iframe><\/p>\n","protected":false},"excerpt":{"rendered":"<p>UN HECHO POL\u00cdTICO QUE QUEDAR\u00c1 EN LOS ANALES DE LA HISTORIA ARGENTINA.<\/p>\n","protected":false},"author":3,"featured_media":23296,"comment_status":"open","ping_status":"open","sticky":false,"template":"","format":"standard","meta":{"footnotes":"","jetpack_publicize_message":"","jetpack_publicize_feature_enabled":true,"jetpack_social_post_already_shared":true,"jetpack_social_options":{"image_generator_settings":{"template":"highway","default_image_id":0,"font":"","enabled":false},"version":2}},"categories":[17],"tags":[2152,1586,2278],"class_list":["post-23295","post","type-post","status-publish","format-standard","has-post-thumbnail","hentry","category-politica","tag-2152","tag-cristina","tag-milei"],"jetpack_publicize_connections":[],"jetpack_featured_media_url":"https:\/\/revistaepocadigital.com.ar\/wp-content\/uploads\/2023\/11\/Villaruel-Milei.webp","jetpack_likes_enabled":true,"_links":{"self":[{"href":"https:\/\/revistaepocadigital.com.ar\/index.php?rest_route=\/wp\/v2\/posts\/23295","targetHints":{"allow":["GET"]}}],"collection":[{"href":"https:\/\/revistaepocadigital.com.ar\/index.php?rest_route=\/wp\/v2\/posts"}],"about":[{"href":"https:\/\/revistaepocadigital.com.ar\/index.php?rest_route=\/wp\/v2\/types\/post"}],"author":[{"embeddable":true,"href":"https:\/\/revistaepocadigital.com.ar\/index.php?rest_route=\/wp\/v2\/users\/3"}],"replies":[{"embeddable":true,"href":"https:\/\/revistaepocadigital.com.ar\/index.php?rest_route=%2Fwp%2Fv2%2Fcomments&post=23295"}],"version-history":[{"count":0,"href":"https:\/\/revistaepocadigital.com.ar\/index.php?rest_route=\/wp\/v2\/posts\/23295\/revisions"}],"wp:featuredmedia":[{"embeddable":true,"href":"https:\/\/revistaepocadigital.com.ar\/index.php?rest_route=\/wp\/v2\/media\/23296"}],"wp:attachment":[{"href":"https:\/\/revistaepocadigital.com.ar\/index.php?rest_route=%2Fwp%2Fv2%2Fmedia&parent=23295"}],"wp:term":[{"taxonomy":"category","embeddable":true,"href":"https:\/\/revistaepocadigital.com.ar\/index.php?rest_route=%2Fwp%2Fv2%2Fcategories&post=23295"},{"taxonomy":"post_tag","embeddable":true,"href":"https:\/\/revistaepocadigital.com.ar\/index.php?rest_route=%2Fwp%2Fv2%2Ftags&post=23295"}],"curies":[{"name":"wp","href":"https:\/\/api.w.org\/{rel}","templated":true}]}}