{"id":23298,"date":"2023-11-30T01:37:37","date_gmt":"2023-11-30T04:37:37","guid":{"rendered":"https:\/\/revistaepocadigital.com.ar\/?p=23298"},"modified":"2023-11-30T01:37:37","modified_gmt":"2023-11-30T04:37:37","slug":"el-gabinete-de-javier-milei","status":"publish","type":"post","link":"https:\/\/revistaepocadigital.com.ar\/?p=23298","title":{"rendered":"El gabinete de Javier Milei"},"content":{"rendered":"<div class=\"top page-container\">\n<div class=\"mhh\">\n<div class=\"mhh-nav-container\"><strong>LOS CONFIRMADOS, PUESTOS VACANTES Y LAS DUDAS.<\/strong><\/div>\n<div><\/div>\n<\/div>\n<div class=\"mhh\">\n<div class=\"mhh-nav-container\"><\/div>\n<\/div>\n<\/div>\n<p><!--more--><\/p>\n<section class=\"article-section page-container\">\n<header class=\"article-header-wrapper\">\n<div class=\"article-header \">\n<h5 class=\"article-subheadline left \">El presidente electo anunci\u00f3\u00a0 que Luis Caputo ser\u00e1 su ministro de Econom\u00eda y a los embajadores en Estados Unidos y Brasil.<\/h5>\n<\/div>\n<\/header>\n<article class=\"article\">\n<div class=\"visual__image\">Apenas aterriz\u00f3 en suelo argentino tras su viaje oficial a Nueva York y Washington, el propio <b>Javier Milei<\/b>\u00a0se encarg\u00f3 de confirmar a\u00a0<b>Luis Caputo<\/b> como ministro de econom\u00eda, ratific\u00f3 como embajador en Brasil a Daniel Scioli, y nombr\u00f3 a <b>Gerardo Werthein<\/b> quien reemplazar\u00e1 a<b>\u00a0Jorge Arg\u00fcello<\/b>\u00a0en la embajada argentina en los Estados Unidos.<\/div>\n<div class=\"body-article\">\n<div class=\"recommended-card__image-container\"><\/div>\n<p class=\"paragraph\" data-mrf-recirculation=\"Links inline\">As\u00ed, el gabinete libertario que comenzar\u00e1 a funcionar a pleno desde el pr\u00f3ximo 10 de diciembre comienza a tomar su forma definitiva, aunque todav\u00eda quedan \u00e1reas vacantes -muchas de ellas importantes- y varias dudas, como<a href=\"https:\/\/www.infobae.com\/politica\/2023\/11\/26\/macri-y-bullrich-entraron-en-un-inesperado-cortocircuito-y-hacen-crujir-el-pacto-con-milei\/\" target=\"_blank\" rel=\"noopener noreferrer\" data-mrf-link=\"https:\/\/www.infobae.com\/politica\/2023\/11\/26\/macri-y-bullrich-entraron-en-un-inesperado-cortocircuito-y-hacen-crujir-el-pacto-con-milei\/\">\u00a0<span style=\"color: #000000;\">el rol de\u00a0<b>Patricia Bullrich <\/b><\/span><\/a>como titular de Seguridad, el mismo cargo que ocup\u00f3 durante la gesti\u00f3n de Cambiemos, entre 2015 y 2019.<\/p>\n<p class=\"paragraph\" data-mrf-recirculation=\"Links inline\">\u201cEso se tiene que estar terminando de madurar en estos d\u00edas. A m\u00ed me parece que ha tenido una actividad destacable en esa cartera. Si ella decidiera sumarse, ser\u00eda una gran adquisici\u00f3n, ser\u00eda un gran fichaje\u201d, indic\u00f3 Milei, m\u00e1s temprano, consultado en\u00a0<i>La Red<\/i>. Aunque la ex candidata presidencial evit\u00f3 pronunciarse al respecto, en los \u00faltimos d\u00edas<span style=\"color: #000000;\">\u00a0<a style=\"color: #000000;\" href=\"https:\/\/www.infobae.com\/politica\/2023\/11\/29\/javier-milei-regreso-al-pais-tras-su-gira-por-estados-unidos-y-confirmo-que-luis-caputo-sera-su-ministro-de-economia\/\" target=\"_blank\" rel=\"noopener noreferrer\" data-mrf-link=\"https:\/\/www.infobae.com\/politica\/2023\/11\/29\/javier-milei-regreso-al-pais-tras-su-gira-por-estados-unidos-y-confirmo-que-luis-caputo-sera-su-ministro-de-economia\/\">hizo correr una foto junto al designado ministro de Seguridad porte\u00f1o,\u00a0<b>Waldo Wollf<\/b><\/a>. \u00bfHabr<\/span>\u00e1 sido una se\u00f1al?<\/p>\n<div class=\"rawHTML raw_html \"><img decoding=\"async\" class=\"responsive\" src=\"https:\/\/www.infobae.com\/new-resizer\/zpNltUqBFHXI2Y-7u-NVbn4o1i0=\/arc-anglerfish-arc2-prod-infobae\/public\/GGVCZ6EGABEGRIFNMJDNNO5D3Y.jpg\" alt=\"infografia\" \/><\/div>\n<p class=\"paragraph\" data-mrf-recirculation=\"Links inline\">Dentro del esquema inicial de ocho ministerios que planea instrumentar Milei, la otra duda ser\u00eda qui\u00e9n encabezar\u00e1 el \u00e1rea de Defensa. En las \u00faltimas horas, circul\u00f3 con fuerza el nombre de<b>\u00a0Luis Petri<\/b>, el radical mendocino que acompa\u00f1\u00f3 a Bullrich como compa\u00f1ero de f\u00f3rmula. En ambas \u00e1reas, Seguridad y Defensa, tiene injerencia la vicepresidenta electa\u00a0<b>Victoria Villarruel<\/b>, quiz\u00e1 eso explique<a href=\"https:\/\/www.infobae.com\/politica\/2023\/11\/26\/javier-milei-y-victoria-villarruel-un-vinculo-danado-por-la-desconfianza-y-la-sospecha-de-una-traicion\/\" target=\"_blank\" rel=\"noopener noreferrer\" data-mrf-link=\"https:\/\/www.infobae.com\/politica\/2023\/11\/26\/javier-milei-y-victoria-villarruel-un-vinculo-danado-por-la-desconfianza-y-la-sospecha-de-una-traicion\/\">\u00a0las tensiones solapadas con Milei\u00a0<\/a>de los \u00faltimos d\u00edas.<\/p>\n<div class=\"recommended-card__info\">\n<div class=\"recommended-card__info-button recommended-card__info-button--infobae\">Luego, algunas certezas: <b>Nicol\u00e1s Posse<\/b>, que acompa\u00f1\u00f3 al presidente electo a Estados Unidos, ser\u00e1 jefe de Gabinete;\u00a0<b>Guillermo Ferraro<\/b>\u00a0estar\u00e1 a cargo de Infraestructura y Sandra\u00a0<b>Pettovello<\/b>\u00a0de Capital Humano, dos superministerios que nuclean \u00e1reas como Obras P\u00fablicas, Transporte, Energ\u00eda, Miner\u00eda, Salud, Educaci\u00f3n, Trabajo y Desarrollo Social. Tambi\u00e9n est\u00e1 confirmada\u00a0<b>Diana Mondino<\/b>\u00a0como Canciller; a\u00a0<b>Guillermo Francos<\/b>, que\u00a0<a href=\"https:\/\/www.infobae.com\/politica\/2023\/11\/28\/eduardo-de-pedro-esta-reunido-con-guillermo-francos-para-empezar-la-transicion-en-el-ministerio-del-interior\/\" target=\"_blank\" rel=\"noopener noreferrer\" data-mrf-link=\"https:\/\/www.infobae.com\/politica\/2023\/11\/28\/eduardo-de-pedro-esta-reunido-con-guillermo-francos-para-empezar-la-transicion-en-el-ministerio-del-interior\/\">ya <span style=\"color: #000000;\">inici\u00f3 la transici\u00f3n con<b>\u00a0Wado de Pedro<\/b><\/span><\/a><span style=\"color: #000000;\">,<\/span> como ministro del Interior; y a\u00a0<b>Mariano C\u00faneo Libarona<\/b>\u00a0en Justicia.<\/div>\n<\/div>\n<p class=\"paragraph\" data-mrf-recirculation=\"Links inline\">Hay otras dudas en el esquema libertario: el rol que podr\u00eda ocupar el expresidente del Banco Naci\u00f3n\u00a0<b>Federico Sturzenegger<\/b>. Podr\u00eda estar a cargo de Modernizaci\u00f3n, para aplicar el recorte que predica el propio Milei, aunque todav\u00eda no se defini\u00f3 si ser\u00e1 otro ministerio o una secretar\u00eda.<\/p>\n<div class=\"recommended-card__info\">\n<div class=\"recommended-card__info-button recommended-card__info-button--infobae\">Tambi\u00e9n est\u00e1 el interrogante de qui\u00e9n ocupar\u00e1 la secretar\u00eda general de la Presidencia y la Legal y T\u00e9cnica. Para el primer lugar se mencion\u00f3 a <b>Karina Milei<\/b>, la hermana del presidente electo que ocup\u00f3 un rol clave durante la campa\u00f1a, pero no tendr\u00eda un cargo en el gabinete. Para el segundo, se mencion\u00f3 a\u00a0<b>Santiago Viola<\/b>, apoderado del economista libertario en la Justicia.<\/div>\n<\/div>\n<p class=\"paragraph\" data-mrf-recirculation=\"Links inline\">En ANSES\u00a0<a href=\"https:\/\/www.infobae.com\/economia\/2023\/11\/24\/quien-es-osvaldo-giordano-el-elegido-por-javier-milei-para-dirigir-la-anses\/\" target=\"_blank\" rel=\"noopener noreferrer\" data-mrf-link=\"https:\/\/www.infobae.com\/economia\/2023\/11\/24\/quien-es-osvaldo-giordano-el-elegido-por-javier-milei-para-dirigir-la-anses\/\"><span style=\"color: #000000;\">ya qued\u00f3 confirmado\u00a0<\/span><b><span style=\"color: #000000;\">Osvaldo Giordano<\/span><\/b><\/a>. Aunque en un principio este lugar iba a estar ocupado por\u00a0<b>Carolina P\u00edparo<\/b>, el libertario privilegi\u00f3<b>\u00a0el acuerdo pol\u00edtico con el gobernador Juan Schiaretti<\/b>: el futuro funcionario es el actual ministro de Finanzas de C\u00f3rdoba y fue clave en las negociaciones con el organismo nacional por las deudas con la Caja de Jubilaciones de esa provincia.<\/p>\n<div class=\"rawHTML raw_html \"><img decoding=\"async\" class=\"responsive\" src=\"https:\/\/www.infobae.com\/new-resizer\/7XQIk-rwXCUqcFBtP8wXKlCdGu0=\/arc-anglerfish-arc2-prod-infobae\/public\/ZPYZSRO4IZAUZGKXYLM3QCNZSI.jpg\" alt=\"infografia\" \/><\/div>\n<h2 class=\"header headline-class-h2\">El resto de los puestos<\/h2>\n<p class=\"paragraph\" data-mrf-recirculation=\"Links inline\"><b>YPF<\/b>:\u00a0<a href=\"https:\/\/www.infobae.com\/economia\/2023\/11\/22\/quien-es-horacio-marin-el-petrolero-que-eligio-milei-para-ser-presidente-y-ceo-de-ypf\/\" target=\"_blank\" rel=\"noopener noreferrer\" data-mrf-link=\"https:\/\/www.infobae.com\/economia\/2023\/11\/22\/quien-es-horacio-marin-el-petrolero-que-eligio-milei-para-ser-presidente-y-ceo-de-ypf\/\">Horacio Mar\u00edn<\/a>. Se trata de un profesional muy respetado en el sector con m\u00e1s de 30 a\u00f1os en Tecpetrol, la empresa de petr\u00f3leo y gas de Techint.<\/p>\n<p class=\"paragraph\" data-mrf-recirculation=\"Links inline\"><b>Banco Central<\/b>: sigue la inc\u00f3gnita en torno al funcionario que estar\u00e1 dedicado a cerrar la entidad monetaria, seg\u00fan prometi\u00f3 el propio Milei en campa\u00f1a.\u00a0<b>Emilio Ocampo<\/b>\u00a0y\u00a0<b>Demian Reidel<\/b>\u00a0<a href=\"https:\/\/www.infobae.com\/economia\/2023\/11\/25\/se-demora-la-conformacion-del-binomio-economico-de-milei-demian-reidel-no-seria-presidente-del-banco-central\/\" target=\"_blank\" rel=\"noopener noreferrer\" data-mrf-link=\"https:\/\/www.infobae.com\/economia\/2023\/11\/25\/se-demora-la-conformacion-del-binomio-economico-de-milei-demian-reidel-no-seria-presidente-del-banco-central\/\">se bajaron de esta carrera<\/a>. \u201cPara evitar especulaciones, quiero confirmar que en este momento no voy a ejercer la presidencia del BCRA. El presidente Milei cuenta con mi apoyo absoluto. Ser\u00e1 un honor y un placer seguir colaborando con la construcci\u00f3n de la nueva Argentina\u201d, sostuvo Reidel la semana pasada en las redes sociales.<\/p>\n<p class=\"paragraph\" data-mrf-recirculation=\"Links inline\"><b>Banco Naci\u00f3n<\/b>: vacante.<\/p>\n<p class=\"paragraph\" data-mrf-recirculation=\"Links inline\"><b>AFI<\/b>: vacante.<\/p>\n<p class=\"paragraph\" data-mrf-recirculation=\"Links inline\"><b>AFIP<\/b>: vacante.<\/p>\n<p class=\"paragraph\" data-mrf-recirculation=\"Links inline\"><b>Secretario de Cultura<\/b>:\u00a0<a href=\"https:\/\/www.infobae.com\/cultura\/2023\/11\/21\/cuales-seran-los-ejes-de-gestion-de-leonardo-cifelli-designado-secretario-de-cultura-de-la-nacion\/\" target=\"_blank\" rel=\"noopener noreferrer\" data-mrf-link=\"https:\/\/www.infobae.com\/cultura\/2023\/11\/21\/cuales-seran-los-ejes-de-gestion-de-leonardo-cifelli-designado-secretario-de-cultura-de-la-nacion\/\">Leonardo Cifelli<\/a>. El productor teatral y ex jefe de gabinete de \u00c1ngel Mahler en el Ministerio de Cultura de Buenos Aires, trabaja en la conformaci\u00f3n de su equipo. Seg\u00fan pudo confirmar\u00a0<b>Infobae\u00a0<\/b>Cultura, Liliana Barela ser\u00e1 la pr\u00f3xima Subsecretaria de Patrimonio; Gonzalo Demar\u00eda estar\u00e1 al frente del Teatro Nacional y Valeria Ambrosio, del Centro Cultural Kirchner.<\/p>\n<p class=\"paragraph\" data-mrf-recirculation=\"Links inline\"><b>Secretario de Desarrollo Social<\/b>:\u00a0<a href=\"https:\/\/www.infobae.com\/politica\/2023\/11\/22\/el-gabinete-libertario-perfil-del-nuevo-secretario-de-desarrollo-social-a-cargo-de-los-planes-y-la-relacion-con-los-piqueteros\/\" target=\"_blank\" rel=\"noopener noreferrer\" data-mrf-link=\"https:\/\/www.infobae.com\/politica\/2023\/11\/22\/el-gabinete-libertario-perfil-del-nuevo-secretario-de-desarrollo-social-a-cargo-de-los-planes-y-la-relacion-con-los-piqueteros\/\">Pablo de la Torre<\/a>. El hermano del exintendente de San Miguel, Joaqu\u00edn de la Torre, comandar\u00e1 un \u00e1rea clave para el manejo de la conflictividad social porque tendr\u00e1 a su cargo la coordinaci\u00f3n de los planes sociales y la relaci\u00f3n con los piqueteros.<\/p>\n<p class=\"paragraph\" data-mrf-recirculation=\"Links inline\"><b>Secretario de Trabajo<\/b>:\u00a0<a href=\"https:\/\/www.infobae.com\/politica\/2023\/11\/24\/omar-yasin-un-abogado-laboralista-del-pro-sera-el-secretario-de-trabajo-del-gobierno-de-milei\/\" target=\"_blank\" rel=\"noopener noreferrer\" data-mrf-link=\"https:\/\/www.infobae.com\/politica\/2023\/11\/24\/omar-yasin-un-abogado-laboralista-del-pro-sera-el-secretario-de-trabajo-del-gobierno-de-milei\/\">Omar Yas\u00edn<\/a>. Fue funcionario con Jorge Triaca e integr\u00f3 los equipos t\u00e9cnicos de Patricia Bullrich. Ser\u00e1 el encargado de aplicar la reforma laboral desde el futuro Ministerio de Capital Humano.<\/p>\n<p class=\"paragraph\" data-mrf-recirculation=\"Links inline\"><b>Secretario de Educaci\u00f3n<\/b>: vacante.<\/p>\n<p class=\"paragraph\" data-mrf-recirculation=\"Links inline\"><b>Secretario de Salud<\/b>: vacante.<\/p>\n<p class=\"paragraph\" data-mrf-recirculation=\"Links inline\"><b>Secretario de Energ\u00eda<\/b>:\u00a0<a href=\"https:\/\/www.infobae.com\/economia\/2023\/11\/28\/eduardo-rodriguez-chirillo-fue-confirmado-oficialmente-como-secretario-de-energia-de-milei-quien-es-y-como-piensa\/\" target=\"_blank\" rel=\"noopener noreferrer\" data-mrf-link=\"https:\/\/www.infobae.com\/economia\/2023\/11\/28\/eduardo-rodriguez-chirillo-fue-confirmado-oficialmente-como-secretario-de-energia-de-milei-quien-es-y-como-piensa\/\">Eduardo Rodr\u00edguez Chirillo<\/a>. Es especialista en privatizaciones y asesor\u00f3 al l\u00edder de La Libertad Avanza durante la campa\u00f1a.<\/p>\n<p class=\"paragraph\" data-mrf-recirculation=\"Links inline\"><b>Secretario de Obras P\u00fablicas<\/b>: vacante.<\/p>\n<p class=\"paragraph\" data-mrf-recirculation=\"Links inline\"><b>Secretario de Transporte<\/b>: todav\u00eda vacante, pero suena el nombre de\u00a0<b>Franco Mogetta<\/b>, otro dirigente ligado a Schiaretti y actual titular de \u00e1rea en C\u00f3rdoba.<\/p>\n<p class=\"paragraph\" data-mrf-recirculation=\"Links inline\"><b>Secretario de Miner\u00eda<\/b>: todav\u00eda vacante, pero suena el nombre de\u00a0<b>Sergio Arbeleche<\/b>.<\/p>\n<p class=\"paragraph\" data-mrf-recirculation=\"Links inline\"><b>Secretario de Comunicaciones<\/b>: vacante.<\/p>\n<p data-mrf-recirculation=\"Links inline\">\n<\/div>\n<p data-mrf-recirculation=\"Links inline\"><strong>Nota e infograf\u00eda publicada en el portal Infobae.com<\/strong><\/p>\n<p data-mrf-recirculation=\"Links inline\">Foto portada: gentileza Ambito Financiero.<\/p>\n<\/article>\n<\/section>\n","protected":false},"excerpt":{"rendered":"<p>LOS CONFIRMADOS, PUESTOS VACANTES Y LAS DUDAS.<\/p>\n","protected":false},"author":3,"featured_media":23300,"comment_status":"open","ping_status":"open","sticky":false,"template":"","format":"standard","meta":{"footnotes":"","jetpack_publicize_message":"","jetpack_publicize_feature_enabled":true,"jetpack_social_post_already_shared":true,"jetpack_social_options":{"image_generator_settings":{"template":"highway","default_image_id":0,"font":"","enabled":false},"version":2}},"categories":[13],"tags":[2555,2556],"class_list":["post-23298","post","type-post","status-publish","format-standard","has-post-thumbnail","hentry","category-interes-general","tag-gabinete-milei","tag-infobae-fuene"],"jetpack_publicize_connections":[],"jetpack_featured_media_url":"https:\/\/revistaepocadigital.com.ar\/wp-content\/uploads\/2023\/11\/bulrich-milei-caputojpg.webp","jetpack_likes_enabled":true,"_links":{"self":[{"href":"https:\/\/revistaepocadigital.com.ar\/index.php?rest_route=\/wp\/v2\/posts\/23298","targetHints":{"allow":["GET"]}}],"collection":[{"href":"https:\/\/revistaepocadigital.com.ar\/index.php?rest_route=\/wp\/v2\/posts"}],"about":[{"href":"https:\/\/revistaepocadigital.com.ar\/index.php?rest_route=\/wp\/v2\/types\/post"}],"author":[{"embeddable":true,"href":"https:\/\/revistaepocadigital.com.ar\/index.php?rest_route=\/wp\/v2\/users\/3"}],"replies":[{"embeddable":true,"href":"https:\/\/revistaepocadigital.com.ar\/index.php?rest_route=%2Fwp%2Fv2%2Fcomments&post=23298"}],"version-history":[{"count":0,"href":"https:\/\/revistaepocadigital.com.ar\/index.php?rest_route=\/wp\/v2\/posts\/23298\/revisions"}],"wp:featuredmedia":[{"embeddable":true,"href":"https:\/\/revistaepocadigital.com.ar\/index.php?rest_route=\/wp\/v2\/media\/23300"}],"wp:attachment":[{"href":"https:\/\/revistaepocadigital.com.ar\/index.php?rest_route=%2Fwp%2Fv2%2Fmedia&parent=23298"}],"wp:term":[{"taxonomy":"category","embeddable":true,"href":"https:\/\/revistaepocadigital.com.ar\/index.php?rest_route=%2Fwp%2Fv2%2Fcategories&post=23298"},{"taxonomy":"post_tag","embeddable":true,"href":"https:\/\/revistaepocadigital.com.ar\/index.php?rest_route=%2Fwp%2Fv2%2Ftags&post=23298"}],"curies":[{"name":"wp","href":"https:\/\/api.w.org\/{rel}","templated":true}]}}