{"id":2338,"date":"2019-05-09T16:53:32","date_gmt":"2019-05-09T19:53:32","guid":{"rendered":"https:\/\/revistaepocadigital.com.ar\/?p=2338"},"modified":"2019-05-09T16:53:32","modified_gmt":"2019-05-09T19:53:32","slug":"un-soplo-de-aire-puro","status":"publish","type":"post","link":"https:\/\/revistaepocadigital.com.ar\/?p=2338","title":{"rendered":"UN SOPLO DE AIRE PURO"},"content":{"rendered":"<p><strong>LOS JARDINES DE INFANTES REPRESENTAN EL PRIMER PASO.<\/strong><!--more--><\/p>\n<p>Son los espacios donde los m\u00e1s chiquitos, comienzan su camino educativo, clave y fundamental para el futuro. Y el trabajo diario representa avances en beneficio de las ni\u00f1as y ni\u00f1os, desarrollandose diversas y numerosas actividades en las que puedan interactuar.<\/p>\n<p>El director de EPOCA, comprob\u00f3 el sentido e importancia que tiene para los docentes abocados a los jardines de infantes, ense\u00f1ar, enriquecer a los chicos desde temprana edad. A instancias de <strong>Martina Sanchez <\/strong><strong>Costantini, Orientadora Vocacional,<\/strong> concurri\u00f3 al <strong>Jard\u00edn de Infantes 906 &#8220;Don Carlos Lemee&#8221;<\/strong> de Exaltaci\u00f3n de la Cruz, a modo de comentarle a los chicos de la <strong>Sala Azul,<\/strong> algunos pormenores de como mes a mes, se lleva adelante el trabajo para que la Revista EPOCA, llegue a las manos de los lectores.<\/p>\n<figure id=\"attachment_2342\" aria-describedby=\"caption-attachment-2342\" style=\"width: 696px\" class=\"wp-caption aligncenter\"><img loading=\"lazy\" decoding=\"async\" class=\"size-large wp-image-2342\" src=\"https:\/\/revistaepocadigital.com.ar\/wp-content\/uploads\/2019\/05\/jardin3-1024x576.jpg\" alt=\"\" width=\"696\" height=\"392\" srcset=\"https:\/\/revistaepocadigital.com.ar\/wp-content\/uploads\/2019\/05\/jardin3-1024x576.jpg 1024w, https:\/\/revistaepocadigital.com.ar\/wp-content\/uploads\/2019\/05\/jardin3-300x169.jpg 300w, https:\/\/revistaepocadigital.com.ar\/wp-content\/uploads\/2019\/05\/jardin3-768x432.jpg 768w, https:\/\/revistaepocadigital.com.ar\/wp-content\/uploads\/2019\/05\/jardin3-696x392.jpg 696w, https:\/\/revistaepocadigital.com.ar\/wp-content\/uploads\/2019\/05\/jardin3.jpg 1032w, https:\/\/revistaepocadigital.com.ar\/wp-content\/uploads\/2019\/05\/jardin3-746x420.jpg 746w\" sizes=\"auto, (max-width: 696px) 100vw, 696px\" \/><figcaption id=\"caption-attachment-2342\" class=\"wp-caption-text\">Un pasaje del encuentro con los chicos.<\/figcaption><\/figure>\n<p>La iniciativa de acuerdo a lo comentado por la Orientadora Vocacional\u00a0 fue,<em> &#8220;en el marco de pr\u00e1cticas del lenguaje&#8221;,<\/em> y acot\u00f3,<em> &#8220;los chicos van a armar el diario de la Sala Azul, por eso han venido trabajando en <\/em><em>como lleva adelante su trabajo un periodista, entre otros aspectos relacionados&#8221;.<\/em><\/p>\n<p>El Jard\u00edn de Infantes de Carlos Lemee cuenta como directora a <strong>Elsa Aguilar,<\/strong> y la maestra a cargo de la Sala Azul es<strong> Cecilia Mart\u00ednez<\/strong> quien mostr\u00f3 a EPOCA el esquema del trabajo mencionado que han de llevar adelante los chicos al tiempo que expres\u00f3,<em> &#8220;al jard\u00edn que funciona en horario matutino y vespertino, concurren unos <\/em><em>80 chicos que en su mayor\u00eda son de los aleda\u00f1os, si bien otros vienen desde otros puntos del<\/em> d<em>istrito&#8221;<\/em>.<\/p>\n<p>En lo que hace a los chicos que asisten a la Sala Azul, son Valentin, Juan Ignacio T, Juan Ignacio A, Esteban, Segundo, Hector, Alexis, Sebastian, Luz, Mia, Valeria, Hara, Zoe, Bianca y Nahiara, cada uno con sus sue\u00f1os y anhelos como lo fueron contando uno a uno, que ojal\u00e1 la vida se los permita concretar.<\/p>\n<p><img loading=\"lazy\" decoding=\"async\" class=\"aligncenter size-large wp-image-2344\" src=\"https:\/\/revistaepocadigital.com.ar\/wp-content\/uploads\/2019\/05\/jardin9-1024x576.jpg\" alt=\"\" width=\"696\" height=\"392\" srcset=\"https:\/\/revistaepocadigital.com.ar\/wp-content\/uploads\/2019\/05\/jardin9-1024x576.jpg 1024w, https:\/\/revistaepocadigital.com.ar\/wp-content\/uploads\/2019\/05\/jardin9-300x169.jpg 300w, https:\/\/revistaepocadigital.com.ar\/wp-content\/uploads\/2019\/05\/jardin9-768x432.jpg 768w, https:\/\/revistaepocadigital.com.ar\/wp-content\/uploads\/2019\/05\/jardin9-696x392.jpg 696w, https:\/\/revistaepocadigital.com.ar\/wp-content\/uploads\/2019\/05\/jardin9.jpg 1032w, https:\/\/revistaepocadigital.com.ar\/wp-content\/uploads\/2019\/05\/jardin9-746x420.jpg 746w\" sizes=\"auto, (max-width: 696px) 100vw, 696px\" \/><\/p>\n<p>Encontrarse con ni\u00f1os peque\u00f1os, que adem\u00e1s obsequiaron a nuestro director de un dibujo elaborado por ellos mismos, m\u00e1s all\u00e1 de trasladarle aspectos que hacen a como se trabaja en una publicaci\u00f3n escrita como EPOCA, para que cada edici\u00f3n mensual llegue a manos de los lectores, represent\u00f3 un momento edificante y motivador, al percibir en las respuestas so\u00f1adoras y los ojitos brillantes, tantos anhelos. Sin dudas, un soplo de aire puro.<\/p>\n<p>Fotos: Jard\u00edn de Infantes 906.<\/p>\n","protected":false},"excerpt":{"rendered":"<p>LOS JARDINES DE INFANTES REPRESENTAN EL PRIMER PASO.<\/p>\n","protected":false},"author":4,"featured_media":2341,"comment_status":"open","ping_status":"open","sticky":false,"template":"","format":"standard","meta":{"footnotes":"","jetpack_publicize_message":"","jetpack_publicize_feature_enabled":true,"jetpack_social_post_already_shared":false,"jetpack_social_options":{"image_generator_settings":{"template":"highway","default_image_id":0,"font":"","enabled":false},"version":2}},"categories":[6,13],"tags":[326],"class_list":["post-2338","post","type-post","status-publish","format-standard","has-post-thumbnail","hentry","category-barrios","category-interes-general","tag-jardin-de-infantes-carlos-lemee"],"jetpack_publicize_connections":[],"jetpack_featured_media_url":"https:\/\/revistaepocadigital.com.ar\/wp-content\/uploads\/2019\/05\/JARDIN6.jpg","jetpack_likes_enabled":true,"_links":{"self":[{"href":"https:\/\/revistaepocadigital.com.ar\/index.php?rest_route=\/wp\/v2\/posts\/2338","targetHints":{"allow":["GET"]}}],"collection":[{"href":"https:\/\/revistaepocadigital.com.ar\/index.php?rest_route=\/wp\/v2\/posts"}],"about":[{"href":"https:\/\/revistaepocadigital.com.ar\/index.php?rest_route=\/wp\/v2\/types\/post"}],"author":[{"embeddable":true,"href":"https:\/\/revistaepocadigital.com.ar\/index.php?rest_route=\/wp\/v2\/users\/4"}],"replies":[{"embeddable":true,"href":"https:\/\/revistaepocadigital.com.ar\/index.php?rest_route=%2Fwp%2Fv2%2Fcomments&post=2338"}],"version-history":[{"count":0,"href":"https:\/\/revistaepocadigital.com.ar\/index.php?rest_route=\/wp\/v2\/posts\/2338\/revisions"}],"wp:featuredmedia":[{"embeddable":true,"href":"https:\/\/revistaepocadigital.com.ar\/index.php?rest_route=\/wp\/v2\/media\/2341"}],"wp:attachment":[{"href":"https:\/\/revistaepocadigital.com.ar\/index.php?rest_route=%2Fwp%2Fv2%2Fmedia&parent=2338"}],"wp:term":[{"taxonomy":"category","embeddable":true,"href":"https:\/\/revistaepocadigital.com.ar\/index.php?rest_route=%2Fwp%2Fv2%2Fcategories&post=2338"},{"taxonomy":"post_tag","embeddable":true,"href":"https:\/\/revistaepocadigital.com.ar\/index.php?rest_route=%2Fwp%2Fv2%2Ftags&post=2338"}],"curies":[{"name":"wp","href":"https:\/\/api.w.org\/{rel}","templated":true}]}}