{"id":23384,"date":"2023-12-08T15:24:10","date_gmt":"2023-12-08T18:24:10","guid":{"rendered":"https:\/\/revistaepocadigital.com.ar\/?p=23384"},"modified":"2023-12-09T16:27:06","modified_gmt":"2023-12-09T19:27:06","slug":"asume-diego-nanni-afronta-la-segunda-gestion-al-frente-del-municipio-en-momentos-cruciales-del-pais","status":"publish","type":"post","link":"https:\/\/revistaepocadigital.com.ar\/?p=23384","title":{"rendered":"ASUMI\u00d3 DIEGO NANNI SU SEGUNDO MANDATO. SANCHO NUEVO PRESIDENTE DEL HCD, CAMBIOS EN EL GABINETE MUNICIPAL"},"content":{"rendered":"<p><strong>SESI\u00d3N ESPECIAL EN EL CONCEJO DELIBERANTE. RA\u00daL SANCHO (JUNTOS POR EL CAMBIO), SORPRESA LUEGO DE NEGOCIACIONES, DESIGNADO NUEVO PRESIDENTE DEL CUERPO. TAMBI\u00c9N JURARON NUEVOS CONCEJALES.<\/strong><\/p>\n<p><strong>EL JEFE COMUNAL ANUNCI\u00d3 PARTE DE SU GABINETE. MAR\u00cdA JOS\u00c9 LONGARELLA, NUEVA SECRETARIA DE SALUD.<\/strong><\/p>\n<p>&nbsp;<\/p>\n<p><!--more--><\/p>\n<div dir=\"auto\">OY SE REALIZ\u00d3 ,EL JURAMENTO DE LOS NUEVOS CONCEJALES Y DEL INTENDENTE DIEGO NANNI.<\/div>\n<div dir=\"auto\">TAMBI\u00c9N LA DESIGNACI\u00d3N DE LAS NUEVAS AUTORIDADES DEL HCD.<\/div>\n<div dir=\"auto\">El Concejo Deliberante de Exaltaci\u00f3n de la Cruz, totalmente polarizado, eligi\u00f3 este viernes a Ra\u00fal Sancho, de Juntos por el Cambio, como nuevo presidente. Sancho obtuvo los votos de los seis concejales de su partido, m\u00e1s los votos de los dos concejales de la Libertad Avanza y del oficialismo.<\/div>\n<div dir=\"auto\">Por su parte el frente de Uni\u00f3n por la Patria, logr\u00f3 instalar a Luis Mariano Martin primer vicepresidente y como Secretario Legislativo al dr cesar franzanti, con el apoyo de todos los bloques.<\/div>\n<p>&nbsp;<\/p>\n<p style=\"text-align: center;\"><span style=\"color: #ff0000;\"><strong>&#8212;&#8212;&#8212;&#8212;&#8212;&#8212;&#8212;&#8212;&#8212;<\/strong><\/span><\/p>\n<p>El de<strong> Diego Nanni<\/strong> como intendente municipal de<strong> Exaltaci\u00f3n de la Cruz<\/strong> luego de cuatro a\u00f1os muy cargado de acontecimientos, mientras aguardan al distrito y al pa\u00eds, cuatro a\u00f1os m\u00e1s de un gobierno nacional encabezado por<strong> Javier Milei<\/strong> en un in\u00e9dito proceso; gobiernos provinciales y municipales, acompa\u00f1ados por el <strong>ferviente anhelo y fe de los argentinos en alcanzar un pa\u00eds que permita vivir con dignidad, trabajo, seguridad, salud, educaci\u00f3n como largamente se merece.<\/strong><\/p>\n<p style=\"text-align: center;\"><span style=\"color: #ff6600;\"><strong>RA\u00daL SANCHO, NUEVO PRESIDENTE DEL CONCEJO<\/strong><\/span>.<\/p>\n<p>En Exaltaci\u00f3n de la Cruz, jur\u00f3<strong>\u00a0Nanni ante el Concejo Deliberante<\/strong> como intendente luego de haber sido legitimado en las urnas. Tambi\u00e9n juraban los <strong>nuevos concejales, Denisa Soledad Ver\u00f3n y Esteban Lizaso, <\/strong>destac\u00e1ndose ambos ingreso como ediles en representaci\u00f3n de La Libertad Avanza (LLA).<\/p>\n<p>A su vez, instancia de negociaciones y acuerdos previos entre los bloques partidarios, fue designado el nuevo presidente del cuerpo. Cuando se produjeron esas conversaciones, pudo saberse que Sancho propuso como nueva titular del cuerpo a Denisa Ver\u00f3n (LLA); en tanto que el intendente Nanni quien tambi\u00e9n habr\u00eda participado de la reuni\u00f3n, consider\u00f3 que quien deb\u00eda conducir al HDC era Sancho.<\/p>\n<p>Finalmente se arrib\u00f3 a un acuerdo, y el hombre que ha de estar al frente del Concejo en los pr\u00f3ximos cuatro a\u00f1os, es<strong> Ra\u00fal Sancho<\/strong> de Juntos por el Cambio. Vaya verdadera paradoja,, luego de ganar las elecciones de medio t\u00e9rmino, Sancho aspiraba junto a JxC a ser el titular del HCD. Sin embargo, aquel pol\u00e9mico y tan controversial episodio protagonizado por la entonces concejal Ver\u00f3nica Dreir, ingresada al cuerpo con los votos de JxC, no apoy\u00f3 la candidatura del abogado y finalmente, la presidencia recay\u00f3 en<strong> Emmanuel Mart\u00ednez,<\/strong> referente de La C\u00e1mpora. El sector ultra kirchnerista que ha perdido peso en el arco pol\u00edtico de Exaltaci\u00f3n de la Cruz.<\/p>\n<p>As\u00ed entonces, luego de las elecciones generales en que como Sancho como candidato a intendente por JxC, fue derrotado en forma amplia por el oficialismo (Uni\u00f3n por la Patria) encabezado por Diego Nanni, accedi\u00f3 pues a ser presidente del HCD propuesto por Nanni&#8230;<\/p>\n<p>En relaci\u00f3n al tema, la informaci\u00f3n oficial divulgada a trav\u00e9s de la cuenta de la municipalidad en la red social Facebook, consign\u00f3 que <em>&#8220;Sancho obtuvo los votos de los seis concejales de su partido, m\u00e1s los votos de los dos concejales de la Libertad Avanza y del oficialismo&#8221;. <\/em>Las autoridades del Concejo para el per\u00edodo iniciado, quedaron as\u00ed definidas.\u00a0 Adem\u00e1s de Sancho como presidente, Uni\u00f3n por la Patria logr\u00f3 instalar al nuevo concejal <strong>Luis Mariano Mart\u00edn<\/strong> como vicepresidente 1\u00b0, y la designaci\u00f3n de abogado C<strong>\u00e9sar Franzanti<\/strong> como secretario legislativo, fue respaldada por todos los bloques.<\/p>\n<p>Por otro lado, con anterioridad, juraron los nuevos los integrantes del<strong> Consejo Escolar.<\/strong><\/p>\n<p style=\"text-align: center;\"><span style=\"color: #0000ff;\"><strong>&#8212;&#8212;&#8212;&#8212;&#8212;&#8212;&#8212;&#8212;&#8212;&#8212;&#8212;&#8212;&#8212;&#8212;<\/strong><\/span><\/p>\n<div class=\"x1cy8zhl x2bj2ny x78zum5 x1q0g3np\">\n<div class=\"x1iyjqo2\">\n<div class=\"x78zum5 xdt5ytf xz62fqu x16ldp7u\">\n<div class=\"xu06os2 x1ok221b\" style=\"text-align: center;\"><span style=\"color: #0000ff;\"><strong><span class=\"x193iq5w xeuugli x13faqbe x1vvkbs x1xmvt09 x1lliihq x1s928wv xhkezso x1gmr53x x1cpjm7i x1fgarty x1943h6x x4zkp8e x676frb x1nxh6w3 x1sibtaa xo1l8bm xi81zsa x1yc453h\" dir=\"auto\"><span class=\"xh99ass\"><span aria-hidden=\"true\">\u00a0\u00b7\u00a0<\/span><\/span><\/span><\/strong><\/span><\/div>\n<div>En la semana previa, Nanni recibi\u00f3 en la <strong>C\u00e1mara de Diputados de la Provincia de Buenos Aires,<\/strong> el diploma de intendente electo para el pr\u00f3ximo per\u00edodo, junto a legisladores y otros intendentes bonaerenses (foto portada). &#8220;A<em>gradezco a todos los que volvieron a confiar en nuestro trabajo, y aprobaron lo hecho en cuatro a\u00f1os muy desafiantes, en los que crecimos en infraestructura y servicios a nuestra comunidad. Vamos a seguir trabajando para impulsar a Exaltaci\u00f3n de la Cruz con m\u00e1s oportunidades para todos, manteniendo siempre nuestras ra\u00edces&#8221;,<\/em> dijo en la ocasi\u00f3n.<\/div>\n<div><\/div>\n<\/div>\n<\/div>\n<\/div>\n<p style=\"text-align: center;\"><span style=\"color: #0000ff;\"><strong>&#8212;&#8212;&#8212;&#8212;&#8212;&#8212;&#8212;&#8212;&#8212;&#8212;&#8212;&#8212;&#8212;&#8212;<\/strong><\/span><\/p>\n<p>&nbsp;<\/p>\n<p>Horas antes del momento trascendental para el quehacer de los exaltacrucenses, el <strong>intendente Nanni adelant\u00f3 a EPOCA<\/strong> algunas de las designaciones de funcionarios que lo van a acompa\u00f1ar en su gesti\u00f3n, tema que dio que hablar en los \u00faltimos d\u00edas, y reiter\u00f3 poniendo \u00e9nfasis en un eje central de su segundo mandato iniciado respecto a la labor de funcionarios, tal como mencionara en la reciente entrevista publicada por EPOCA,<strong><em> &#8220;menos oficinas y m\u00e1s calle&#8221;.<\/em><\/strong><\/p>\n<p><strong><em>&#8220;Respecto al nuevo gabinete municipal que me ha de acompa\u00f1ar, lo que digo es que hay temas a resolver en el organigrama del municipio desde las secretar\u00edas para abajo, y eso se ir\u00e1 concretando con el transcurrir de los d\u00edas&#8221;<\/em><\/strong>, expres\u00f3<strong><em>.<\/em><\/strong><\/p>\n<figure id=\"attachment_23389\" aria-describedby=\"caption-attachment-23389\" style=\"width: 200px\" class=\"wp-caption aligncenter\"><img loading=\"lazy\" decoding=\"async\" class=\"size-full wp-image-23389\" src=\"https:\/\/revistaepocadigital.com.ar\/wp-content\/uploads\/2023\/12\/lonrarela-mari-j.jpeg\" alt=\"\" width=\"200\" height=\"200\" srcset=\"https:\/\/revistaepocadigital.com.ar\/wp-content\/uploads\/2023\/12\/lonrarela-mari-j.jpeg 200w, https:\/\/revistaepocadigital.com.ar\/wp-content\/uploads\/2023\/12\/lonrarela-mari-j-150x150.jpeg 150w\" sizes=\"auto, (max-width: 200px) 100vw, 200px\" \/><figcaption id=\"caption-attachment-23389\" class=\"wp-caption-text\">La m\u00e9dica especialista Mar\u00eda Jos\u00e9 Longarela, nueva Secretaria de Salud.<\/figcaption><\/figure>\n<p>En cuanto a designaciones concretadas, mencion\u00f3:<strong><em> &#8220;Mar\u00eda Luz Bozzani es Secretaria de Gobierno; Mariela Nanni, Secretaria de Acci\u00f3n Social; Vanessa Russo, Secretaria de Desarrollo de la Comunidad; la doctora Mar\u00eda Jos\u00e9 Longarela, Secretaria de Salud&#8221;.<\/em><\/strong> Longarela, reconocida m\u00e9dica especialista, llega por primera vez a la funci\u00f3n p\u00fablica; en tanto Mariela Nanni ocup\u00f3 otro cargo durante los primeros cuatro a\u00f1os de gesti\u00f3n.<\/p>\n<p>Resalt\u00f3 Nanni despu\u00e9s, <strong><em>&#8220;la Secretar\u00eda de Coordinaci\u00f3n General no va a estar ocupada por nadie, esto en el marco del achique de la estructura municipal como ya he comentado, lo mismo que la Secretar\u00eda de Pol\u00edticas Educativas. Las funciones de ambas secretar\u00edas, ser\u00e1n llevadas a cabo por otras de las que mencion\u00e9 a modo de racionalizar actividades. Lo mismo ocurrir\u00e1 con las direcciones que integran el organigrama municipal, cuyos responsables vamos a ir definiendo en unos d\u00edas. En todos los casos<\/em><\/strong> (secretar\u00edas y direcciones)<strong><em>, con la prioridad puesta en estar junto a los vecinos, buscando que haya menos tiempo en las oficinas y m\u00e1s tiempo en las calles al lado de los vecinos&#8221;.<\/em><\/strong><\/p>\n<p>A la hora de marcar ratificaciones en \u00e1reas de la municipalidad, <strong>Nanni<\/strong> expres\u00f3, &#8220;<em><strong>Boubeta contin\u00faa en Seguridad, Marisa Bouj\u00f3n en Planificaci\u00f3n, Maxi Guti\u00e9rrez en Higiene Urbana. En definitiva, se abre un segundo per\u00edodo que es la continuidad del anterior, por lo tanto no tenemos apuro en ir resolviendo el organigrama completo del municipio.<\/strong><\/em><\/p>\n<p>&nbsp;<\/p>\n<p>Para el intendente, para los concejales, para los consejeros escolares<strong>. Otra etapa, seguramente crucial, ha comenzado.<\/strong><\/p>\n","protected":false},"excerpt":{"rendered":"<p>SESI\u00d3N ESPECIAL EN EL CONCEJO DELIBERANTE. RA\u00daL SANCHO (JUNTOS POR EL CAMBIO), SORPRESA LUEGO DE NEGOCIACIONES, DESIGNADO NUEVO PRESIDENTE DEL CUERPO. TAMBI\u00c9N JURARON NUEVOS CONCEJALES. EL JEFE COMUNAL ANUNCI\u00d3 PARTE DE SU GABINETE. MAR\u00cdA JOS\u00c9 LONGARELLA, NUEVA SECRETARIA DE SALUD. &nbsp;<\/p>\n","protected":false},"author":4,"featured_media":23391,"comment_status":"open","ping_status":"open","sticky":false,"template":"","format":"standard","meta":{"footnotes":"","jetpack_publicize_message":"","jetpack_publicize_feature_enabled":true,"jetpack_social_post_already_shared":true,"jetpack_social_options":{"image_generator_settings":{"template":"highway","default_image_id":0,"font":"","enabled":false},"version":2}},"categories":[17],"tags":[2152,474,66,2565,2566],"class_list":["post-23384","post","type-post","status-publish","format-standard","has-post-thumbnail","hentry","category-politica","tag-2152","tag-concejales","tag-nanni","tag-nuevo-periodo","tag-nuevoos-funcionarios"],"jetpack_publicize_connections":[],"jetpack_featured_media_url":"https:\/\/revistaepocadigital.com.ar\/wp-content\/uploads\/2023\/12\/nanni-diploma-23.jpg","jetpack_likes_enabled":true,"_links":{"self":[{"href":"https:\/\/revistaepocadigital.com.ar\/index.php?rest_route=\/wp\/v2\/posts\/23384","targetHints":{"allow":["GET"]}}],"collection":[{"href":"https:\/\/revistaepocadigital.com.ar\/index.php?rest_route=\/wp\/v2\/posts"}],"about":[{"href":"https:\/\/revistaepocadigital.com.ar\/index.php?rest_route=\/wp\/v2\/types\/post"}],"author":[{"embeddable":true,"href":"https:\/\/revistaepocadigital.com.ar\/index.php?rest_route=\/wp\/v2\/users\/4"}],"replies":[{"embeddable":true,"href":"https:\/\/revistaepocadigital.com.ar\/index.php?rest_route=%2Fwp%2Fv2%2Fcomments&post=23384"}],"version-history":[{"count":0,"href":"https:\/\/revistaepocadigital.com.ar\/index.php?rest_route=\/wp\/v2\/posts\/23384\/revisions"}],"wp:featuredmedia":[{"embeddable":true,"href":"https:\/\/revistaepocadigital.com.ar\/index.php?rest_route=\/wp\/v2\/media\/23391"}],"wp:attachment":[{"href":"https:\/\/revistaepocadigital.com.ar\/index.php?rest_route=%2Fwp%2Fv2%2Fmedia&parent=23384"}],"wp:term":[{"taxonomy":"category","embeddable":true,"href":"https:\/\/revistaepocadigital.com.ar\/index.php?rest_route=%2Fwp%2Fv2%2Fcategories&post=23384"},{"taxonomy":"post_tag","embeddable":true,"href":"https:\/\/revistaepocadigital.com.ar\/index.php?rest_route=%2Fwp%2Fv2%2Ftags&post=23384"}],"curies":[{"name":"wp","href":"https:\/\/api.w.org\/{rel}","templated":true}]}}