{"id":23394,"date":"2023-12-08T16:59:59","date_gmt":"2023-12-08T19:59:59","guid":{"rendered":"https:\/\/revistaepocadigital.com.ar\/?p=23394"},"modified":"2023-12-08T16:59:59","modified_gmt":"2023-12-08T19:59:59","slug":"la-estatua-de-nestor-kirchner-paso-del-cck-a-la-municipalidad-de-quilmes","status":"publish","type":"post","link":"https:\/\/revistaepocadigital.com.ar\/?p=23394","title":{"rendered":"La estatua de N\u00e9stor Kirchner pas\u00f3 del CCK a la municipalidad de Quilmes"},"content":{"rendered":"<header class=\"article-header-wrapper\">\n<div class=\"article-header \">\n<h4 class=\"article-subheadline left \"><em><strong>&#8220;SE LA LLEV\u00d3 CRISTINA&#8221;.<\/strong><\/em><!--more--><\/h4>\n<h5 class=\"article-subheadline left \">Fuentes de la municipalidad de Quilmes, que conduce Mayra Mendoza, confirmaron que la escultura, que estaba desde 2020 en el Centro Cultural Kirchner (CCK) en la ciudad de Buenos Aires, en el edificio donde funcionara el Correo Argentino, fue trasladada a Quilmes<\/h5>\n<\/div>\n<\/header>\n<p>Sacaron la estatua de N\u00e9stor Kirchner del CCK: <em>&#8220;Se la llev\u00f3 Cristina&#8221;,<\/em> dijo la nueva titular del centro cultural. De la mano de la asunci\u00f3n del nuevo gobierno nacional, la estatua del expresidente Kirchner,\u00a0 ya no no forma parte del escenario del lugar. El informe de Infobae.com<\/p>\n<p><img loading=\"lazy\" decoding=\"async\" class=\"alignleft size-medium wp-image-23396\" src=\"https:\/\/revistaepocadigital.com.ar\/wp-content\/uploads\/2023\/12\/kirchner-estatua-202x300.jpg\" alt=\"\" width=\"202\" height=\"300\" srcset=\"https:\/\/revistaepocadigital.com.ar\/wp-content\/uploads\/2023\/12\/kirchner-estatua-202x300.jpg 202w, https:\/\/revistaepocadigital.com.ar\/wp-content\/uploads\/2023\/12\/kirchner-estatua-807x1200.jpg 807w, https:\/\/revistaepocadigital.com.ar\/wp-content\/uploads\/2023\/12\/kirchner-estatua-768x1142.jpg 768w, https:\/\/revistaepocadigital.com.ar\/wp-content\/uploads\/2023\/12\/kirchner-estatua-696x1035.jpg 696w, https:\/\/revistaepocadigital.com.ar\/wp-content\/uploads\/2023\/12\/kirchner-estatua-283x420.jpg 283w, https:\/\/revistaepocadigital.com.ar\/wp-content\/uploads\/2023\/12\/kirchner-estatua-565x840.jpg 565w, https:\/\/revistaepocadigital.com.ar\/wp-content\/uploads\/2023\/12\/kirchner-estatua.jpg 810w\" sizes=\"auto, (max-width: 202px) 100vw, 202px\" \/><\/p>\n<p>&nbsp;<\/p>\n<article class=\"article\">\n<div class=\"body-article\">\n<p class=\"paragraph\" data-mrf-recirculation=\"Links inline\">La escultura, que originalmente fue colocada en la sede de la\u00a0<b>Uni\u00f3n de Naciones Suramericanas (Unasur<\/b>), en Quito, Ecuador, como celebraci\u00f3n del d\u00e9cimo aniversario de la muerte del expresidente. Antes de la asunci\u00f3n de Javier Milei, el monumento fue trasladado a Quilmes, seg\u00fan confirmaron fuentes del municipio bonaerense administradoa por Mayra Mendoza.<\/p>\n<div class=\"inline ad-wrapper\">\n<div class=\"dfpAd ad-inline\">\u201cEra una gesti\u00f3n que est\u00e1bamos haciendo desde antes del cambio de gobierno. La intendenta solicit\u00f3 permiso a UNASUR para el traslado\u201d, detallaron desde el municipio a Infobae. La nueva directora del CCK, Valeria Ambrosio, confirm\u00f3 (8-12) que la escultura ya no estaba en el lugar, aunque neg\u00f3 que haya sido una decisi\u00f3n de las autoridades que asum\u00edan el 10 de diciembre.<\/div>\n<div class=\"dfpAd ad-inline\"><\/div>\n<\/div>\n<p class=\"paragraph\" data-mrf-recirculation=\"Links inline\"><em>\u201c<b>La estatua se la llevaron, no se sac\u00f3. Se la llev\u00f3 Cristina, nadie la sac\u00f3<\/b>\u201d,<\/em> dijo Ambrosio en di\u00e1logo con la periodista Mar\u00eda O\u2019Donnell en radio Urbana Play.\u00a0Adem\u00e1s, la nueva funcionaria neg\u00f3 que vayan a modificar el nombre del lugar, tal como indicaban algunas versiones. \u201c<em>No, es rid\u00edculo eso, no me parece que sea algo inteligente de hacer. Es un lugar que naci\u00f3 de una manera, tiene un nombre y tiene una identidad que conservar\u201d,<\/em> subray\u00f3.<\/p>\n<\/div>\n<\/article>\n","protected":false},"excerpt":{"rendered":"<p>&#8220;SE LA LLEV\u00d3 CRISTINA&#8221;.<\/p>\n","protected":false},"author":3,"featured_media":23396,"comment_status":"open","ping_status":"open","sticky":false,"template":"","format":"standard","meta":{"footnotes":"","jetpack_publicize_message":"","jetpack_publicize_feature_enabled":true,"jetpack_social_post_already_shared":true,"jetpack_social_options":{"image_generator_settings":{"template":"highway","default_image_id":0,"font":"","enabled":false},"version":2}},"categories":[13],"tags":[2152,2567],"class_list":["post-23394","post","type-post","status-publish","format-standard","has-post-thumbnail","hentry","category-interes-general","tag-2152","tag-estatua-kirchner"],"jetpack_publicize_connections":[],"jetpack_featured_media_url":"https:\/\/revistaepocadigital.com.ar\/wp-content\/uploads\/2023\/12\/kirchner-estatua.jpg","jetpack_likes_enabled":true,"_links":{"self":[{"href":"https:\/\/revistaepocadigital.com.ar\/index.php?rest_route=\/wp\/v2\/posts\/23394","targetHints":{"allow":["GET"]}}],"collection":[{"href":"https:\/\/revistaepocadigital.com.ar\/index.php?rest_route=\/wp\/v2\/posts"}],"about":[{"href":"https:\/\/revistaepocadigital.com.ar\/index.php?rest_route=\/wp\/v2\/types\/post"}],"author":[{"embeddable":true,"href":"https:\/\/revistaepocadigital.com.ar\/index.php?rest_route=\/wp\/v2\/users\/3"}],"replies":[{"embeddable":true,"href":"https:\/\/revistaepocadigital.com.ar\/index.php?rest_route=%2Fwp%2Fv2%2Fcomments&post=23394"}],"version-history":[{"count":0,"href":"https:\/\/revistaepocadigital.com.ar\/index.php?rest_route=\/wp\/v2\/posts\/23394\/revisions"}],"wp:featuredmedia":[{"embeddable":true,"href":"https:\/\/revistaepocadigital.com.ar\/index.php?rest_route=\/wp\/v2\/media\/23396"}],"wp:attachment":[{"href":"https:\/\/revistaepocadigital.com.ar\/index.php?rest_route=%2Fwp%2Fv2%2Fmedia&parent=23394"}],"wp:term":[{"taxonomy":"category","embeddable":true,"href":"https:\/\/revistaepocadigital.com.ar\/index.php?rest_route=%2Fwp%2Fv2%2Fcategories&post=23394"},{"taxonomy":"post_tag","embeddable":true,"href":"https:\/\/revistaepocadigital.com.ar\/index.php?rest_route=%2Fwp%2Fv2%2Ftags&post=23394"}],"curies":[{"name":"wp","href":"https:\/\/api.w.org\/{rel}","templated":true}]}}