{"id":23414,"date":"2023-12-10T20:48:41","date_gmt":"2023-12-10T23:48:41","guid":{"rendered":"https:\/\/revistaepocadigital.com.ar\/?p=23414"},"modified":"2023-12-10T21:52:09","modified_gmt":"2023-12-11T00:52:09","slug":"milei-presidente-el-shock-sin-anestesia-para-enfrentar-a-la-peor-herencia-recibida","status":"publish","type":"post","link":"https:\/\/revistaepocadigital.com.ar\/?p=23414","title":{"rendered":"MILEI PRESIDENTE. EL &#8220;SHOCK&#8221; SIN ANESTESIA PARA ENFRENTAR A LA &#8220;PEOR HERENCIA RECIBIDA&#8221;"},"content":{"rendered":"<div class=\"article__header max-width-md\">\n<h2 class=\"article__headline\"><strong>LUEGO DE LA JURA, Y SIN HABLAR ANTE LA ASAMBLEA LEGISLATIVA (COMO DEBI\u00d3 HABER HECHO), JAVIER MILEI DESDE LAS ESCALINATAS DEL CONGRESO HABL\u00d3 ANTE EL GENT\u00cdO REUNIDO.<\/strong><\/h2>\n<\/div>\n<p><!--more--><\/p>\n<div class=\"col-fluid col-fluid-max col-fluid--clip\">\n<div class=\"article__media\">\n<figure class=\"article__image btn-open-gallery\"><picture class=\"cls-optimized\"><source srcset=\"https:\/\/fotos.perfil.com\/2023\/12\/10\/trim\/570\/321\/asuncion-presidencial-javier-milei-20231210-1716227.jpg?webp\" type=\"image\/webp\" media=\"(max-width: 570px)\" \/><source srcset=\"https:\/\/fotos.perfil.com\/2023\/12\/10\/trim\/987\/555\/asuncion-presidencial-javier-milei-20231210-1716227.jpg?webp\" type=\"image\/webp\" \/><source srcset=\"https:\/\/fotos.perfil.com\/2023\/12\/10\/trim\/570\/321\/asuncion-presidencial-javier-milei-20231210-1716227.jpg\" media=\"(max-width: 570px)\" \/><img loading=\"lazy\" decoding=\"async\" class=\"img-fluid\" src=\"https:\/\/fotos.perfil.com\/2023\/12\/10\/trim\/987\/555\/asuncion-presidencial-javier-milei-20231210-1716227.jpg\" alt=\"Asunci\u00f3n presidencial Javier Milei 20231210\" width=\"300\" height=\"180\" \/><\/picture><figcaption class=\"article__image-caption\">Asunci\u00f3n presidencial. Javier Milei junto<br \/>\na su hermana sobre el auto descapotable<br \/>\ndesde el Congreso a la Casa Rosada.<br \/>\n<span class=\"credito-foto\">Foto gentileza Perfil.<\/span><\/figcaption><\/figure>\n<\/div>\n<div class=\"article__main max-width-md\">\n<div class=\"article__share\">\n<p>El president<span style=\"color: #000000;\">e <a style=\"color: #000000;\" href=\"https:\/\/www.perfil.com\/noticias\/economia\/a-cuanto-cotiza-el-dolar-cripto-y-el-dolar-blue-el-dia-de-la-asuncion-de-javier-milei-como-presidente.phtml\" target=\"_blank\" rel=\"noopener\"><strong>Javier Milei<\/strong><\/a>\u00a0<\/span>asumi\u00f3 el domingo 10 de diciembre junto a <strong>Victoria Villarruel<\/strong> como su vicepresidenta, y tal como hab\u00edan anticipado desde La Libertad Avanza, no pronunciaron un discurso frente a la Asamblea Legislativa, sino que salieron a las escalinatas del Congreso donde Milei habl\u00f3 ante la gente.<\/p>\n<p>En su in\u00e9dito y sumamente crudo y grave discurso, Milei enfatiz\u00f3 que encontr\u00f3 la &#8220;<strong>peor herencia<\/strong>&#8221; dejada por el Gobierno del Frente de Todos de<span style=\"color: #000000;\"> <a style=\"color: #000000;\" href=\"https:\/\/www.perfil.com\/noticias\/actualidad\/el-ultimo-gesto-presidencial-de-alberto-fernandez-fue-guinarle-un-ojo-a-javier-milei.phtml\" target=\"_blank\" rel=\"noopener\"><strong>Alberto y Cristina Fern\u00e1ndez<\/strong><\/a><\/span>.\u00a0&#8220;<strong>El gobierno saliente nos ha dejado plantada una hiperinflaci\u00f3n<\/strong>&#8220;, manifest\u00f3, y adelant\u00f3 una serie de medidas econ\u00f3micas que se detallaban al d\u00eda siguiente.<\/p>\n<\/div>\n<div class=\"article__wrapper\">\n<div id=\"article-content\" class=\"article__content standard\">\n<p>Adem\u00e1s de su tan fuerte discurso sobre la herencia, advirti\u00f3 que se vendr\u00e1 un &#8220;ajuste muy duro&#8221;, que pagar\u00e1 el sector p\u00fablico y no el sector privado&#8221;, en un mensaje claro a la estructura estatal, sobre dimensionada y ca\u00f3tica desde hace muchos a\u00f1os. &#8220;<strong>Habr\u00e1 un ajuste fiscal de 5 puntos del PBI que caer\u00e1 sobre el sector p\u00fablico<\/strong>&#8220;, adelant\u00f3 el presidente.<\/p>\n<p>Mientras avanz\u00f3 en pormenorizar en m\u00e1s detalles sobre la profunda crisis que jaquea al pa\u00eds, originada no s\u00f3lo durante el tan fallido gobierno encabezado por Alberto Fern\u00e1ndez,\u00a0 Milei entremezclo atisbos de esperanza: &#8220;<strong><em>Habr\u00e1 luz al final del camino. No hay Plata. No pueden quedar dudas, que\u00a0la \u00fanica opci\u00f3n posible es el ajuste ordenado,\u00a0y que caiga con toda la fuerza sobre el Estado y no sobre el sector privado. Sabemos que ser\u00e1 duro&#8221;.<\/em><\/strong><\/p>\n<p>Luego alert\u00f3 que<em><strong> &#8220;a\u00fan cuando hoy dejemos de emitir dinero, seguiremos pagando los costos del desmadre monetario del gobierno saliente. Lo vamos a pagar en inflaci\u00f3n&#8221;.<\/strong><\/em> A la vez dijo tambi\u00e9n sobre la deuda de las Leliqs, letras que tal como vinieron indicando especialistas, causaron estragos en la econom\u00eda del pa\u00eds<em><strong>: &#8220;Es necesario limpiar los pasivos remunerados del Banco Central, de esta manera se pondr\u00eda fin a la emisi\u00f3n de dinero y con ellos a la \u00fanica causa de la inflaci\u00f3n emp\u00edricamente cierta y v\u00e1lida en t\u00e9rminos te\u00f3ricos&#8221;.<\/strong><\/em><\/p>\n<p>M\u00e1s tarde enumer\u00f3 Milei:<em> &#8220;El cepo cambiario, otra herencia de este gobierno, no solo constituye una pesadilla social y productiva, sino que adem\u00e1s que el sobrante del dinero hoy es el doble del que hab\u00eda en la previa del Rodrigazo. El Rodrigazo multiplic\u00f3 por seis la tasa de inflaci\u00f3n; un evento similar significar\u00eda multiplicar la tasa por 12. Y dado que la misma viene viajando a un ritmo del 300% podr\u00edamos pasar a una tasa anual de 3600%. A su vez, dada la situaci\u00f3n de los pasivos del Central, la cual es peor que es la que hab\u00eda en la hiperinflaci\u00f3n, en muy poco tiempo se podr\u00eda cuadruplicar la cantidad de dinero y con eso elevar a la inflaci\u00f3n a niveles de 15.000% anual. <strong>Esa es la herencia que nos dejan, una inflaci\u00f3n plantada del 15.000% anual que vamos a luchar con u\u00f1as y dientes para erradicarla<\/strong>&#8220;.<\/em><\/p>\n<p><strong><span style=\"color: #ff6600;\"><em>&#8220;Nos han arruinado la vida y nos han hecho caer por diez veces nuestros salarios. Por lo tanto, tampoco nos deber\u00eda sorprender que nos est\u00e9n dejando 45% de pobres y 10% de indigentes&#8221;,<\/em><\/span><\/strong>asever\u00f3 el presidente.<\/p>\n<p>Por eso insisti\u00f3: &#8220;<em><strong>No hay alternativa posible al ajuste. Tampoco hay lugar a la discusi\u00f3n entre shock y gradualismo. Todos los programas gradualistas terminaron mal, mientras que todos los de shock -menos el de 1959- fueron exitosos. Si un pa\u00eds carece de reputaci\u00f3n, los empresarios no invertir\u00e1n hasta que vean el ajuste fiscal&#8221;.<\/strong><\/em><\/p>\n<p>En funci\u00f3n de las fuertes medidas a adoptar, el presidente admiti\u00f3 con firmeza que<em> &#8220;no hay alternativa al ajuste y al shock. Impactar\u00e1 de modo negativo sobre la actividad, el empleo, la cantidad de pobres e indigentes. <strong>Habr\u00e1 estanflaci\u00f3n<\/strong>, pero no es algo muy distinto a los \u00faltimos 12 a\u00f1os. Este es el \u00faltimo mal trago para comenzar la reconstrucci\u00f3n de la Argentina. Nuestro pa\u00eds exige acci\u00f3n inmediata. Estamos al borde de la crisis m\u00e1s profunda de nuestra historia&#8221;.<\/em><\/p>\n<\/div>\n<p>Fuente: Diario Perfil.<\/p>\n<p>Foto portada: gentileza Total News Agency<\/p>\n<\/div>\n<\/div>\n<\/div>\n","protected":false},"excerpt":{"rendered":"<p>LUEGO DE LA JURA, Y SIN HABLAR ANTE LA ASAMBLEA LEGISLATIVA (COMO DEBI\u00d3 HABER HECHO), JAVIER MILEI DESDE LAS ESCALINATAS DEL CONGRESO HABL\u00d3 ANTE EL GENT\u00cdO REUNIDO.<\/p>\n","protected":false},"author":3,"featured_media":23415,"comment_status":"open","ping_status":"open","sticky":false,"template":"","format":"standard","meta":{"footnotes":"","jetpack_publicize_message":"","jetpack_publicize_feature_enabled":true,"jetpack_social_post_already_shared":true,"jetpack_social_options":{"image_generator_settings":{"template":"highway","default_image_id":0,"font":"","enabled":false},"version":2}},"categories":[13],"tags":[2569,2537],"class_list":["post-23414","post","type-post","status-publish","format-standard","has-post-thumbnail","hentry","category-interes-general","tag-discurso","tag-milei-presidente"],"jetpack_publicize_connections":[],"jetpack_featured_media_url":"https:\/\/revistaepocadigital.com.ar\/wp-content\/uploads\/2023\/12\/milei-discurso.jpg","jetpack_likes_enabled":true,"_links":{"self":[{"href":"https:\/\/revistaepocadigital.com.ar\/index.php?rest_route=\/wp\/v2\/posts\/23414","targetHints":{"allow":["GET"]}}],"collection":[{"href":"https:\/\/revistaepocadigital.com.ar\/index.php?rest_route=\/wp\/v2\/posts"}],"about":[{"href":"https:\/\/revistaepocadigital.com.ar\/index.php?rest_route=\/wp\/v2\/types\/post"}],"author":[{"embeddable":true,"href":"https:\/\/revistaepocadigital.com.ar\/index.php?rest_route=\/wp\/v2\/users\/3"}],"replies":[{"embeddable":true,"href":"https:\/\/revistaepocadigital.com.ar\/index.php?rest_route=%2Fwp%2Fv2%2Fcomments&post=23414"}],"version-history":[{"count":0,"href":"https:\/\/revistaepocadigital.com.ar\/index.php?rest_route=\/wp\/v2\/posts\/23414\/revisions"}],"wp:featuredmedia":[{"embeddable":true,"href":"https:\/\/revistaepocadigital.com.ar\/index.php?rest_route=\/wp\/v2\/media\/23415"}],"wp:attachment":[{"href":"https:\/\/revistaepocadigital.com.ar\/index.php?rest_route=%2Fwp%2Fv2%2Fmedia&parent=23414"}],"wp:term":[{"taxonomy":"category","embeddable":true,"href":"https:\/\/revistaepocadigital.com.ar\/index.php?rest_route=%2Fwp%2Fv2%2Fcategories&post=23414"},{"taxonomy":"post_tag","embeddable":true,"href":"https:\/\/revistaepocadigital.com.ar\/index.php?rest_route=%2Fwp%2Fv2%2Ftags&post=23414"}],"curies":[{"name":"wp","href":"https:\/\/api.w.org\/{rel}","templated":true}]}}