{"id":2346,"date":"2019-05-09T19:56:00","date_gmt":"2019-05-09T22:56:00","guid":{"rendered":"https:\/\/revistaepocadigital.com.ar\/?p=2346"},"modified":"2019-05-09T19:59:24","modified_gmt":"2019-05-09T22:59:24","slug":"promete-la-primera-carrera-que-organiza-en-capilla","status":"publish","type":"post","link":"https:\/\/revistaepocadigital.com.ar\/?p=2346","title":{"rendered":"Promete la primera carrera de ciclismo que organiza la nueva Asociaci\u00f3n Civil"},"content":{"rendered":"<p><strong>LA ENTIDAD CICL\u00cdSTICA DE CAPILLA DEL SE\u00d1OR.<\/strong><!--more--><\/p>\n<p>Desde su surgimiento, impulsadas por apasionados por el ciclismo, se ha propuesto dar m\u00e1s impulso al deporte de las dos ruedas que tan buenos exponentes ha contado desde hace muchos a\u00f1os. La entidad presidida por el conocido <strong>Angel &#8220;Cacho&#8221; Moroni,<\/strong> organiza l<strong>a primera competencia cicl\u00edstica<\/strong> el 9 de junio.<\/p>\n<p>La prueba en la que pueden participar ciclistas divididos en <strong>10 categor\u00edas<\/strong> diferentes de caballeros, adem\u00e1s de las de damas y una competencia recreativa para chicos, aguarda expectante Moroni<em> &#8220;que convoque a unos 200 ciclistas en las distintas categor\u00edas, muchos de gran nivel; hemos invitado a muchos y encontramos muy buen eco&#8221;<\/em>. La Asociaci\u00f3n Civil, apunta el titular en tanto, avanza<em> &#8220;con los tramites para obtener la personer\u00eda jur\u00eddica, ya presentado, de forma de completar toda la documentaci\u00f3n&#8221;.<\/em><\/p>\n<figure id=\"attachment_2359\" aria-describedby=\"caption-attachment-2359\" style=\"width: 720px\" class=\"wp-caption aligncenter\"><img loading=\"lazy\" decoding=\"async\" class=\"size-full wp-image-2359\" src=\"https:\/\/revistaepocadigital.com.ar\/wp-content\/uploads\/2019\/05\/thumbnail1-2.jpg\" alt=\"\" width=\"720\" height=\"471\" srcset=\"https:\/\/revistaepocadigital.com.ar\/wp-content\/uploads\/2019\/05\/thumbnail1-2.jpg 720w, https:\/\/revistaepocadigital.com.ar\/wp-content\/uploads\/2019\/05\/thumbnail1-2-300x196.jpg 300w, https:\/\/revistaepocadigital.com.ar\/wp-content\/uploads\/2019\/05\/thumbnail1-2-696x455.jpg 696w, https:\/\/revistaepocadigital.com.ar\/wp-content\/uploads\/2019\/05\/thumbnail1-2-642x420.jpg 642w\" sizes=\"auto, (max-width: 720px) 100vw, 720px\" \/><figcaption id=\"caption-attachment-2359\" class=\"wp-caption-text\">Ciclismo del bueno se viene y con capillenses.<\/figcaption><\/figure>\n<p>El primer desaf\u00edo, entonces a nivel organizativo, a modo de presentaci\u00f3n de la mencionada <strong>Asociaci\u00f3n Civil Ciclista Capilla del Se\u00f1or<\/strong> es el 9 de junio, <em>&#8220;y hemos elegido para concretar las carreras, el tradicional y antiguo &#8220;circuito del cementerio&#8221;,<\/em> apunta Moroni. autorizado por el municipio. El trazado en <strong>Capilla del Se\u00f1or, abarca las calles 25 de Mayo, Alem, Irigoyen y una parte de Pellegrini.<\/strong><\/p>\n<p><em>&#8220;Para participar, cada corredor debe contar con la licencia correspondiente, salvo los debutantes quienes tienen que abonar un seguro; s\u00ed, cada categor\u00eda tendr\u00e1 un tiempo determinado para su competencia&#8221;<\/em>, apunta Moroni quien resalta el <em>&#8220;gran esfuerzo que llevamos a cabo, y los premios que considero, ser\u00e1n importantes en dinero. Para poder premiar a los ganadores, sin dudas, vale resaltar el apoyo que recibimos de comercios de Capilla del Se\u00f1or, dado que por lo recaudado en materia de inscripciones<\/em> (entre 150 y 300 pesos, seg\u00fan la categor\u00eda),<em> se nos har\u00eda muy complicado ya que nos demanda muchos gastos&#8221;.<\/em><\/p>\n<p>Sobre los ciclistas locales, comenta Moroni, <em>&#8220;tenemos algunos representantes en las d<\/em><span class=\"en_N i_3mCHE\" title=\"Aca hay pasajes d algunas carreras de pepe mi hijo y de lucas garcia....la asociacion tiene algunos representantes en distintas categorias .en master E horacio ojeda ...master D angel managua .angel cacho moroni ...master B tito azurmendi master A angel pepe moroni en elite 2 lucas garcia y tambien algunos peque\u00f1os\" data-test-id=\"message-group-subject\"><span data-test-id=\"message-group-subject-text\"><em>istintas categorias; en<\/em> <strong><em>Master E, Horacio Ojeda; en Master D, Angel Managua y en mi caso tambi\u00e9n compito en esa divisi\u00f3n; en Master B, Tito Azurmendi; en Master A, Angel &#8220;Pepe&#8221; Moroni y en Elite 2, Lucas Garc\u00eda. Adem\u00e1s tambi\u00e9n corren algunos chicos&#8221;<\/em><\/strong>.<\/span><\/span><\/p>\n<p>El evento va a contar, dice Moroni &#8220;<em>con servicio de ambulancia y enfermeros, tambi\u00e9n un comisario deportivoy un relator; a su vez acordamos que la fiscalizaci\u00f3n est\u00e9 a cargo de gente de Pueblo de la Paz, partido de Lan\u00fas&#8221;<\/em>. En lo deportivo, el presidente de la Asociaci\u00f3n Civil comenta que, &#8220;<em>en cada categor\u00eda contamos con un corredor capillense que nos represeneta; en total son unos 15 competidores de nuestro pueblo; s\u00ed, yo tambi\u00e9n compito, el ciclismo es una de mis grandes pasiones&#8221;<\/em>. Y acerca de las competencias, hace hincapi\u00e9 en <em>&#8220;solicitar la colaboraci\u00f3n a los vecinos, en especial a los que viven en la zona del circuito&#8221;<\/em>.<\/p>\n<p>Foto portada: Asociaci\u00f3n Civil Ciclista Capilla del Se\u00f1or.<\/p>\n","protected":false},"excerpt":{"rendered":"<p>LA ENTIDAD CICL\u00cdSTICA DE CAPILLA DEL SE\u00d1OR.<\/p>\n","protected":false},"author":4,"featured_media":2357,"comment_status":"open","ping_status":"open","sticky":false,"template":"","format":"standard","meta":{"footnotes":"","jetpack_publicize_message":"","jetpack_publicize_feature_enabled":true,"jetpack_social_post_already_shared":false,"jetpack_social_options":{"image_generator_settings":{"template":"highway","default_image_id":0,"font":"","enabled":false},"version":2}},"categories":[9],"tags":[327,324,37],"class_list":["post-2346","post","type-post","status-publish","format-standard","has-post-thumbnail","hentry","category-deportes","tag-asociacion-civil","tag-ciclismo","tag-destacada"],"jetpack_publicize_connections":[],"jetpack_featured_media_url":"https:\/\/revistaepocadigital.com.ar\/wp-content\/uploads\/2019\/05\/thumbnail-1.jpg","jetpack_likes_enabled":true,"_links":{"self":[{"href":"https:\/\/revistaepocadigital.com.ar\/index.php?rest_route=\/wp\/v2\/posts\/2346","targetHints":{"allow":["GET"]}}],"collection":[{"href":"https:\/\/revistaepocadigital.com.ar\/index.php?rest_route=\/wp\/v2\/posts"}],"about":[{"href":"https:\/\/revistaepocadigital.com.ar\/index.php?rest_route=\/wp\/v2\/types\/post"}],"author":[{"embeddable":true,"href":"https:\/\/revistaepocadigital.com.ar\/index.php?rest_route=\/wp\/v2\/users\/4"}],"replies":[{"embeddable":true,"href":"https:\/\/revistaepocadigital.com.ar\/index.php?rest_route=%2Fwp%2Fv2%2Fcomments&post=2346"}],"version-history":[{"count":0,"href":"https:\/\/revistaepocadigital.com.ar\/index.php?rest_route=\/wp\/v2\/posts\/2346\/revisions"}],"wp:featuredmedia":[{"embeddable":true,"href":"https:\/\/revistaepocadigital.com.ar\/index.php?rest_route=\/wp\/v2\/media\/2357"}],"wp:attachment":[{"href":"https:\/\/revistaepocadigital.com.ar\/index.php?rest_route=%2Fwp%2Fv2%2Fmedia&parent=2346"}],"wp:term":[{"taxonomy":"category","embeddable":true,"href":"https:\/\/revistaepocadigital.com.ar\/index.php?rest_route=%2Fwp%2Fv2%2Fcategories&post=2346"},{"taxonomy":"post_tag","embeddable":true,"href":"https:\/\/revistaepocadigital.com.ar\/index.php?rest_route=%2Fwp%2Fv2%2Ftags&post=2346"}],"curies":[{"name":"wp","href":"https:\/\/api.w.org\/{rel}","templated":true}]}}