{"id":23473,"date":"2023-12-17T17:23:11","date_gmt":"2023-12-17T20:23:11","guid":{"rendered":"https:\/\/revistaepocadigital.com.ar\/?p=23473"},"modified":"2023-12-17T18:31:42","modified_gmt":"2023-12-17T21:31:42","slug":"el-tremendo-temporal-tambien-pego-duro-en-exaltacion-de-la-cruz","status":"publish","type":"post","link":"https:\/\/revistaepocadigital.com.ar\/?p=23473","title":{"rendered":"EL TREMENDO TEMPORAL TAMBI\u00c9N PEG\u00d3 DURO EN EXALTACI\u00d3N DE LA CRUZ"},"content":{"rendered":"<p><strong>HORAS EN LA MADRUGADA QUE CAUSARON VERDADERA ZOZOBRA Y ANGUSTIA.<\/strong><!--more--><\/p>\n<p>El furioso temporal que se abati\u00f3 en muchos puntos de la provincia de Buenos Aires, en la Capital Federal, como d\u00edas atr\u00e1s en otras provincias argentinos, golpe\u00f3 tambi\u00e9n con mucha dureza a Exaltaci\u00f3n de la Cruz, generando serias consecuencias en el distrito.<\/p>\n<p>En Exaltaci\u00f3n se produjeron voladuras de techos, numerosas ca\u00edda de \u00e1rboles, postes y cables de energ\u00eda el\u00e9ctrica, dejando a la poblaci\u00f3n sin luz durante muchas horas, as\u00ed como calles anegadas.<\/p>\n<p><img loading=\"lazy\" decoding=\"async\" class=\"aligncenter size-medium wp-image-23481\" src=\"https:\/\/revistaepocadigital.com.ar\/wp-content\/uploads\/2023\/12\/temp1-300x225.jpg\" alt=\"\" width=\"300\" height=\"225\" srcset=\"https:\/\/revistaepocadigital.com.ar\/wp-content\/uploads\/2023\/12\/temp1-300x225.jpg 300w, https:\/\/revistaepocadigital.com.ar\/wp-content\/uploads\/2023\/12\/temp1-768x576.jpg 768w, https:\/\/revistaepocadigital.com.ar\/wp-content\/uploads\/2023\/12\/temp1-80x60.jpg 80w, https:\/\/revistaepocadigital.com.ar\/wp-content\/uploads\/2023\/12\/temp1-160x120.jpg 160w, https:\/\/revistaepocadigital.com.ar\/wp-content\/uploads\/2023\/12\/temp1-265x198.jpg 265w, https:\/\/revistaepocadigital.com.ar\/wp-content\/uploads\/2023\/12\/temp1-530x396.jpg 530w, https:\/\/revistaepocadigital.com.ar\/wp-content\/uploads\/2023\/12\/temp1-696x522.jpg 696w, https:\/\/revistaepocadigital.com.ar\/wp-content\/uploads\/2023\/12\/temp1-560x420.jpg 560w, https:\/\/revistaepocadigital.com.ar\/wp-content\/uploads\/2023\/12\/temp1.jpg 960w\" sizes=\"auto, (max-width: 300px) 100vw, 300px\" \/><\/p>\n<p><img loading=\"lazy\" decoding=\"async\" class=\"aligncenter size-medium wp-image-23482\" src=\"https:\/\/revistaepocadigital.com.ar\/wp-content\/uploads\/2023\/12\/temp3-300x169.jpg\" alt=\"\" width=\"300\" height=\"169\" srcset=\"https:\/\/revistaepocadigital.com.ar\/wp-content\/uploads\/2023\/12\/temp3-300x169.jpg 300w, https:\/\/revistaepocadigital.com.ar\/wp-content\/uploads\/2023\/12\/temp3-768x433.jpg 768w, https:\/\/revistaepocadigital.com.ar\/wp-content\/uploads\/2023\/12\/temp3-696x392.jpg 696w, https:\/\/revistaepocadigital.com.ar\/wp-content\/uploads\/2023\/12\/temp3-745x420.jpg 745w, https:\/\/revistaepocadigital.com.ar\/wp-content\/uploads\/2023\/12\/temp3.jpg 960w\" sizes=\"auto, (max-width: 300px) 100vw, 300px\" \/><\/p>\n<p><img loading=\"lazy\" decoding=\"async\" class=\"aligncenter size-medium wp-image-23483\" src=\"https:\/\/revistaepocadigital.com.ar\/wp-content\/uploads\/2023\/12\/temp4-300x225.jpg\" alt=\"\" width=\"300\" height=\"225\" srcset=\"https:\/\/revistaepocadigital.com.ar\/wp-content\/uploads\/2023\/12\/temp4-300x225.jpg 300w, https:\/\/revistaepocadigital.com.ar\/wp-content\/uploads\/2023\/12\/temp4-768x576.jpg 768w, https:\/\/revistaepocadigital.com.ar\/wp-content\/uploads\/2023\/12\/temp4-80x60.jpg 80w, https:\/\/revistaepocadigital.com.ar\/wp-content\/uploads\/2023\/12\/temp4-160x120.jpg 160w, https:\/\/revistaepocadigital.com.ar\/wp-content\/uploads\/2023\/12\/temp4-265x198.jpg 265w, https:\/\/revistaepocadigital.com.ar\/wp-content\/uploads\/2023\/12\/temp4-530x396.jpg 530w, https:\/\/revistaepocadigital.com.ar\/wp-content\/uploads\/2023\/12\/temp4-696x522.jpg 696w, https:\/\/revistaepocadigital.com.ar\/wp-content\/uploads\/2023\/12\/temp4-560x420.jpg 560w, https:\/\/revistaepocadigital.com.ar\/wp-content\/uploads\/2023\/12\/temp4.jpg 960w\" sizes=\"auto, (max-width: 300px) 100vw, 300px\" \/><\/p>\n<p>https:\/\/www.facebook.com\/photo\/?fbid=726571212853104&#038;set=pb.100065006941611.-2207520000<\/p>\n<p>&nbsp;<\/p>\n<p>El corredor de la ruta 8,el Barrio Arturo Mateo en las inmediaciones de Parada Robles, en el casco urbano de Capilla de Se\u00f1or y parte de Los Cardales, se notaron los mayores da\u00f1os, sin dejar de considerar los graves perjuicios sufridos por la escuela de Paraje Etchegoyen, en su estructura edilicia. En tanto, en el Hospital Municipal San Jos\u00e9, fueron atendidos dos menores que sufrieron lastimaduras, como consecuencia de la ca\u00edda de mamposter\u00eda.<\/p>\n<p>Desde el Municipio, a trav\u00e9s del comit\u00e9 de crisis encabezado por el intendente Diego Nanni, con diferentes equipos desplegados en los barrios, trabajaba en la asistencia de familias damnificadas, relevamiento de los da\u00f1os y despejando las calles.<\/p>\n<p>El municipio le record\u00f3 a la poblaci\u00f3n del distrito, que para solicitar asistencia y ante cualquier emergencia deb\u00edan comunicarse a los siguientes n\u00fameros:<\/p>\n<p>Centro de Apoyo Vecinal<br \/>\n\u2022llamadas 0800 666 9009<br \/>\n\u2022WhatsApp 115182 7312<\/p>\n<p>&nbsp;<\/p>\n<div class=\"xdj266r x11i5rnm xat24cr x1mh8g0r x1vvkbs x126k92a\">\n<div dir=\"auto\" style=\"text-align: center;\"><strong>ESTADO DE SITUACI\u00d3N<\/strong><\/div>\n<div dir=\"auto\"><\/div>\n<\/div>\n<div class=\"x11i5rnm xat24cr x1mh8g0r x1vvkbs xtlvy1s x126k92a\">\n<div dir=\"auto\">Producto del temporal que afecta a gran parte del distrito, hay muchos \u00e1rboles ca\u00eddos, postes y cables de energ\u00eda, en algunos casos provocando el anegamiento de las calles.<\/div>\n<\/div>\n<div dir=\"auto\"><img loading=\"lazy\" decoding=\"async\" class=\"aligncenter size-full wp-image-23479\" src=\"https:\/\/revistaepocadigital.com.ar\/wp-content\/uploads\/2023\/12\/MUNN.jpg\" alt=\"\" width=\"960\" height=\"960\" srcset=\"https:\/\/revistaepocadigital.com.ar\/wp-content\/uploads\/2023\/12\/MUNN.jpg 960w, https:\/\/revistaepocadigital.com.ar\/wp-content\/uploads\/2023\/12\/MUNN-300x300.jpg 300w, https:\/\/revistaepocadigital.com.ar\/wp-content\/uploads\/2023\/12\/MUNN-150x150.jpg 150w, https:\/\/revistaepocadigital.com.ar\/wp-content\/uploads\/2023\/12\/MUNN-768x768.jpg 768w, https:\/\/revistaepocadigital.com.ar\/wp-content\/uploads\/2023\/12\/MUNN-696x696.jpg 696w, https:\/\/revistaepocadigital.com.ar\/wp-content\/uploads\/2023\/12\/MUNN-420x420.jpg 420w, https:\/\/revistaepocadigital.com.ar\/wp-content\/uploads\/2023\/12\/MUNN-840x840.jpg 840w\" sizes=\"auto, (max-width: 960px) 100vw, 960px\" \/><\/div>\n<div dir=\"auto\"><\/div>\n<div dir=\"auto\"><\/div>\n<div class=\"x11i5rnm xat24cr x1mh8g0r x1vvkbs xtlvy1s x126k92a\">\n<div dir=\"auto\">Desde la municipalidad de Exaltaci\u00f3n de la Cruz, se hizo saber el siguiente mensaje: <em><strong>&#8220;Solicitamos a los vecinos tener precauci\u00f3n y que ante cualquier emergencia se comuniquen al Centro de Apoyo Vecinal&#8221;<\/strong><\/em><span class=\"x3nfvp2 x1j61x8r x1fcty0u xdj266r xhhsvwb xat24cr xgzva0m xxymvpz xlup9mm x1kky2od\"><img loading=\"lazy\" decoding=\"async\" class=\"xz74otr\" src=\"https:\/\/static.xx.fbcdn.net\/images\/emoji.php\/v9\/ta6\/1.5\/16\/1f4de.png\" alt=\"\ud83d\udcde\" width=\"16\" height=\"16\" \/><\/span>08006669009<\/div>\n<\/div>\n<p>&nbsp;<\/p>\n<p><img loading=\"lazy\" decoding=\"async\" class=\"aligncenter size-full wp-image-23480\" src=\"https:\/\/revistaepocadigital.com.ar\/wp-content\/uploads\/2023\/12\/MUUN1.jpg\" alt=\"\" width=\"800\" height=\"800\" srcset=\"https:\/\/revistaepocadigital.com.ar\/wp-content\/uploads\/2023\/12\/MUUN1.jpg 800w, https:\/\/revistaepocadigital.com.ar\/wp-content\/uploads\/2023\/12\/MUUN1-300x300.jpg 300w, https:\/\/revistaepocadigital.com.ar\/wp-content\/uploads\/2023\/12\/MUUN1-150x150.jpg 150w, https:\/\/revistaepocadigital.com.ar\/wp-content\/uploads\/2023\/12\/MUUN1-768x768.jpg 768w, https:\/\/revistaepocadigital.com.ar\/wp-content\/uploads\/2023\/12\/MUUN1-696x696.jpg 696w, https:\/\/revistaepocadigital.com.ar\/wp-content\/uploads\/2023\/12\/MUUN1-420x420.jpg 420w\" sizes=\"auto, (max-width: 800px) 100vw, 800px\" \/><\/p>\n<p>Foto portada: gentileza El Lugare\u00f1o<\/p>\n","protected":false},"excerpt":{"rendered":"<p>HORAS EN LA MADRUGADA QUE CAUSARON VERDADERA ZOZOBRA Y ANGUSTIA.<\/p>\n","protected":false},"author":3,"featured_media":0,"comment_status":"open","ping_status":"open","sticky":false,"template":"","format":"standard","meta":{"footnotes":"","jetpack_publicize_message":"","jetpack_publicize_feature_enabled":true,"jetpack_social_post_already_shared":true,"jetpack_social_options":{"image_generator_settings":{"template":"highway","default_image_id":0,"font":"","enabled":false},"version":2}},"categories":[13],"tags":[1789],"class_list":["post-23473","post","type-post","status-publish","format-standard","hentry","category-interes-general","tag-temporal"],"jetpack_publicize_connections":[],"jetpack_featured_media_url":"","jetpack_likes_enabled":true,"_links":{"self":[{"href":"https:\/\/revistaepocadigital.com.ar\/index.php?rest_route=\/wp\/v2\/posts\/23473","targetHints":{"allow":["GET"]}}],"collection":[{"href":"https:\/\/revistaepocadigital.com.ar\/index.php?rest_route=\/wp\/v2\/posts"}],"about":[{"href":"https:\/\/revistaepocadigital.com.ar\/index.php?rest_route=\/wp\/v2\/types\/post"}],"author":[{"embeddable":true,"href":"https:\/\/revistaepocadigital.com.ar\/index.php?rest_route=\/wp\/v2\/users\/3"}],"replies":[{"embeddable":true,"href":"https:\/\/revistaepocadigital.com.ar\/index.php?rest_route=%2Fwp%2Fv2%2Fcomments&post=23473"}],"version-history":[{"count":0,"href":"https:\/\/revistaepocadigital.com.ar\/index.php?rest_route=\/wp\/v2\/posts\/23473\/revisions"}],"wp:attachment":[{"href":"https:\/\/revistaepocadigital.com.ar\/index.php?rest_route=%2Fwp%2Fv2%2Fmedia&parent=23473"}],"wp:term":[{"taxonomy":"category","embeddable":true,"href":"https:\/\/revistaepocadigital.com.ar\/index.php?rest_route=%2Fwp%2Fv2%2Fcategories&post=23473"},{"taxonomy":"post_tag","embeddable":true,"href":"https:\/\/revistaepocadigital.com.ar\/index.php?rest_route=%2Fwp%2Fv2%2Ftags&post=23473"}],"curies":[{"name":"wp","href":"https:\/\/api.w.org\/{rel}","templated":true}]}}