{"id":2348,"date":"2019-05-09T18:04:53","date_gmt":"2019-05-09T21:04:53","guid":{"rendered":"https:\/\/revistaepocadigital.com.ar\/?p=2348"},"modified":"2019-05-09T18:04:53","modified_gmt":"2019-05-09T21:04:53","slug":"el-vicegobernador-daniel-salvador-el-ataque-a-olivares-nos-retrotrae-al-pasado","status":"publish","type":"post","link":"https:\/\/revistaepocadigital.com.ar\/?p=2348","title":{"rendered":"El vicegobernador Daniel Salvador, &#8220;el ataque a Olivares nos retrotrae al pasado&#8221;"},"content":{"rendered":"<p><strong>LA CONMOCI\u00d3N HA ABARCADO A TODO EL ARCO POL\u00cdTICO.<\/strong><!--more--><\/p>\n<div class=\"row bajada\">\n<p>En su caso se manifest\u00f3 el vicegobernador de la Provincia de Buenos Aires, el radical<strong> Daniel Salvador,<\/strong> ante el tremendo ataque al diputado <strong>Hector Olivares<\/strong> (Cambiemos) y su asesor, <strong>Miguel Yad\u00f3n,<\/strong> quien result\u00f3 muerto en el hecho a metros del Congreso de la Naci\u00f3n.<\/p>\n<\/div>\n<div class=\"image\"><img loading=\"lazy\" decoding=\"async\" class=\"attachment-post-thumbnail size-post-thumbnail wp-post-image\" src=\"https:\/\/www.lanoticiaweb.com.ar\/wp-content\/uploads\/2019\/05\/Daniel-Salvador.jpg\" alt=\"\" width=\"621\" height=\"381\" \/><\/div>\n<div class=\"texts\">\n<p><strong><em>\u00abEs un hecho preocupante, alarmante y nos impacta a los que tenemos un conocimiento con el diputado. El hecho en s\u00ed nos retrotrae a cosas del pasado, espero que se pueda esclarecer r\u00e1pidamente. Lo primero siempre es expresar la solidaridad con toda la familia\u00bb<\/em>,\u00a0<\/strong>destac\u00f3 el vicegobernador a LaNoticiaWeb.<\/p>\n<p>Despu\u00e9s dijo, <strong><em>&#8220;espero una pronta recuperaci\u00f3n de H\u00e9ctor Olivares. Se debe esclarecer r\u00e1pidamente este grave y preocupante hecho que atenta contra la democracia de nuestro pa\u00eds&#8221;. \u201cRepudi\u00f3 la violencia <\/em><\/strong>-agreg\u00f3-<strong><em> en todas sus expresiones y, en mi condici\u00f3n de Vicegobernador de la provincia de Buenos Aires, no puedo dejar de resaltar la gravedad del hecho por tratarse de un ataque contra un ciudadano argentino que se encuentra en cumplimento de funciones p\u00fablicas. Este tipo de acontecimientos parec\u00edan superados en nuestro pa\u00eds. Su recurrencia no hace m\u00e1s que recordarnos la pesadilla de los a\u00f1os m\u00e1s tristes de nuestra historia\u201d..<\/em><\/strong><\/p>\n<p>Adem\u00e1s, confirm\u00f3 la reuni\u00f3n de la mesa pactada para el mismo d\u00eda 9 de mayo, con el objetivo de confirmar la Convenci\u00f3n Nacional de la UCR: <strong>\u00ab<em>Estamos muy impactados con esto tanto por el hecho, como por el diputado que uno conoce. La idea de la convocatoria estaba hecha en efecto de definir la fecha y el lugar para la convenci\u00f3n nacional\u00bb. <\/em><\/strong>A partir de la convocatoria, el radicalismo y su activaci\u00f3n antes del cierre de alianzas y listas, coment\u00f3: <b><em>\u00abEfectivamente el 18 ya est\u00e1 convocada la provincia, entendemos que va a ver un pronunciamiento mayoritario en algo que desde mi punto de vista no est\u00e1 en duda que es la pertenencia a cambiemos; hay quienes tienen la alternativa de definir propuestas para definir y consolidar el partido\u00bb<\/em>.<\/b><\/p>\n<\/div>\n","protected":false},"excerpt":{"rendered":"<p>LA CONMOCI\u00d3N HA ABARCADO A TODO EL ARCO POL\u00cdTICO.<\/p>\n","protected":false},"author":3,"featured_media":2353,"comment_status":"open","ping_status":"open","sticky":false,"template":"","format":"standard","meta":{"footnotes":"","jetpack_publicize_message":"","jetpack_publicize_feature_enabled":true,"jetpack_social_post_already_shared":false,"jetpack_social_options":{"image_generator_settings":{"template":"highway","default_image_id":0,"font":"","enabled":false},"version":2}},"categories":[17],"tags":[328],"class_list":["post-2348","post","type-post","status-publish","format-standard","has-post-thumbnail","hentry","category-politica","tag-ataque-a-diputado-y-asesor"],"jetpack_publicize_connections":[],"jetpack_featured_media_url":"https:\/\/revistaepocadigital.com.ar\/wp-content\/uploads\/2019\/05\/Daniel-Salvador.jpg","jetpack_likes_enabled":true,"_links":{"self":[{"href":"https:\/\/revistaepocadigital.com.ar\/index.php?rest_route=\/wp\/v2\/posts\/2348","targetHints":{"allow":["GET"]}}],"collection":[{"href":"https:\/\/revistaepocadigital.com.ar\/index.php?rest_route=\/wp\/v2\/posts"}],"about":[{"href":"https:\/\/revistaepocadigital.com.ar\/index.php?rest_route=\/wp\/v2\/types\/post"}],"author":[{"embeddable":true,"href":"https:\/\/revistaepocadigital.com.ar\/index.php?rest_route=\/wp\/v2\/users\/3"}],"replies":[{"embeddable":true,"href":"https:\/\/revistaepocadigital.com.ar\/index.php?rest_route=%2Fwp%2Fv2%2Fcomments&post=2348"}],"version-history":[{"count":0,"href":"https:\/\/revistaepocadigital.com.ar\/index.php?rest_route=\/wp\/v2\/posts\/2348\/revisions"}],"wp:featuredmedia":[{"embeddable":true,"href":"https:\/\/revistaepocadigital.com.ar\/index.php?rest_route=\/wp\/v2\/media\/2353"}],"wp:attachment":[{"href":"https:\/\/revistaepocadigital.com.ar\/index.php?rest_route=%2Fwp%2Fv2%2Fmedia&parent=2348"}],"wp:term":[{"taxonomy":"category","embeddable":true,"href":"https:\/\/revistaepocadigital.com.ar\/index.php?rest_route=%2Fwp%2Fv2%2Fcategories&post=2348"},{"taxonomy":"post_tag","embeddable":true,"href":"https:\/\/revistaepocadigital.com.ar\/index.php?rest_route=%2Fwp%2Fv2%2Ftags&post=2348"}],"curies":[{"name":"wp","href":"https:\/\/api.w.org\/{rel}","templated":true}]}}