{"id":23511,"date":"2023-12-20T11:10:54","date_gmt":"2023-12-20T14:10:54","guid":{"rendered":"https:\/\/revistaepocadigital.com.ar\/?p=23511"},"modified":"2023-12-20T13:32:15","modified_gmt":"2023-12-20T16:32:15","slug":"en-el-barrio-la-sidrera-los-bomberos-de-cardales-colaboran-con-vecinos-despues-del-temporal","status":"publish","type":"post","link":"https:\/\/revistaepocadigital.com.ar\/?p=23511","title":{"rendered":"En el Barrio La Sidrera, los Bomberos de Cardales colaboran con vecinos despu\u00e9s del temporal"},"content":{"rendered":"<div dir=\"auto\"><strong>BOMBEROS Y MUNICIPIO.<\/strong><\/div>\n<p><!--more--><\/p>\n<div dir=\"auto\">En el Barrio La Sidrera, los Bomberos Voluntarios de Los Cardales, han estado asistiendo a los vecinos damnificados por el tremendo temporal, con un cami\u00f3n cisterna con agua.<\/div>\n<div dir=\"auto\"><\/div>\n<div dir=\"auto\"><img loading=\"lazy\" decoding=\"async\" class=\"aligncenter size-medium wp-image-23513\" src=\"https:\/\/revistaepocadigital.com.ar\/wp-content\/uploads\/2023\/12\/bomb.car-temooral-ex-inf-300x230.jpg\" alt=\"\" width=\"300\" height=\"230\" srcset=\"https:\/\/revistaepocadigital.com.ar\/wp-content\/uploads\/2023\/12\/bomb.car-temooral-ex-inf-300x230.jpg 300w, https:\/\/revistaepocadigital.com.ar\/wp-content\/uploads\/2023\/12\/bomb.car-temooral-ex-inf-768x588.jpg 768w, https:\/\/revistaepocadigital.com.ar\/wp-content\/uploads\/2023\/12\/bomb.car-temooral-ex-inf-80x60.jpg 80w, https:\/\/revistaepocadigital.com.ar\/wp-content\/uploads\/2023\/12\/bomb.car-temooral-ex-inf-696x533.jpg 696w, https:\/\/revistaepocadigital.com.ar\/wp-content\/uploads\/2023\/12\/bomb.car-temooral-ex-inf-549x420.jpg 549w, https:\/\/revistaepocadigital.com.ar\/wp-content\/uploads\/2023\/12\/bomb.car-temooral-ex-inf.jpg 781w\" sizes=\"auto, (max-width: 300px) 100vw, 300px\" \/><\/div>\n<div dir=\"auto\"><\/div>\n<div dir=\"auto\">A su vez, la Delegaci\u00f3n Municipal de Pav\u00f3n, continuaba trabajando en podas de ramas y \u00e1rboles ca\u00eddos para liberar las zonas afectadas.<\/div>\n","protected":false},"excerpt":{"rendered":"<p>BOMBEROS Y MUNICIPIO.<\/p>\n","protected":false},"author":3,"featured_media":23512,"comment_status":"open","ping_status":"open","sticky":false,"template":"","format":"standard","meta":{"footnotes":"","jetpack_publicize_message":"","jetpack_publicize_feature_enabled":true,"jetpack_social_post_already_shared":true,"jetpack_social_options":{"image_generator_settings":{"template":"highway","default_image_id":0,"font":"","enabled":false},"version":2}},"categories":[4],"tags":[365,2578,1789],"class_list":["post-23511","post","type-post","status-publish","format-standard","has-post-thumbnail","hentry","category-aqui-los-cardales","tag-bomberos","tag-sidrera","tag-temporal"],"jetpack_publicize_connections":[],"jetpack_featured_media_url":"https:\/\/revistaepocadigital.com.ar\/wp-content\/uploads\/2023\/12\/bom-car-sidrera-exalt-inf.jpg","jetpack_likes_enabled":true,"_links":{"self":[{"href":"https:\/\/revistaepocadigital.com.ar\/index.php?rest_route=\/wp\/v2\/posts\/23511","targetHints":{"allow":["GET"]}}],"collection":[{"href":"https:\/\/revistaepocadigital.com.ar\/index.php?rest_route=\/wp\/v2\/posts"}],"about":[{"href":"https:\/\/revistaepocadigital.com.ar\/index.php?rest_route=\/wp\/v2\/types\/post"}],"author":[{"embeddable":true,"href":"https:\/\/revistaepocadigital.com.ar\/index.php?rest_route=\/wp\/v2\/users\/3"}],"replies":[{"embeddable":true,"href":"https:\/\/revistaepocadigital.com.ar\/index.php?rest_route=%2Fwp%2Fv2%2Fcomments&post=23511"}],"version-history":[{"count":0,"href":"https:\/\/revistaepocadigital.com.ar\/index.php?rest_route=\/wp\/v2\/posts\/23511\/revisions"}],"wp:featuredmedia":[{"embeddable":true,"href":"https:\/\/revistaepocadigital.com.ar\/index.php?rest_route=\/wp\/v2\/media\/23512"}],"wp:attachment":[{"href":"https:\/\/revistaepocadigital.com.ar\/index.php?rest_route=%2Fwp%2Fv2%2Fmedia&parent=23511"}],"wp:term":[{"taxonomy":"category","embeddable":true,"href":"https:\/\/revistaepocadigital.com.ar\/index.php?rest_route=%2Fwp%2Fv2%2Fcategories&post=23511"},{"taxonomy":"post_tag","embeddable":true,"href":"https:\/\/revistaepocadigital.com.ar\/index.php?rest_route=%2Fwp%2Fv2%2Ftags&post=23511"}],"curies":[{"name":"wp","href":"https:\/\/api.w.org\/{rel}","templated":true}]}}