{"id":23522,"date":"2023-12-23T20:20:41","date_gmt":"2023-12-23T23:20:41","guid":{"rendered":"https:\/\/revistaepocadigital.com.ar\/?p=23522"},"modified":"2023-12-23T21:08:25","modified_gmt":"2023-12-24T00:08:25","slug":"kicillof-con-legisladores-nacionales-sindicalistas-intendentes-y-referentes-de-union-por-la-patria-estuvo-nanni","status":"publish","type":"post","link":"https:\/\/revistaepocadigital.com.ar\/?p=23522","title":{"rendered":"Kicillof con legisladores nacionales, sindicalistas, intendentes y referentes de Uni\u00f3n por la Patria. Estuvo Nanni"},"content":{"rendered":"<div class=\"msg-body P_wpofO mq_AS\" data-test-id=\"message-view-body-content\">\n<div class=\"jb_0 X_6MGW N_6Fd5\">\n<div dir=\"ltr\"><strong>LA SITUACI\u00d3N.<!--more--><img decoding=\"async\" src=\"data:image\/gif;base64,R0lGODlhAQABAIAAAAAAAP\/\/\/yH5BAEAAAAALAAAAAABAAEAAAIBRAA7\" \/><\/strong><\/div>\n<div dir=\"ltr\"><\/div>\n<div dir=\"ltr\">El gobernador Axel Kicillof se reuni\u00f3 (22-12) en la Casa de Gobierno en La Plata con intendentes, entre ellos se encontr\u00f3 Diego Nanni, jefe comunal de Exaltaci\u00f3n de la Cruz, adem\u00e1s legisladores nacionales, funcionarios y representantes de Uni\u00f3n por la Patria para analizar la situaci\u00f3n econ\u00f3mica y las \u00faltimas decisiones del Gobierno Nacional.<\/div>\n<div dir=\"ltr\"><\/div>\n<div dir=\"ltr\">En ese marco, Kicillof destac\u00f3 que \u201chicimos un diagn\u00f3stico de la situaci\u00f3n que se est\u00e1 viviendo tras la devaluaci\u00f3n y acerca de c\u00f3mo est\u00e1 afectando el programa econ\u00f3mico que, producto de un ajuste fiscal y monetario, termina impactando en los ingresos de toda la sociedad, pero sobre todo de los sectores populares\u201d.<\/div>\n<div dir=\"ltr\"><\/div>\n<div dir=\"ltr\">\u201cLo que qued\u00f3 de manifiesto es que este plan no tiene nada de novedoso, no es libertario, ni austr\u00edaco, sino un plan de ajuste cl\u00e1sico como lo reconoci\u00f3 el propio Presidente\u201d, sostuvo el Gobernador y agreg\u00f3: \u201cM\u00e1s all\u00e1 de las teor\u00edas y los discursos grandilocuentes, est\u00e1 golpeando muy fuerte en el bolsillo de la gente, ya que han subido los precios de los medicamentos y de los alimentos\u201d.<\/div>\n<div dir=\"ltr\"><\/div>\n<div dir=\"ltr\">\u201cLos intendentes han comentado que en muchos distritos ya hay vecinos y vecinas que se acercan a consultar por los efectos y los alcances que puede tener el DNU que presentaron el mi\u00e9rcoles pasado\u201d, afirm\u00f3 y a\u00f1adi\u00f3: \u201cM\u00e1s all\u00e1 del planteo sobre la validez del decreto, es preocupante su contenido: eso que llaman desregulaci\u00f3n es en realidad un verdadero desguace\u201d.<\/div>\n<div dir=\"ltr\"><\/div>\n<div dir=\"ltr\">Asimismo, Kicillof subray\u00f3 que \u201cen la reuni\u00f3n que mantuvimos los gobernadores con el Presidente, le dije claramente que las provincias necesitamos saber cu\u00e1les son las estimaciones que proyectan en t\u00e9rminos de inflaci\u00f3n y actividad\u201d. \u201cEs responsabilidad del Gobierno Nacional plantear las bases macroecon\u00f3micas para que luego cada provincia pueda elaborar sus presupuestos: hoy no tenemos un escenario claro que nos permita planificar el pr\u00f3ximo a\u00f1o\u201d, destac\u00f3.<\/div>\n<div dir=\"ltr\"><\/div>\n<div dir=\"ltr\">\u201cTodos tenemos el compromiso de defender los intereses de las y los bonaerenses: estos planes de ajuste afectan a buena parte del aparato productivo de la Argentina y, en consecuencia, la principal perjudicada es la provincia de Buenos Aires\u201d, concluy\u00f3.<\/div>\n<div dir=\"ltr\"><\/div>\n<\/div>\n<\/div>\n","protected":false},"excerpt":{"rendered":"<p>LA SITUACI\u00d3N.<\/p>\n","protected":false},"author":3,"featured_media":23524,"comment_status":"open","ping_status":"open","sticky":false,"template":"","format":"standard","meta":{"footnotes":"","jetpack_publicize_message":"","jetpack_publicize_feature_enabled":true,"jetpack_social_post_already_shared":true,"jetpack_social_options":{"image_generator_settings":{"template":"highway","default_image_id":0,"font":"","enabled":false},"version":2}},"categories":[13],"tags":[2152,735,478],"class_list":["post-23522","post","type-post","status-publish","format-standard","has-post-thumbnail","hentry","category-interes-general","tag-2152","tag-intendentes","tag-kicillof"],"jetpack_publicize_connections":[],"jetpack_featured_media_url":"https:\/\/revistaepocadigital.com.ar\/wp-content\/uploads\/2023\/12\/kici-nanni-23.jpg","jetpack_likes_enabled":true,"_links":{"self":[{"href":"https:\/\/revistaepocadigital.com.ar\/index.php?rest_route=\/wp\/v2\/posts\/23522","targetHints":{"allow":["GET"]}}],"collection":[{"href":"https:\/\/revistaepocadigital.com.ar\/index.php?rest_route=\/wp\/v2\/posts"}],"about":[{"href":"https:\/\/revistaepocadigital.com.ar\/index.php?rest_route=\/wp\/v2\/types\/post"}],"author":[{"embeddable":true,"href":"https:\/\/revistaepocadigital.com.ar\/index.php?rest_route=\/wp\/v2\/users\/3"}],"replies":[{"embeddable":true,"href":"https:\/\/revistaepocadigital.com.ar\/index.php?rest_route=%2Fwp%2Fv2%2Fcomments&post=23522"}],"version-history":[{"count":0,"href":"https:\/\/revistaepocadigital.com.ar\/index.php?rest_route=\/wp\/v2\/posts\/23522\/revisions"}],"wp:featuredmedia":[{"embeddable":true,"href":"https:\/\/revistaepocadigital.com.ar\/index.php?rest_route=\/wp\/v2\/media\/23524"}],"wp:attachment":[{"href":"https:\/\/revistaepocadigital.com.ar\/index.php?rest_route=%2Fwp%2Fv2%2Fmedia&parent=23522"}],"wp:term":[{"taxonomy":"category","embeddable":true,"href":"https:\/\/revistaepocadigital.com.ar\/index.php?rest_route=%2Fwp%2Fv2%2Fcategories&post=23522"},{"taxonomy":"post_tag","embeddable":true,"href":"https:\/\/revistaepocadigital.com.ar\/index.php?rest_route=%2Fwp%2Fv2%2Ftags&post=23522"}],"curies":[{"name":"wp","href":"https:\/\/api.w.org\/{rel}","templated":true}]}}