{"id":23525,"date":"2023-12-23T20:52:08","date_gmt":"2023-12-23T23:52:08","guid":{"rendered":"https:\/\/revistaepocadigital.com.ar\/?p=23525"},"modified":"2023-12-24T12:28:48","modified_gmt":"2023-12-24T15:28:48","slug":"came-ante-el-dnu-del-presidente-javier-milei","status":"publish","type":"post","link":"https:\/\/revistaepocadigital.com.ar\/?p=23525","title":{"rendered":"CAME ante el DNU del presidente Javier Milei"},"content":{"rendered":"<table class=\"yiv4757789521ed-section yiv4757789521ed-section-header\" role=\"presentation\" border=\"0\" cellspacing=\"0\" cellpadding=\"0\" align=\"center\">\n<tbody>\n<tr>\n<td>\n<table role=\"presentation\" border=\"0\" cellspacing=\"0\" cellpadding=\"0\" align=\"center\">\n<tbody>\n<tr>\n<td>\n<div class=\"yiv4757789521ed-block yiv4757789521ed-block-7\">\n<table role=\"presentation\" border=\"0\" cellspacing=\"0\" cellpadding=\"0\" align=\"center\">\n<tbody>\n<tr>\n<td>\n<div class=\"yiv4757789521mj-column-per-100 yiv4757789521mj-outlook-group-fix\">\n<table role=\"presentation\" border=\"0\" width=\"100%\" cellspacing=\"0\" cellpadding=\"0\">\n<tbody>\n<tr>\n<td align=\"center\">\n<table role=\"presentation\" border=\"0\" cellspacing=\"0\" cellpadding=\"0\">\n<tbody>\n<tr>\n<td><a href=\"https:\/\/mailprensa.came.org.ar\/c\/1k2xr2\/gn7drcrp\/korw9ewsaqw\" target=\"_blank\" rel=\"nofollow noopener noreferrer\"><img decoding=\"async\" title=\"Confederaci\u00f3n Argentina de la Mediana Empresa\" src=\"https:\/\/ecp.yusercontent.com\/mail?url=https%3A%2F%2Fmailprensa.came.org.ar%2Fdata%2F1899c60d3e88c767f20949a98d5003460b14bf85%2Fmedia_files%2F526%2Foriginal%2Flogo-CAME.png&amp;t=1703373826&amp;ymreqid=a1e28384-e738-286e-1ce5-68003b017400&amp;sig=Zq61dnEjDoVmBjMh4iyy5w--~D\" alt=\"Confederaci\u00f3n Argentina de la Mediana Empresa\" width=\"236\" height=\"auto\" \/><\/a><\/td>\n<\/tr>\n<\/tbody>\n<\/table>\n<\/td>\n<\/tr>\n<\/tbody>\n<\/table>\n<\/div>\n<\/td>\n<\/tr>\n<\/tbody>\n<\/table>\n<\/div>\n<div class=\"yiv4757789521ed-block yiv4757789521ed-block-c24fa833-13f2-447d-9f43-50ec9421173f\">\n<table role=\"presentation\" border=\"0\" cellspacing=\"0\" cellpadding=\"0\" align=\"center\">\n<tbody>\n<tr>\n<td>\n<div class=\"yiv4757789521mj-column-per-100 yiv4757789521mj-outlook-group-fix\">\n<table role=\"presentation\" border=\"0\" width=\"100%\" cellspacing=\"0\" cellpadding=\"0\">\n<tbody>\n<tr>\n<td align=\"center\"><strong>COMO LO VE LA MEDIANA EMPRESA, DE SUMA IMPORTANCIA EN EL PA\u00cdS<\/strong><\/td>\n<\/tr>\n<\/tbody>\n<\/table>\n<\/div>\n<\/td>\n<\/tr>\n<\/tbody>\n<\/table>\n<\/div>\n<div class=\"yiv4757789521ed-block yiv4757789521ed-block-eb47e679-7ee0-4887-9096-4d6de06d8b89\">\n<table role=\"presentation\" border=\"0\" cellspacing=\"0\" cellpadding=\"0\" align=\"center\">\n<tbody>\n<tr>\n<td>\n<div class=\"yiv4757789521mj-column-per-100 yiv4757789521mj-outlook-group-fix\">\n<table role=\"presentation\" border=\"0\" width=\"100%\" cellspacing=\"0\" cellpadding=\"0\">\n<tbody>\n<tr>\n<td class=\"yiv4757789521ed-text-container yiv4757789521ed-column-number-0\" align=\"center\"><\/td>\n<\/tr>\n<\/tbody>\n<\/table>\n<\/div>\n<\/td>\n<\/tr>\n<\/tbody>\n<\/table>\n<\/div>\n<div class=\"yiv4757789521ed-block yiv4757789521ed-block-1\">\n<table role=\"presentation\" border=\"0\" cellspacing=\"0\" cellpadding=\"0\" align=\"center\">\n<tbody>\n<tr>\n<td>\n<div class=\"yiv4757789521mj-column-per-100 yiv4757789521mj-outlook-group-fix\">\n<table role=\"presentation\" border=\"0\" width=\"100%\" cellspacing=\"0\" cellpadding=\"0\">\n<tbody>\n<tr>\n<td class=\"yiv4757789521ed-text-container yiv4757789521ed-column-number-0\" align=\"center\">\n<div>\n<div><\/div>\n<\/div>\n<\/td>\n<\/tr>\n<\/tbody>\n<\/table>\n<\/div>\n<\/td>\n<\/tr>\n<\/tbody>\n<\/table>\n<\/div>\n<\/td>\n<\/tr>\n<\/tbody>\n<\/table>\n<\/td>\n<\/tr>\n<\/tbody>\n<\/table>\n<table class=\"yiv4757789521ed-section yiv4757789521ed-section-content\" role=\"presentation\" border=\"0\" cellspacing=\"0\" cellpadding=\"0\" align=\"center\">\n<tbody>\n<tr>\n<td>\n<table role=\"presentation\" border=\"0\" cellspacing=\"0\" cellpadding=\"0\" align=\"center\">\n<tbody>\n<tr>\n<td>\n<div class=\"yiv4757789521ed-block yiv4757789521ed-block-2\">\n<table role=\"presentation\" border=\"0\" cellspacing=\"0\" cellpadding=\"0\" align=\"center\">\n<tbody>\n<tr>\n<td>\n<div class=\"yiv4757789521mj-column-per-100 yiv4757789521mj-outlook-group-fix\">\n<table role=\"presentation\" border=\"0\" width=\"100%\" cellspacing=\"0\" cellpadding=\"0\">\n<tbody>\n<tr>\n<td class=\"yiv4757789521ed-text-container yiv4757789521ed-column-number-0\" align=\"left\">La Confederaci\u00f3n Argentina de la Mediana Empresa (CAME) entiende que el esp\u00edritu del Decreto de Necesidad y Urgencia (DNU) de desregulaci\u00f3n de la econom\u00eda tiene como fin colocar a la Argentina en un sendero de crecimiento ante distorsiones generadas a lo largo de d\u00e9cadas, a la vez que procura revalorizar el rol del sector privado y la iniciativa individual.<\/p>\n<p align=\"center\"><img loading=\"lazy\" decoding=\"async\" class=\"aligncenter size-full wp-image-23526\" src=\"https:\/\/revistaepocadigital.com.ar\/wp-content\/uploads\/2023\/12\/mail-3.jpeg\" alt=\"\" width=\"1023\" height=\"899\" srcset=\"https:\/\/revistaepocadigital.com.ar\/wp-content\/uploads\/2023\/12\/mail-3.jpeg 1023w, https:\/\/revistaepocadigital.com.ar\/wp-content\/uploads\/2023\/12\/mail-3-300x264.jpeg 300w, https:\/\/revistaepocadigital.com.ar\/wp-content\/uploads\/2023\/12\/mail-3-768x675.jpeg 768w, https:\/\/revistaepocadigital.com.ar\/wp-content\/uploads\/2023\/12\/mail-3-696x612.jpeg 696w, https:\/\/revistaepocadigital.com.ar\/wp-content\/uploads\/2023\/12\/mail-3-478x420.jpeg 478w, https:\/\/revistaepocadigital.com.ar\/wp-content\/uploads\/2023\/12\/mail-3-956x840.jpeg 956w\" sizes=\"auto, (max-width: 1023px) 100vw, 1023px\" \/><\/p>\n<p>La din\u00e1mica econ\u00f3mica de la Argentina obliga a evaluar los alcances particulares, los beneficios y los posibles perjuicios que surgen del DNU, as\u00ed como su implementaci\u00f3n en momentos cr\u00edticos de la vida social y econ\u00f3mica del pa\u00eds.<\/p>\n<p>En lo que refiere a las modificaciones establecidas para aliviar y agilizar la l\u00f3gica laboral, la entidad entiende que van en la l\u00ednea correcta, procurando desandar un largo camino de regulaciones que terminaron por asfixiar a las pymes, sumi\u00e9ndolas en una industria del juicio que dificulta su crecimiento.<\/p>\n<p>Al mismo tiempo, CAME expresa la necesidad de analizar adecuadamente el eventual impacto que la concentraci\u00f3n econ\u00f3mica o los cambios en las reglas comerciales puedan tener sobre el sector de las peque\u00f1as y medianas empresas, agravando a\u00fan m\u00e1s la recesi\u00f3n que atraviesa el pa\u00eds.<\/p>\n<p>La entidad considera que el \u00e9xito en la implementaci\u00f3n de estas pol\u00edticas p\u00fablicas\u00a0\u2013que repercutir\u00e1n en amplios sectores de la sociedad\u2013\u00a0requiere del mayor consenso posible. Y la pr\u00e1ctica de la b\u00fasqueda de consensos requiere de un proceso de intercambio, de discusiones y de negociaciones entre las partes involucradas que representan los distintos intereses en juego. El Congreso de la Naci\u00f3n es el \u00e1mbito natural donde alcanzar los acuerdos, si lo que se pretende es que los mismos sean viables y duraderos.<\/p>\n<p>Por \u00faltimo, CAME ratifica la voluntad de acompa\u00f1amiento y de di\u00e1logo para con el sector p\u00fablico a los efectos de contribuir en el sostenimiento del empleo pyme y el mercado interno. Lo venimos haciendo desde hace mucho tiempo, con propuestas y proyectos de ley a favor de las pymes argentinas.<\/td>\n<\/tr>\n<\/tbody>\n<\/table>\n<\/div>\n<\/td>\n<\/tr>\n<\/tbody>\n<\/table>\n<\/div>\n<\/td>\n<\/tr>\n<\/tbody>\n<\/table>\n<\/td>\n<\/tr>\n<\/tbody>\n<\/table>\n","protected":false},"excerpt":{"rendered":"<p>COMO LO VE LA MEDIANA EMPRESA, DE SUMA IMPORTANCIA EN EL PA\u00cdS La Confederaci\u00f3n Argentina de la Mediana Empresa (CAME) entiende que el esp\u00edritu del Decreto de Necesidad y Urgencia (DNU) de desregulaci\u00f3n de la econom\u00eda tiene como fin colocar a la Argentina en un sendero de crecimiento ante distorsiones generadas a lo largo de [&hellip;]<\/p>\n","protected":false},"author":3,"featured_media":23526,"comment_status":"open","ping_status":"open","sticky":false,"template":"","format":"standard","meta":{"footnotes":"","jetpack_publicize_message":"","jetpack_publicize_feature_enabled":true,"jetpack_social_post_already_shared":true,"jetpack_social_options":{"image_generator_settings":{"template":"highway","default_image_id":0,"font":"","enabled":false},"version":2}},"categories":[17],"tags":[2582,2583],"class_list":["post-23525","post","type-post","status-publish","format-standard","has-post-thumbnail","hentry","category-politica","tag-came","tag-dnu"],"jetpack_publicize_connections":[],"jetpack_featured_media_url":"https:\/\/revistaepocadigital.com.ar\/wp-content\/uploads\/2023\/12\/mail-3.jpeg","jetpack_likes_enabled":true,"_links":{"self":[{"href":"https:\/\/revistaepocadigital.com.ar\/index.php?rest_route=\/wp\/v2\/posts\/23525","targetHints":{"allow":["GET"]}}],"collection":[{"href":"https:\/\/revistaepocadigital.com.ar\/index.php?rest_route=\/wp\/v2\/posts"}],"about":[{"href":"https:\/\/revistaepocadigital.com.ar\/index.php?rest_route=\/wp\/v2\/types\/post"}],"author":[{"embeddable":true,"href":"https:\/\/revistaepocadigital.com.ar\/index.php?rest_route=\/wp\/v2\/users\/3"}],"replies":[{"embeddable":true,"href":"https:\/\/revistaepocadigital.com.ar\/index.php?rest_route=%2Fwp%2Fv2%2Fcomments&post=23525"}],"version-history":[{"count":0,"href":"https:\/\/revistaepocadigital.com.ar\/index.php?rest_route=\/wp\/v2\/posts\/23525\/revisions"}],"wp:featuredmedia":[{"embeddable":true,"href":"https:\/\/revistaepocadigital.com.ar\/index.php?rest_route=\/wp\/v2\/media\/23526"}],"wp:attachment":[{"href":"https:\/\/revistaepocadigital.com.ar\/index.php?rest_route=%2Fwp%2Fv2%2Fmedia&parent=23525"}],"wp:term":[{"taxonomy":"category","embeddable":true,"href":"https:\/\/revistaepocadigital.com.ar\/index.php?rest_route=%2Fwp%2Fv2%2Fcategories&post=23525"},{"taxonomy":"post_tag","embeddable":true,"href":"https:\/\/revistaepocadigital.com.ar\/index.php?rest_route=%2Fwp%2Fv2%2Ftags&post=23525"}],"curies":[{"name":"wp","href":"https:\/\/api.w.org\/{rel}","templated":true}]}}