{"id":23542,"date":"2023-12-23T21:02:17","date_gmt":"2023-12-24T00:02:17","guid":{"rendered":"https:\/\/revistaepocadigital.com.ar\/?p=23542"},"modified":"2023-12-23T21:10:50","modified_gmt":"2023-12-24T00:10:50","slug":"nuevo-equipo-de-rayos-x-en-el-hospital-modular","status":"publish","type":"post","link":"https:\/\/revistaepocadigital.com.ar\/?p=23542","title":{"rendered":"NUEVO EQUIPO DE RAYOS X EN EL HOSPITAL MODULAR"},"content":{"rendered":"<header class=\"entry-header-outer\">\n<div class=\"entry-header\">\n<h3 class=\"post-title entry-title\"><strong>EN FUNCIONAMIENTO.<!--more--><\/strong><\/h3>\n<\/div>\n<\/header>\n<div id=\"share-buttons-top\" class=\"share-buttons share-buttons-top\">\n<div class=\"share-links share-centered\">\n<div><\/div>\n<div>Se ha sumado m\u00e1s equipamiento al Hospital Modular de Cardales. Se trata de equipo nuevo de Rayos X, que se encuentra en funcionamiento<\/div>\n<div><\/div>\n<div>Es un aparato marca Carestream de \u00faltima generaci\u00f3n, y permite incrementar la potencia y la calidad del diagn\u00f3stico por im\u00e1genes.<\/div>\n<\/div>\n<\/div>\n<div class=\"entry-content entry clearfix\">\n<div id=\"contenido_articulo\">\n<blockquote>\n<h5>&#8220;Este nuevo equipo cuenta con sistemas flexibles de radiograf\u00eda digital que solucionan el flujo de trabajo, presupuesto y espacio, y a la vez reducen los tiempos de los procedimientos&#8221;,\u00a0 explic\u00f3 el intendente Nanni.<\/h5>\n<\/blockquote>\n<p><em>&#8220;El objetivo es agilizar las respuestas a la demanda de profesionales de distintos servicios del hospital, todos los d\u00edas, las 24 horas. Este tipo de herramienta demanda un uso casi permanente, ya que el personal de radiolog\u00eda realiza guardias los siete d\u00edas de la semana&#8221;<\/em>, ampli\u00f3 Nanni.<\/p>\n<p>&nbsp;<\/p>\n<\/div>\n<\/div>\n","protected":false},"excerpt":{"rendered":"<p>EN FUNCIONAMIENTO.<\/p>\n","protected":false},"author":3,"featured_media":23543,"comment_status":"open","ping_status":"open","sticky":false,"template":"","format":"standard","meta":{"footnotes":"","jetpack_publicize_message":"","jetpack_publicize_feature_enabled":true,"jetpack_social_post_already_shared":true,"jetpack_social_options":{"image_generator_settings":{"template":"highway","default_image_id":0,"font":"","enabled":false},"version":2}},"categories":[4],"tags":[],"class_list":["post-23542","post","type-post","status-publish","format-standard","has-post-thumbnail","hentry","category-aqui-los-cardales"],"jetpack_publicize_connections":[],"jetpack_featured_media_url":"https:\/\/revistaepocadigital.com.ar\/wp-content\/uploads\/2023\/12\/RAYOS-X-CARDA.jpeg","jetpack_likes_enabled":true,"_links":{"self":[{"href":"https:\/\/revistaepocadigital.com.ar\/index.php?rest_route=\/wp\/v2\/posts\/23542","targetHints":{"allow":["GET"]}}],"collection":[{"href":"https:\/\/revistaepocadigital.com.ar\/index.php?rest_route=\/wp\/v2\/posts"}],"about":[{"href":"https:\/\/revistaepocadigital.com.ar\/index.php?rest_route=\/wp\/v2\/types\/post"}],"author":[{"embeddable":true,"href":"https:\/\/revistaepocadigital.com.ar\/index.php?rest_route=\/wp\/v2\/users\/3"}],"replies":[{"embeddable":true,"href":"https:\/\/revistaepocadigital.com.ar\/index.php?rest_route=%2Fwp%2Fv2%2Fcomments&post=23542"}],"version-history":[{"count":0,"href":"https:\/\/revistaepocadigital.com.ar\/index.php?rest_route=\/wp\/v2\/posts\/23542\/revisions"}],"wp:featuredmedia":[{"embeddable":true,"href":"https:\/\/revistaepocadigital.com.ar\/index.php?rest_route=\/wp\/v2\/media\/23543"}],"wp:attachment":[{"href":"https:\/\/revistaepocadigital.com.ar\/index.php?rest_route=%2Fwp%2Fv2%2Fmedia&parent=23542"}],"wp:term":[{"taxonomy":"category","embeddable":true,"href":"https:\/\/revistaepocadigital.com.ar\/index.php?rest_route=%2Fwp%2Fv2%2Fcategories&post=23542"},{"taxonomy":"post_tag","embeddable":true,"href":"https:\/\/revistaepocadigital.com.ar\/index.php?rest_route=%2Fwp%2Fv2%2Ftags&post=23542"}],"curies":[{"name":"wp","href":"https:\/\/api.w.org\/{rel}","templated":true}]}}