{"id":23617,"date":"2023-12-29T07:49:29","date_gmt":"2023-12-29T10:49:29","guid":{"rendered":"https:\/\/revistaepocadigital.com.ar\/?p=23617"},"modified":"2023-12-29T07:49:29","modified_gmt":"2023-12-29T10:49:29","slug":"la-ley-omnibus-del-presidente-milei-y-sus-tuits-imperdibles","status":"publish","type":"post","link":"https:\/\/revistaepocadigital.com.ar\/?p=23617","title":{"rendered":"LA LEY &#8220;\u00d3MNIBUS&#8221; DEL PRESIDENTE MILEI Y SUS TUITS IMPERDIBLES"},"content":{"rendered":"<section class=\"story-title\">\n<header class=\"mnb0 story-title undefined \">\n<div class=\"px2 story-headline\">\n<div class=\"story-meta\">\n<div class=\"story-meta-sections\"><strong>El Gobierno propuso al Parlamento una profunda reforma del Estado con la privatizaci\u00f3n de 41 empresas p\u00fablicas, cambios en el sistema electoral, reformas tributarias, entre otros puntos incluidos en los 664 art\u00edculos del proyecto.<\/strong><\/div>\n<\/div>\n<\/div>\n<\/header>\n<\/section>\n<p><!--more--><\/p>\n<section class=\"story-header\">\n<div class=\"story-promo px2\">\n<figure class=\"m0\"><figcaption class=\"\">\n<p>Para aplicar las normas incluidas en el proyecto de<b>\u00a0<\/b><a href=\"https:\/\/www.lavoz.com.ar\/politica\/ley-omnibus-uno-por-uno-los-cambios-que-busca-hacer-el-gobierno-nacional\/\" target=\"_blank\" rel=\"noopener\" data-mrf-link=\"https:\/\/www.lavoz.com.ar\/politica\/ley-omnibus-uno-por-uno-los-cambios-que-busca-hacer-el-gobierno-nacional\/\"><b>\u201cLey de Bases y Puntos de Partida para La Libertad de los Argentinos\u201d<\/b><\/a>, Milei pidi\u00f3 al Congreso que declare la emergencia p\u00fablica en materia econ\u00f3mica, financiera, fiscal, previsional, de seguridad, defensa, tarifaria, energ\u00e9tica, sanitaria, administrativa y social hasta el 31 de diciembre de 2025.<\/figcaption><\/figure>\n<\/div>\n<\/section>\n<div class=\"story-content px2\">\n<article>\n<div class=\"clearfix story mxn0 flex flex-wrap mb1\">\n<div class=\"col col-12 pl1 mn0 body\">\n<section>\n<div class=\"container undefined\">\n<div class=\"clearfix\">\n<div id=\"caja2\" class=\"banner-inner\" data-section=\"inicio\" data-name=\"Nota rectangle2\" data-google-query-id=\"CImBoKS5tIMDFUqklQIdQ1QDmg\">\n<div id=\"google_ads_iframe_\/6955764\/LaVoz2021\/notas\/caja2_0__container__\"><\/div>\n<\/div>\n<\/div>\n<\/div>\n<article class=\"article card   \" data-mrf-recirculation=\"M\u00f3dulo relacionada entre p\u00e1rrafos\">\n<div class=\"article-inner \">\n<div class=\"article-image \"><\/div>\n<div class=\"article-content card-content  \">\n<h2 class=\"article-title\"><span style=\"font-family: Verdana, Geneva, sans-serif; font-size: 15px; color: #222222;\">en el texto fija que el plazo para la emergencia podr\u00e1 ser prorrogado por el Poder Ejecutivo nacional por un m\u00e1ximo de dos a\u00f1os y pide en el \u00faltimo art\u00edculo ratificar el Decreto de Necesidad y Urgencia (DNU) de desregulaci\u00f3n econ\u00f3mica 70\/23 que firm\u00f3 la semana pasada, cuestionado por sectores de la oposici\u00f3n en protestas callejeras y presentaciones judiciales.<\/span><\/h2>\n<\/div>\n<\/div>\n<\/article>\n<p data-mrf-recirculation=\"Links p\u00e1rrafos (art\u00edculo)\">La inclusi\u00f3n del DNU puede hacer perder fuerza al debate en la comisi\u00f3n bicameral de tratamiento legislativo, ya que se tratar\u00e1 en las comisiones permanentes del Congreso.<\/p>\n<figure><picture><img decoding=\"async\" class=\"block\" src=\"https:\/\/www.lavoz.com.ar\/resizer\/UzvoCcsrM1esSYwiggUToVaTZlI=\/1023x631\/smart\/cloudfront-us-east-1.images.arcpublishing.com\/grupoclarin\/KCQAAGCCUREYPO56HHQELI2E6Q.jpg\" sizes=\"auto\" alt=\"ley \u00f3mnibus\" width=\"1023px\" height=\"631px\" data-src=\"https:\/\/www.lavoz.com.ar\/resizer\/UzvoCcsrM1esSYwiggUToVaTZlI=\/1023x631\/smart\/cloudfront-us-east-1.images.arcpublishing.com\/grupoclarin\/KCQAAGCCUREYPO56HHQELI2E6Q.jpg\" \/><\/picture><figcaption class=\"\">ley \u00f3mnibus<\/figcaption><\/figure>\n<div class=\"container undefined\">\n<div class=\"clearfix\">\n<div id=\"caja3\" class=\"banner-inner\" data-section=\"inicio\" data-name=\"Nota rectangle3\" data-google-query-id=\"CMuyhaq5tIMDFfNO3QIdSf8IHA\">\n<div id=\"google_ads_iframe_\/6955764\/LaVoz2021\/notas\/caja3_0__container__\"><\/div>\n<\/div>\n<\/div>\n<\/div>\n<h3>LOS PUNTOS PRINCIPALES DEL PROYECTO \u201c\u00d3MNIBUS\u201d DE JAVIER MILEI<\/h3>\n<p data-mrf-recirculation=\"Links p\u00e1rrafos (art\u00edculo)\">Estos son los puntos principales del proyecto de ley enviado por el Gobierno al Parlamento:<\/p>\n<ol>\n<li><b>Se declara la emergencia p\u00fablica en materia econ\u00f3mica, financiera, fiscal, previsional, de seguridad, defensa, tarifaria, energ\u00e9tica, sanitaria, administrativa<\/b>\u00a0y social hasta el\u00a0<b>31 de diciembre de 2025<\/b>. Dicho plazo podr\u00e1 ser prorrogado por el Poder Ejecutivo nacional por el plazo m\u00e1ximo de dos a\u00f1os.<\/li>\n<li><b>Delega facultades legislativas al Poder Ejecutivo<\/b>\u00a0en las materias a las que se declar\u00f3 en emergencia.<\/li>\n<li><b>Se ratifica el Decreto de Necesidad y Urgencia (DNU)<\/b>\u00a0de desregulaci\u00f3n econ\u00f3mica 70\/23 que firm\u00f3 el presidente Javier Milei la semana pasada.<\/li>\n<li>Se pide<b>\u00a0autorizaci\u00f3n para privatizar 41 empresas p\u00fablicas<\/b>\u00a0entre las que figura Banco Naci\u00f3n, YPF, Aysa, Aerol\u00edneas Argentinas y la agencia de noticias T\u00e9lam.<\/li>\n<li><b>Se suspende la f\u00f3rmula previsional\u00a0<\/b>utilizada para actualizar los haberes de los jubilados y se establece que el Gobierno dar\u00e1 aumentos por decreto.<\/li>\n<li>Se establecen\u00a0<b>sanciones de prisi\u00f3n para los organizadores de protestas<\/b>\u00a0que corten calles o rutas o obstaculicen el espacio p\u00fablico.<\/li>\n<li>Tambi\u00e9n tendr\u00e1n\u00a0<b>penas quienes generen disturbios y da\u00f1os durante las manifestaciones<\/b>, siempre que no estuvieren previstos en otros tipos penales.<\/li>\n<li>Se concentra en\u00a0<b>un solo r\u00e9gimen el sistema nacional de contrataciones p\u00fablicas<\/b>.<\/li>\n<li>El proyecto establece criterios para la\u00a0<b>transparencia en las concesiones, los mecanismos de monitoreo, arbitraje y extinci\u00f3n de las concesiones<\/b>.<\/li>\n<li>Los\u00a0<b>empleados p\u00fablicos que realicen protestas sufrir\u00e1n el descuento en sus salarios<\/b>.<\/li>\n<li>Se prev\u00e9n los instrumentos legales para llevar adelante la reorganizaci\u00f3n de la Administraci\u00f3n P\u00fablica nacional y\u00a0<b>se habilita a eliminar reparticiones cuya finalidad replica la de otros organismos o incluso de la justicia<\/b>, como el INADI.<\/li>\n<li>Se dispone\u00a0<b>el pase a disponibilidad de los empleados estatales cuyos cargos sean eliminados\u00a0<\/b>por la reestructuraci\u00f3n del Estado y se les pagar\u00e1 el sueldo durante 12 meses hasta su desvinculaci\u00f3n.<\/li>\n<li>Se propone<b>\u00a0la eliminaci\u00f3n de las Paso y las primarias<\/b>\u00a0las tendr\u00e1 que hacer cada partido pol\u00edtico.<\/li>\n<li>Se propone<b>\u00a0la eliminaci\u00f3n de las listas s\u00e1banas\u00a0<\/b>estableciendo un sistema de elecci\u00f3n de diputados nacionales con base en circunscripciones uninominales.<\/li>\n<li>Se propone que, para el financiamiento de las campa\u00f1as,\u00a0<b>los partidos pol\u00edticos deber\u00e1n crear una cuenta corriente \u00fanica<\/b>\u00a0por distrito en donde se deber\u00e1n depositar los fondos del partido pol\u00edtico.<\/li>\n<li>Se establece\u00a0<b>un sistema de regularizaci\u00f3n de las deudas tributarias, aduaneras y de seguridad social<\/b>\u00a0vencidas al 30 de noviembre de 2023.<\/li>\n<li>Se propone\u00a0<b>un blanqueo de capitales donde se podr\u00e1 realizar sin costo para los primeros 100 mil d\u00f3lares y habr\u00e1 un al\u00edcuota sobre el excedente<\/b>\u00a0seg\u00fan cual fuera la fecha de exteriorizaci\u00f3n.<\/li>\n<li><b>Se reforma el impuesto de bienes personales<\/b>\u00a0y se establece una unificaci\u00f3n de la cuota cualquiera fuera la ubicaci\u00f3n de los bienes.<\/li>\n<li>Se establece\u00a0<b>las al\u00edcuotas para las retenciones agropecuarias y all\u00ed se impone un 33 ciento sobre los derechos de exportaci\u00f3n a la soja<\/b>.<\/li>\n<li>Se establece\u00a0<b>el libre comercio internacional de hidrocarburos y se proh\u00edbe la intervenci\u00f3n o la fijaci\u00f3n de precios de comercializaci\u00f3n en el mercado interno en cualquiera de las etapas de producci\u00f3n.<\/b><\/li>\n<li><b>Se modifica la ley de Biocombustibles<\/b>\u00a0para permitir libre comercio de biocombustibles, en t\u00e9rminos de precio y aprovisionamiento.<\/li>\n<li><b>Se unifican los Entes Reguladores del Gas y la Electricidad para el control de las empresas concesionarias y licenciatarias de transporte<\/b>\u00a0y distribuci\u00f3n de energ\u00eda el\u00e9ctrica y gas natural.<\/li>\n<li>El\u00a0<b>proyecto establece transferir en enero del 2025 el Registro de la Propiedad Inmueble (RPI)\u00a0<\/b>a la jurisdicci\u00f3n de la Ciudad Aut\u00f3noma de Buenos Aires.<\/li>\n<li><b>Se transfiere a la Ciudad de Buenos Aires la justicia con competencia local, que hoy sigue bajo la justicia nacional<\/b>.<\/li>\n<li>Se propone que el Poder Judicial y el Poder Legislativo tengan tambi\u00e9n\u00a0<b>una Oficina Anticorrupci\u00f3n<\/b>, que actualmente alcanza s\u00f3lo al Poder Ejecutivo.<\/li>\n<li>Se establece que\u00a0<b>los alumnos de la secundaria deber\u00e1n rendir un examen integrador al finalizar la educaci\u00f3n secundaria<\/b>.<\/li>\n<li>Se instaura\u00a0<b>un proceso de evaluaci\u00f3n continua de los docentes y se eliminan las restricciones a la educaci\u00f3n a distancia<\/b>.<\/li>\n<li><b>Se proh\u00edbe el ingreso de personas sin secundario completo en la educaci\u00f3n superior<\/b>.<\/li>\n<li>Se autoriza a que las universidades que lo deseen puedan<b>\u00a0arancelar la educaci\u00f3n de extranjeros no residentes<\/b>.<\/li>\n<li>Se introduce<b>\u00a0el concepto de divorcio simplificado\u00a0<\/b>para aquellos que forman parte del acuerdo entre las partes al admitir la simple inscripci\u00f3n en el registro civil.<\/li>\n<li><b>Se limita el sistema de subsidios al 50 por ciento de la producci\u00f3n en el INCAA\u00a0<\/b>ya que se establece que el beneficiario debe tener financiamiento equivalente al solicitado al Instituto.<\/li>\n<\/ol>\n<figure><figcaption class=\"\"><\/figcaption><\/figure>\n<h2 class=\"\">MILEI Y EL \u201cHILO IMPERDIBLE\u201d EN X (TWITTER)<\/h2>\n<p data-mrf-recirculation=\"Links p\u00e1rrafos (art\u00edculo)\">Javier Milei reposte\u00f3 un tuit de un usuario llamado @CharlyMiraOK en el que explica el megaproyecto de ley. El hilo contiene 10 puntos.<\/p>\n<div class=\"container undefined\">\n<div class=\"clearfix\">\n<div id=\"caja5\" class=\"banner-inner\" data-section=\"inicio\" data-name=\"Nota rectangle5\" data-google-query-id=\"CN6ewKu5tIMDFahU3QIdcb4Nfg\">\n<div id=\"google_ads_iframe_\/6955764\/LaVoz2021\/notas\/caja5_0__container__\"><\/div>\n<\/div>\n<\/div>\n<\/div>\n<div class=\"story-embeded story-twitter noreadme-audima\">\n<div>\n<div class=\"twitter-tweet twitter-tweet-rendered\"><iframe id=\"twitter-widget-0\" class=\"\" title=\"X Post\" src=\"https:\/\/platform.twitter.com\/embed\/Tweet.html?dnt=false&amp;embedId=twitter-widget-0&amp;features=eyJ0ZndfdGltZWxpbmVfbGlzdCI6eyJidWNrZXQiOltdLCJ2ZXJzaW9uIjpudWxsfSwidGZ3X2ZvbGxvd2VyX2NvdW50X3N1bnNldCI6eyJidWNrZXQiOnRydWUsInZlcnNpb24iOm51bGx9LCJ0ZndfdHdlZXRfZWRpdF9iYWNrZW5kIjp7ImJ1Y2tldCI6Im9uIiwidmVyc2lvbiI6bnVsbH0sInRmd19yZWZzcmNfc2Vzc2lvbiI6eyJidWNrZXQiOiJvbiIsInZlcnNpb24iOm51bGx9LCJ0ZndfZm9zbnJfc29mdF9pbnRlcnZlbnRpb25zX2VuYWJsZWQiOnsiYnVja2V0Ijoib24iLCJ2ZXJzaW9uIjpudWxsfSwidGZ3X21peGVkX21lZGlhXzE1ODk3Ijp7ImJ1Y2tldCI6InRyZWF0bWVudCIsInZlcnNpb24iOm51bGx9LCJ0ZndfZXhwZXJpbWVudHNfY29va2llX2V4cGlyYXRpb24iOnsiYnVja2V0IjoxMjA5NjAwLCJ2ZXJzaW9uIjpudWxsfSwidGZ3X3Nob3dfYmlyZHdhdGNoX3Bpdm90c19lbmFibGVkIjp7ImJ1Y2tldCI6Im9uIiwidmVyc2lvbiI6bnVsbH0sInRmd19kdXBsaWNhdGVfc2NyaWJlc190b19zZXR0aW5ncyI6eyJidWNrZXQiOiJvbiIsInZlcnNpb24iOm51bGx9LCJ0ZndfdXNlX3Byb2ZpbGVfaW1hZ2Vfc2hhcGVfZW5hYmxlZCI6eyJidWNrZXQiOiJvbiIsInZlcnNpb24iOm51bGx9LCJ0ZndfdmlkZW9faGxzX2R5bmFtaWNfbWFuaWZlc3RzXzE1MDgyIjp7ImJ1Y2tldCI6InRydWVfYml0cmF0ZSIsInZlcnNpb24iOm51bGx9LCJ0ZndfbGVnYWN5X3RpbWVsaW5lX3N1bnNldCI6eyJidWNrZXQiOnRydWUsInZlcnNpb24iOm51bGx9LCJ0ZndfdHdlZXRfZWRpdF9mcm9udGVuZCI6eyJidWNrZXQiOiJvbiIsInZlcnNpb24iOm51bGx9fQ%3D%3D&amp;frame=false&amp;hideCard=false&amp;hideThread=false&amp;id=1740335027349541095&amp;lang=es&amp;origin=https%3A%2F%2Fwww.lavoz.com.ar%2Fpolitica%2Fley-omnibus-de-javier-milei-los-31-puntos-principales-y-el-hilo-imperdible-que-tuiteo-el-presidente%2F&amp;sessionId=6347b2f5468437f354785a0b303e237f779d22ab&amp;siteScreenName=LAVOZcomar&amp;theme=light&amp;widgetsVersion=2615f7e52b7e0%3A1702314776716&amp;width=550px\" frameborder=\"0\" scrolling=\"no\" allowfullscreen=\"allowfullscreen\" data-tweet-id=\"1740335027349541095\" data-mce-fragment=\"1\"><\/iframe><\/div>\n<\/div>\n<\/div>\n<p data-mrf-recirculation=\"Links p\u00e1rrafos (art\u00edculo)\">As\u00ed, el texto completo que recomend\u00f3 el Presidente en X (ex Twitter) se\u00f1ala lo siguiente:<\/p>\n<ul>\n<li>\u201cMilei dice que todo lo que hace lo hace para que haya m\u00e1s libertad, para que los argentinos tengan m\u00e1s libertad. \u00bfQu\u00e9 es lo que hace la libertad? La libertad permite desarrollar ideas propias para avanzar y mejorar: es una herramienta de uso personal para el progreso\u201d.<\/li>\n<li>\u201cEn el uso de su propia libertad, los individuos progresan de acuerdo a la aceptaci\u00f3n que su actividad reciba de la sociedad: el que descubra una actividad que la sociedad recompensa m\u00e1s, avanzar\u00e1 m\u00e1s y el que no avanzar\u00e1 menos\u201d.<\/li>\n<li>\u201cCercenar la libertad es el camino m\u00e1s corto para igualar (igualar en la miseria, pero igualar al fin). El que no se banca que unos ciudadanos avancen m\u00e1s que otros pedir\u00e1n que la libertad se cercene en nombre de la igualdad, porque \u201csi yo no avanzo, vos tampoco\u201d.<\/li>\n<li>\u201cEl peque\u00f1o detalle es que no es, entonces, la igualdad lo que preocupa, sino la posibilidad de que unos ciudadanos sean diferentes a otros. Eso se llama envidia, no igualdad\u201d.<\/li>\n<li>\u201cSer\u00eda interesante entonces que los que se oponen a las iniciativas del presidente Milei expliquen por qu\u00e9 se oponen\u201d.<\/li>\n<li>\u201cSi conoci\u00e9ramos esa explicaci\u00f3n, seguramente encontrar\u00edamos alguno de estos dos elementos: a) el inter\u00e9s en que un privilegio propio no se corte, o b) el inter\u00e9s en que un perjuicio ajeno se mantenga\u201d.<\/li>\n<li>\u201cLa corta visi\u00f3n de esta concepci\u00f3n resentida de la convivencia no entiende que, aunque unos ciudadanos progresen m\u00e1s que otros, la avalancha de actividad y progreso que ellos generan arrastran a todos hacia arriba, no solo a ellos\u201d.<\/li>\n<li>\u201cEntonces, seamos sinceros y llamemos a las cosas por su nombre: terminemos con la demagogia de la igualdad y de la justicia social y digamos que nos da en el forro de las bolas ver a nuestro vecino avanzar m\u00e1s r\u00e1pido que nosotros y listo\u201d.<\/li>\n<li>\u201cEst\u00e1 todo bien, ser envidioso y resentido es una enfermedad del alma que, reconocida, puede ser tratada. Pero pretender enga\u00f1ar a la gente con el disfraz \u201cprogre\u201d de la igualdad, ya est\u00e1, se termin\u00f3, es viejo, no sirve\u201d.<\/li>\n<\/ul>\n<\/section>\n<pre>nota publicada en La Voz del Interior<\/pre>\n<\/div>\n<\/div>\n<\/article>\n<\/div>\n","protected":false},"excerpt":{"rendered":"<p>El Gobierno propuso al Parlamento una profunda reforma del Estado con la privatizaci\u00f3n de 41 empresas p\u00fablicas, cambios en el sistema electoral, reformas tributarias, entre otros puntos incluidos en los 664 art\u00edculos del proyecto.<\/p>\n","protected":false},"author":3,"featured_media":23618,"comment_status":"open","ping_status":"open","sticky":false,"template":"","format":"standard","meta":{"footnotes":"","jetpack_publicize_message":"","jetpack_publicize_feature_enabled":true,"jetpack_social_post_already_shared":true,"jetpack_social_options":{"image_generator_settings":{"template":"highway","default_image_id":0,"font":"","enabled":false},"version":2}},"categories":[17],"tags":[2152,2596,2278],"class_list":["post-23617","post","type-post","status-publish","format-standard","has-post-thumbnail","hentry","category-politica","tag-2152","tag-ley-omnibus","tag-milei"],"jetpack_publicize_connections":[],"jetpack_featured_media_url":"https:\/\/revistaepocadigital.com.ar\/wp-content\/uploads\/2023\/12\/Milei-y-gabinete-balcon.jpg","jetpack_likes_enabled":true,"_links":{"self":[{"href":"https:\/\/revistaepocadigital.com.ar\/index.php?rest_route=\/wp\/v2\/posts\/23617","targetHints":{"allow":["GET"]}}],"collection":[{"href":"https:\/\/revistaepocadigital.com.ar\/index.php?rest_route=\/wp\/v2\/posts"}],"about":[{"href":"https:\/\/revistaepocadigital.com.ar\/index.php?rest_route=\/wp\/v2\/types\/post"}],"author":[{"embeddable":true,"href":"https:\/\/revistaepocadigital.com.ar\/index.php?rest_route=\/wp\/v2\/users\/3"}],"replies":[{"embeddable":true,"href":"https:\/\/revistaepocadigital.com.ar\/index.php?rest_route=%2Fwp%2Fv2%2Fcomments&post=23617"}],"version-history":[{"count":0,"href":"https:\/\/revistaepocadigital.com.ar\/index.php?rest_route=\/wp\/v2\/posts\/23617\/revisions"}],"wp:featuredmedia":[{"embeddable":true,"href":"https:\/\/revistaepocadigital.com.ar\/index.php?rest_route=\/wp\/v2\/media\/23618"}],"wp:attachment":[{"href":"https:\/\/revistaepocadigital.com.ar\/index.php?rest_route=%2Fwp%2Fv2%2Fmedia&parent=23617"}],"wp:term":[{"taxonomy":"category","embeddable":true,"href":"https:\/\/revistaepocadigital.com.ar\/index.php?rest_route=%2Fwp%2Fv2%2Fcategories&post=23617"},{"taxonomy":"post_tag","embeddable":true,"href":"https:\/\/revistaepocadigital.com.ar\/index.php?rest_route=%2Fwp%2Fv2%2Ftags&post=23617"}],"curies":[{"name":"wp","href":"https:\/\/api.w.org\/{rel}","templated":true}]}}