{"id":23629,"date":"2024-01-02T10:25:01","date_gmt":"2024-01-02T13:25:01","guid":{"rendered":"https:\/\/revistaepocadigital.com.ar\/?p=23629"},"modified":"2024-01-02T17:16:09","modified_gmt":"2024-01-02T20:16:09","slug":"centro-universitario-estudiantes-recibieron-sus-tecnicaturas-como-acompanantes-terapeuticos-y-administracion-y-gestion","status":"publish","type":"post","link":"https:\/\/revistaepocadigital.com.ar\/?p=23629","title":{"rendered":"Centro Universitario. Estudiantes recibieron sus Tecnicaturas como Acompa\u00f1antes Terap\u00e9uticos y Administraci\u00f3n y Gesti\u00f3n"},"content":{"rendered":"<p><strong>\u00a1ES POR AH\u00cd!, LA EDUCACI\u00d3N, ESTUDIAR, AMPLIAR CONOCIMIENTOS, OPTIMIZAR AS\u00cd LA CALIDAD DE VIDA PROPIA Y DE LOS SEMEJANTES. BRAVO!<\/strong><!--more--><\/p>\n<p>A la Argentina, lo que va a conseguir que salgamos de a\u00f1os de fracasos y decadencia, entre los factores fundamentales, ser\u00e1 la educaci\u00f3n.<\/p>\n<p>Por eso en forma invariable a lo largo de los a\u00f1os, en EPOCA apoyamos todo lo atinente a educarse.<\/p>\n<p><img loading=\"lazy\" decoding=\"async\" class=\"aligncenter size-full wp-image-23665\" src=\"https:\/\/revistaepocadigital.com.ar\/wp-content\/uploads\/2024\/01\/uni2.jpg\" alt=\"\" width=\"960\" height=\"541\" srcset=\"https:\/\/revistaepocadigital.com.ar\/wp-content\/uploads\/2024\/01\/uni2.jpg 960w, https:\/\/revistaepocadigital.com.ar\/wp-content\/uploads\/2024\/01\/uni2-300x169.jpg 300w, https:\/\/revistaepocadigital.com.ar\/wp-content\/uploads\/2024\/01\/uni2-768x433.jpg 768w, https:\/\/revistaepocadigital.com.ar\/wp-content\/uploads\/2024\/01\/uni2-696x392.jpg 696w, https:\/\/revistaepocadigital.com.ar\/wp-content\/uploads\/2024\/01\/uni2-745x420.jpg 745w\" sizes=\"auto, (max-width: 960px) 100vw, 960px\" \/><\/p>\n<p><img loading=\"lazy\" decoding=\"async\" class=\"aligncenter size-full wp-image-23666\" src=\"https:\/\/revistaepocadigital.com.ar\/wp-content\/uploads\/2024\/01\/uni3.jpg\" alt=\"\" width=\"960\" height=\"640\" srcset=\"https:\/\/revistaepocadigital.com.ar\/wp-content\/uploads\/2024\/01\/uni3.jpg 960w, https:\/\/revistaepocadigital.com.ar\/wp-content\/uploads\/2024\/01\/uni3-300x200.jpg 300w, https:\/\/revistaepocadigital.com.ar\/wp-content\/uploads\/2024\/01\/uni3-768x512.jpg 768w, https:\/\/revistaepocadigital.com.ar\/wp-content\/uploads\/2024\/01\/uni3-696x464.jpg 696w, https:\/\/revistaepocadigital.com.ar\/wp-content\/uploads\/2024\/01\/uni3-630x420.jpg 630w\" sizes=\"auto, (max-width: 960px) 100vw, 960px\" \/><\/p>\n<p>&nbsp;<\/p>\n<p>El Centro Universitario instalado en Capilla del Se\u00f1or es un canal muy apropiado para avanzar en ese sentido, y ha comenzado a mostrar en los hechos, logros alcanzados. En este caso, hablamos de alumnos y alumnas de tercer a\u00f1o de las tecnicaturas de Acompa\u00f1ante Terap\u00e9utico y Administraci\u00f3n y Gesti\u00f3n, quienes recibieron en el Centro Municipal Cosmopolita, sus tecnicaturas y el certificado de su historia acad\u00e9mica en un acto al que asisti\u00f3 el intendente Diego Nanni, autoridades de la UNSADA (Universidad de San Antonio de Areco), autoridades municipales de Educaci\u00f3n y familias. M\u00e1s de 30 estudiantes culminaron estudios en el Centro Universitario. El esfuerzo rinde.<\/p>\n","protected":false},"excerpt":{"rendered":"<p>\u00a1ES POR AH\u00cd!, LA EDUCACI\u00d3N, ESTUDIAR, AMPLIAR CONOCIMIENTOS, OPTIMIZAR AS\u00cd LA CALIDAD DE VIDA PROPIA Y DE LOS SEMEJANTES. BRAVO!<\/p>\n","protected":false},"author":4,"featured_media":23664,"comment_status":"open","ping_status":"open","sticky":false,"template":"","format":"standard","meta":{"footnotes":"","jetpack_publicize_message":"","jetpack_publicize_feature_enabled":true,"jetpack_social_post_already_shared":true,"jetpack_social_options":{"image_generator_settings":{"template":"highway","default_image_id":0,"font":"","enabled":false},"version":2}},"categories":[11,15],"tags":[2152,1191,37,2602],"class_list":["post-23629","post","type-post","status-publish","format-standard","has-post-thumbnail","hentry","category-entidades","category-lo-que-tenes-que-saber","tag-2152","tag-centro-universitario","tag-destacada","tag-tecnicaturas"],"jetpack_publicize_connections":[],"jetpack_featured_media_url":"https:\/\/revistaepocadigital.com.ar\/wp-content\/uploads\/2024\/01\/univ1.jpg","jetpack_likes_enabled":true,"_links":{"self":[{"href":"https:\/\/revistaepocadigital.com.ar\/index.php?rest_route=\/wp\/v2\/posts\/23629","targetHints":{"allow":["GET"]}}],"collection":[{"href":"https:\/\/revistaepocadigital.com.ar\/index.php?rest_route=\/wp\/v2\/posts"}],"about":[{"href":"https:\/\/revistaepocadigital.com.ar\/index.php?rest_route=\/wp\/v2\/types\/post"}],"author":[{"embeddable":true,"href":"https:\/\/revistaepocadigital.com.ar\/index.php?rest_route=\/wp\/v2\/users\/4"}],"replies":[{"embeddable":true,"href":"https:\/\/revistaepocadigital.com.ar\/index.php?rest_route=%2Fwp%2Fv2%2Fcomments&post=23629"}],"version-history":[{"count":0,"href":"https:\/\/revistaepocadigital.com.ar\/index.php?rest_route=\/wp\/v2\/posts\/23629\/revisions"}],"wp:featuredmedia":[{"embeddable":true,"href":"https:\/\/revistaepocadigital.com.ar\/index.php?rest_route=\/wp\/v2\/media\/23664"}],"wp:attachment":[{"href":"https:\/\/revistaepocadigital.com.ar\/index.php?rest_route=%2Fwp%2Fv2%2Fmedia&parent=23629"}],"wp:term":[{"taxonomy":"category","embeddable":true,"href":"https:\/\/revistaepocadigital.com.ar\/index.php?rest_route=%2Fwp%2Fv2%2Fcategories&post=23629"},{"taxonomy":"post_tag","embeddable":true,"href":"https:\/\/revistaepocadigital.com.ar\/index.php?rest_route=%2Fwp%2Fv2%2Ftags&post=23629"}],"curies":[{"name":"wp","href":"https:\/\/api.w.org\/{rel}","templated":true}]}}