{"id":23677,"date":"2024-01-04T00:52:46","date_gmt":"2024-01-04T03:52:46","guid":{"rendered":"https:\/\/revistaepocadigital.com.ar\/?p=23677"},"modified":"2024-01-04T00:52:46","modified_gmt":"2024-01-04T03:52:46","slug":"la-justicia-suspendio-la-reforma-laboral-de-javier-milei","status":"publish","type":"post","link":"https:\/\/revistaepocadigital.com.ar\/?p=23677","title":{"rendered":"LA JUSTICIA SUSPENDI\u00d3 LA REFORMA LABORAL DE JAVIER MILEI"},"content":{"rendered":"<div>\n<div class=\"x1cy8zhl x78zum5 x1q0g3np xod5an3 x1pi30zi x1swvt13 xz9dl7a\">\n<div class=\"x1iyjqo2\">\n<div class=\"x78zum5 xdt5ytf xz62fqu x16ldp7u\">\n<div class=\"xu06os2 x1ok221b\">\n<h3 id=\":rj4:\" class=\"x1heor9g x1qlqyl8 x1pd3egz x1a2a7pz x1gslohp x1yc453h\">PRIMER REV\u00c9S JUDICIAL PARA EL NUEVO GOBIERNO.<\/h3>\n<\/div>\n<\/div>\n<\/div>\n<div class=\"xqcrz7y x78zum5 x1qx5ct2 x1y1aw1k x1sxyh0 xwib8y2 xurb0ha xw4jnvo\">\n<div>\n<div class=\"x1i10hfl x1qjc9v5 xjqpnuy xa49m3k xqeqjp1 x2hbi6w x9f619 x1ypdohk xdl72j9 x2lah0s xe8uvvx x2lwn1j xeuugli x16tdsg8 x1hl2dhg xggy1nq x1ja2u2z x1t137rt x1o1ewxj x3x9cwd x1e5q0jg x13rtm0m x1q0g3np x87ps6o x1lku1pv x1a2a7pz xjyslct xjbqb8w x13fuv20 xu3j5b3 x1q0q8m5 x26u7qi x972fbf xcfux6l x1qhh985 xm0m39n x3nfvp2 xdj266r x11i5rnm xat24cr x1mh8g0r xexx8yu x4uap5 x18d9i69 xkhd6sd x1n2onr6 x3ajldb x194ut8o x1vzenxt xd7ygy7 xt298gk x1xhcax0 x1s928wv x10pfhc2 x1j6awrg x1v53gu8 x1tfg27r xitxdhh\" tabindex=\"0\" role=\"button\" aria-expanded=\"false\" aria-haspopup=\"menu\" aria-label=\"Acciones para esta publicaci\u00f3n\">\n<div class=\"x1ey2m1c xds687c xg01cxk x47corl x10l6tqk x17qophe x13vifvy x1ebt8du x19991ni x1dhq9h x14yjl9h xudhj91 x18nykt9 xww2gxu\" role=\"none\" data-visualcompletion=\"ignore\"><\/div>\n<\/div>\n<\/div>\n<\/div>\n<\/div>\n<\/div>\n<p><!--more--><\/p>\n<div>\n<div class=\"\" dir=\"auto\">\n<div id=\":rj6:\" class=\"x1iorvi4 x1pi30zi x1l90r2v x1swvt13\" data-ad-comet-preview=\"message\" data-ad-preview=\"message\">\n<div class=\"x78zum5 xdt5ytf xz62fqu x16ldp7u\">\n<div class=\"xu06os2 x1ok221b\">\n<div class=\"xdj266r x11i5rnm xat24cr x1mh8g0r x1vvkbs x126k92a\">\n<div dir=\"auto\"><\/div>\n<\/div>\n<div class=\"x11i5rnm xat24cr x1mh8g0r x1vvkbs xtlvy1s x126k92a\">\n<div dir=\"auto\">La Justicia suspendi\u00f3 (3-1-24) la reforma laboral inclu\u00edda en el mega DNU de Javier Milei, tras el planteo de trabajadores mediante la CGT en la justicia.<\/div>\n<div dir=\"auto\"><\/div>\n<\/div>\n<div class=\"x11i5rnm xat24cr x1mh8g0r x1vvkbs xtlvy1s x126k92a\">\n<div dir=\"auto\">La medida se vincula al cap\u00edtulo 4 del decreto de necesidad y urgencia que planteaba una reforma laboral in\u00e9dita, y que involucra la forma de trabajo, sus regulaciones, normativas y relaciones con los trabajadores, inclu\u00eddo el sistema de la UOCRA.<\/div>\n<div dir=\"auto\"><\/div>\n<\/div>\n<div class=\"x11i5rnm xat24cr x1mh8g0r x1vvkbs xtlvy1s x126k92a\">\n<div dir=\"auto\">&#8220;D\u00edctase una medida cautelar suspendiendo la aplicabilidad de lo dispuesto en el Titulo IV Trabajo del Decreto de Necesidad y Urgencia n.\u00b0 70\/23 hasta tanto recaiga sentencia definitiva sobre la cuesti\u00f3n de fondo ventilada en estos actuados&#8221;, decidieron los jueces en el marco del expediente abierto ante la presentaci\u00f3n judicial de la CGT.<\/div>\n<div dir=\"auto\"><\/div>\n<\/div>\n<div class=\"x11i5rnm xat24cr x1mh8g0r x1vvkbs xtlvy1s x126k92a\">\n<div dir=\"auto\">Uno de los aspectos del DNU m\u00e1s cuestionados por la CGT hace foco en la ampliaci\u00f3n del per\u00edodo de prueba en hasta los 8 meses, la incorporaci\u00f3n de los bloqueos o tomas de establecimientos como causa de despido y cambios en el sistema de indemnizaciones.<\/div>\n<\/div>\n<\/div>\n<\/div>\n<\/div>\n<\/div>\n<\/div>\n","protected":false},"excerpt":{"rendered":"<p>PRIMER REV\u00c9S JUDICIAL PARA EL NUEVO GOBIERNO.<\/p>\n","protected":false},"author":3,"featured_media":23679,"comment_status":"open","ping_status":"open","sticky":false,"template":"","format":"standard","meta":{"footnotes":"","jetpack_publicize_message":"","jetpack_publicize_feature_enabled":true,"jetpack_social_post_already_shared":true,"jetpack_social_options":{"image_generator_settings":{"template":"highway","default_image_id":0,"font":"","enabled":false},"version":2}},"categories":[17],"tags":[2583,2604],"class_list":["post-23677","post","type-post","status-publish","format-standard","has-post-thumbnail","hentry","category-politica","tag-dnu","tag-medida-judicial"],"jetpack_publicize_connections":[],"jetpack_featured_media_url":"https:\/\/revistaepocadigital.com.ar\/wp-content\/uploads\/2024\/01\/cgtjpg.webp","jetpack_likes_enabled":true,"_links":{"self":[{"href":"https:\/\/revistaepocadigital.com.ar\/index.php?rest_route=\/wp\/v2\/posts\/23677","targetHints":{"allow":["GET"]}}],"collection":[{"href":"https:\/\/revistaepocadigital.com.ar\/index.php?rest_route=\/wp\/v2\/posts"}],"about":[{"href":"https:\/\/revistaepocadigital.com.ar\/index.php?rest_route=\/wp\/v2\/types\/post"}],"author":[{"embeddable":true,"href":"https:\/\/revistaepocadigital.com.ar\/index.php?rest_route=\/wp\/v2\/users\/3"}],"replies":[{"embeddable":true,"href":"https:\/\/revistaepocadigital.com.ar\/index.php?rest_route=%2Fwp%2Fv2%2Fcomments&post=23677"}],"version-history":[{"count":0,"href":"https:\/\/revistaepocadigital.com.ar\/index.php?rest_route=\/wp\/v2\/posts\/23677\/revisions"}],"wp:featuredmedia":[{"embeddable":true,"href":"https:\/\/revistaepocadigital.com.ar\/index.php?rest_route=\/wp\/v2\/media\/23679"}],"wp:attachment":[{"href":"https:\/\/revistaepocadigital.com.ar\/index.php?rest_route=%2Fwp%2Fv2%2Fmedia&parent=23677"}],"wp:term":[{"taxonomy":"category","embeddable":true,"href":"https:\/\/revistaepocadigital.com.ar\/index.php?rest_route=%2Fwp%2Fv2%2Fcategories&post=23677"},{"taxonomy":"post_tag","embeddable":true,"href":"https:\/\/revistaepocadigital.com.ar\/index.php?rest_route=%2Fwp%2Fv2%2Ftags&post=23677"}],"curies":[{"name":"wp","href":"https:\/\/api.w.org\/{rel}","templated":true}]}}