{"id":23710,"date":"2024-01-10T16:53:43","date_gmt":"2024-01-10T19:53:43","guid":{"rendered":"https:\/\/revistaepocadigital.com.ar\/?p=23710"},"modified":"2024-01-12T03:02:50","modified_gmt":"2024-01-12T06:02:50","slug":"el-codigo-cosmico-en-el-santo-apetito","status":"publish","type":"post","link":"https:\/\/revistaepocadigital.com.ar\/?p=23710","title":{"rendered":"EL C\u00d3DIGO C\u00d3SMICO EN EL SANTO APETITO"},"content":{"rendered":"<p><strong>CEN\u00c1S Y ESCUCH\u00c1S BUENA M\u00daSICA. EL S\u00c1BADO 27 DE ENERO A LAS 9 Y MEDIA DE LA NOCHE. FIJATE.<\/strong><\/p>\n<p><strong>LA BANDA DE FERNANDO &#8220;COLO&#8221; GRIMALDI<\/strong><\/p>\n<p><!--more--><\/p>\n<p>&#8220;Va a estar muy bueno el show&#8221;, dice con su optimismo habitual Fernando &#8220;Colo&#8221; Grimaldi, apasionado como pocos por la m\u00fasica, quien ha logrado que su vida gire en lo que respeta\u00a0 a sus diversas actividades, alrededor de la m\u00fasica.<\/p>\n<p>Sobre la presentaci\u00f3n del s\u00e1bado 27, el Colo dice, &#8220;tocaremos temas nuestros y otros de distintos autores muy conocidos, como Charlie Garc\u00eda, Spinetta, entre otros.<\/p>\n<p>El C\u00f3digo C\u00f3smico est\u00e1 integrado por Maxi de Petras\u00a0 (guitarra y voz), Isa\u00edas Bianchi (bajo y voz), Arthur Velazquez (bater\u00eda y percusi\u00f3n), Fredy Lagos (bater\u00eda), Valeria Massacesi\u00a0 (voz y guitarra ac\u00fastica) y Fernando Grimaldi\u00a0 (voz y guitarra ac\u00fastica)<\/p>\n<p>&nbsp;<\/p>\n<p>&nbsp;<\/p>\n<p><img loading=\"lazy\" decoding=\"async\" class=\"aligncenter size-large wp-image-23711\" src=\"https:\/\/revistaepocadigital.com.ar\/wp-content\/uploads\/2024\/01\/gri-675x1200.jpg\" alt=\"\" width=\"675\" height=\"1200\" srcset=\"https:\/\/revistaepocadigital.com.ar\/wp-content\/uploads\/2024\/01\/gri-675x1200.jpg 675w, https:\/\/revistaepocadigital.com.ar\/wp-content\/uploads\/2024\/01\/gri-169x300.jpg 169w, https:\/\/revistaepocadigital.com.ar\/wp-content\/uploads\/2024\/01\/gri-696x1237.jpg 696w, https:\/\/revistaepocadigital.com.ar\/wp-content\/uploads\/2024\/01\/gri-236x420.jpg 236w, https:\/\/revistaepocadigital.com.ar\/wp-content\/uploads\/2024\/01\/gri-473x840.jpg 473w, https:\/\/revistaepocadigital.com.ar\/wp-content\/uploads\/2024\/01\/gri.jpg 720w\" sizes=\"auto, (max-width: 675px) 100vw, 675px\" \/><\/p>\n","protected":false},"excerpt":{"rendered":"<p>CEN\u00c1S Y ESCUCH\u00c1S BUENA M\u00daSICA. EL S\u00c1BADO 27 DE ENERO A LAS 9 Y MEDIA DE LA NOCHE. FIJATE. LA BANDA DE FERNANDO &#8220;COLO&#8221; GRIMALDI<\/p>\n","protected":false},"author":3,"featured_media":23712,"comment_status":"open","ping_status":"open","sticky":false,"template":"","format":"standard","meta":{"footnotes":"","jetpack_publicize_message":"","jetpack_publicize_feature_enabled":true,"jetpack_social_post_already_shared":true,"jetpack_social_options":{"image_generator_settings":{"template":"highway","default_image_id":0,"font":"","enabled":false},"version":2}},"categories":[12],"tags":[2607],"class_list":["post-23710","post","type-post","status-publish","format-standard","has-post-thumbnail","hentry","category-espectaculos","tag-codigo-cosmico"],"jetpack_publicize_connections":[],"jetpack_featured_media_url":"https:\/\/revistaepocadigital.com.ar\/wp-content\/uploads\/2024\/01\/GRIM.jpg","jetpack_likes_enabled":true,"_links":{"self":[{"href":"https:\/\/revistaepocadigital.com.ar\/index.php?rest_route=\/wp\/v2\/posts\/23710","targetHints":{"allow":["GET"]}}],"collection":[{"href":"https:\/\/revistaepocadigital.com.ar\/index.php?rest_route=\/wp\/v2\/posts"}],"about":[{"href":"https:\/\/revistaepocadigital.com.ar\/index.php?rest_route=\/wp\/v2\/types\/post"}],"author":[{"embeddable":true,"href":"https:\/\/revistaepocadigital.com.ar\/index.php?rest_route=\/wp\/v2\/users\/3"}],"replies":[{"embeddable":true,"href":"https:\/\/revistaepocadigital.com.ar\/index.php?rest_route=%2Fwp%2Fv2%2Fcomments&post=23710"}],"version-history":[{"count":0,"href":"https:\/\/revistaepocadigital.com.ar\/index.php?rest_route=\/wp\/v2\/posts\/23710\/revisions"}],"wp:featuredmedia":[{"embeddable":true,"href":"https:\/\/revistaepocadigital.com.ar\/index.php?rest_route=\/wp\/v2\/media\/23712"}],"wp:attachment":[{"href":"https:\/\/revistaepocadigital.com.ar\/index.php?rest_route=%2Fwp%2Fv2%2Fmedia&parent=23710"}],"wp:term":[{"taxonomy":"category","embeddable":true,"href":"https:\/\/revistaepocadigital.com.ar\/index.php?rest_route=%2Fwp%2Fv2%2Fcategories&post=23710"},{"taxonomy":"post_tag","embeddable":true,"href":"https:\/\/revistaepocadigital.com.ar\/index.php?rest_route=%2Fwp%2Fv2%2Ftags&post=23710"}],"curies":[{"name":"wp","href":"https:\/\/api.w.org\/{rel}","templated":true}]}}