{"id":23719,"date":"2024-01-10T17:30:22","date_gmt":"2024-01-10T20:30:22","guid":{"rendered":"https:\/\/revistaepocadigital.com.ar\/?p=23719"},"modified":"2024-01-10T17:32:04","modified_gmt":"2024-01-10T20:32:04","slug":"para-que-lo-tengas-en-cuenta-la-secretaria-de-accion-social-en-robles","status":"publish","type":"post","link":"https:\/\/revistaepocadigital.com.ar\/?p=23719","title":{"rendered":"Para que lo tengas en cuenta. La Secretar\u00eda de Acci\u00f3n Social en Robles"},"content":{"rendered":"<p><strong>INFO \u00daTIL.<\/strong><!--more--><\/p>\n<p>La Secretar\u00eda de Acci\u00f3n Social de Parada Robles, dependiente de la Municipalidad de Exaltaci\u00f3n de la Cruz, atiende de lunes a viernes, de 8 a 14 horas,. frente al CAPS (calle Los Nogales s\/n).<\/p>\n<p>Los informes sociales se realizan lunes, mi\u00e9rcoles y viernes.<\/p>\n<p>Consultas<br \/>\n\u260e\ufe0f 02323 478 900<br \/>\n\ud83d\udcf111 3328 8443 (WhatsApp)<\/p>\n","protected":false},"excerpt":{"rendered":"<p>INFO \u00daTIL.<\/p>\n","protected":false},"author":3,"featured_media":23720,"comment_status":"open","ping_status":"open","sticky":false,"template":"","format":"standard","meta":{"footnotes":"","jetpack_publicize_message":"","jetpack_publicize_feature_enabled":true,"jetpack_social_post_already_shared":true,"jetpack_social_options":{"image_generator_settings":{"template":"highway","default_image_id":0,"font":"","enabled":false},"version":2}},"categories":[5],"tags":[],"class_list":["post-23719","post","type-post","status-publish","format-standard","has-post-thumbnail","hentry","category-aqui-parada-robles"],"jetpack_publicize_connections":[],"jetpack_featured_media_url":"https:\/\/revistaepocadigital.com.ar\/wp-content\/uploads\/2024\/01\/paradarobles01.jpg","jetpack_likes_enabled":true,"_links":{"self":[{"href":"https:\/\/revistaepocadigital.com.ar\/index.php?rest_route=\/wp\/v2\/posts\/23719","targetHints":{"allow":["GET"]}}],"collection":[{"href":"https:\/\/revistaepocadigital.com.ar\/index.php?rest_route=\/wp\/v2\/posts"}],"about":[{"href":"https:\/\/revistaepocadigital.com.ar\/index.php?rest_route=\/wp\/v2\/types\/post"}],"author":[{"embeddable":true,"href":"https:\/\/revistaepocadigital.com.ar\/index.php?rest_route=\/wp\/v2\/users\/3"}],"replies":[{"embeddable":true,"href":"https:\/\/revistaepocadigital.com.ar\/index.php?rest_route=%2Fwp%2Fv2%2Fcomments&post=23719"}],"version-history":[{"count":0,"href":"https:\/\/revistaepocadigital.com.ar\/index.php?rest_route=\/wp\/v2\/posts\/23719\/revisions"}],"wp:featuredmedia":[{"embeddable":true,"href":"https:\/\/revistaepocadigital.com.ar\/index.php?rest_route=\/wp\/v2\/media\/23720"}],"wp:attachment":[{"href":"https:\/\/revistaepocadigital.com.ar\/index.php?rest_route=%2Fwp%2Fv2%2Fmedia&parent=23719"}],"wp:term":[{"taxonomy":"category","embeddable":true,"href":"https:\/\/revistaepocadigital.com.ar\/index.php?rest_route=%2Fwp%2Fv2%2Fcategories&post=23719"},{"taxonomy":"post_tag","embeddable":true,"href":"https:\/\/revistaepocadigital.com.ar\/index.php?rest_route=%2Fwp%2Fv2%2Ftags&post=23719"}],"curies":[{"name":"wp","href":"https:\/\/api.w.org\/{rel}","templated":true}]}}