{"id":23726,"date":"2024-01-11T18:19:38","date_gmt":"2024-01-11T21:19:38","guid":{"rendered":"https:\/\/revistaepocadigital.com.ar\/?p=23726"},"modified":"2024-01-21T23:56:48","modified_gmt":"2024-01-22T02:56:48","slug":"el-dengue-acecha-el-ministerio-de-salud-de-la-provincia-hace-operativos-para-prevenir-y-mitigar","status":"publish","type":"post","link":"https:\/\/revistaepocadigital.com.ar\/?p=23726","title":{"rendered":"El Dengue acecha. En Exaltaci\u00f3n de la Cruz hay tres casos"},"content":{"rendered":"<p><strong>. INFORMACI\u00d3N IMPORTANTE.<\/strong><\/p>\n<p><!--more--><\/p>\n<div class=\"xdj266r x11i5rnm xat24cr x1mh8g0r x1vvkbs x126k92a\">\n<div dir=\"auto\"><\/div>\n<\/div>\n<div class=\"x11i5rnm xat24cr x1mh8g0r x1vvkbs xtlvy1s x126k92a\">\n<div dir=\"auto\">Desde la Secretar\u00eda de Salud, a cargo de la <strong>Dra. Mar\u00eda Jos\u00e9 Longarela<\/strong> del Hospital Municipal San Jos\u00e9, se inform\u00f3 sobre los s\u00edntomas del dengue y su prevenci\u00f3n.<\/div>\n<\/div>\n<div class=\"x11i5rnm xat24cr x1mh8g0r x1vvkbs xtlvy1s x126k92a\">\n<div dir=\"auto\">Actualmente, en Exaltaci\u00f3n de la Cruz se encuentran tres pacientes que padecen la enfermedad, pero que no son casos aut\u00f3ctonos, sino personas que viajaron y que contrajeron la enfermedad en su viaje, por lo tanto se ha cumplido con el protocolo establecido para brindarle seguridad a la poblaci\u00f3n. <em>&#8220;Entre todos, podemos hacerle frente a esta situaci\u00f3n<\/em>&#8220;, se hizo saber desde la Secretar\u00eda de Salud.<\/div>\n<\/div>\n<p>&nbsp;<\/p>\n<p>&nbsp;<\/p>\n<p><strong>DESDE LA GOBERNACI\u00d3N SE HACEN OPERATIVOS TERRITORIALES<\/strong><\/p>\n<p>Salud realiza operativos territoriales para mitigar el avance del mosquito transmisor de la Encefalitis Equina del Oeste.\u00a0Son operativos territoriales que consisten en fumigaci\u00f3n en zonas afectadas, b\u00fasqueda activa de casos sintom\u00e1ticos y difusi\u00f3n de medidas de prevenci\u00f3n. Se ha confirmado el primer fallecido en la provincia.<\/p>\n<p>El Ministerio de Salud de la Provincia de Buenos Aires, a trav\u00e9s de sus equipos territoriales de promotores y promotoras realiza operativos en los distritos afectados por casos positivos en humanos de Encefalitis Equina del Oeste (EEO). Estos operativos consisten en la fumigaci\u00f3n de zonas afectadas, b\u00fasqueda activa de casos sintom\u00e1ticos y la difusi\u00f3n de medidas de prevenci\u00f3n.<\/p>\n<p>Se trata de una patolog\u00eda neurol\u00f3gica que se transmite a trav\u00e9s de picaduras de mosquitos infectados y, aunque afecta sobre todo a los caballos, tambi\u00e9n puede transmitirse a las personas.<\/p>\n<p>En los seres humanos, la enfermedad tiene un per\u00edodo de incubaci\u00f3n de 2 a 10 d\u00edas y si bien en la mayor\u00eda de los casos es asintom\u00e1tica puede presentarse con s\u00edntomas como fiebre, cansancio, dolores musculares y malestar general que se resuelven espont\u00e1neamente en un lapso de siete a diez d\u00edas. Algunos casos pueden evolucionar a cuadros de encefalitis.<\/p>\n<p><strong>En la Provincia de Buenos Aires, los casos confirmados son 10, distribuidos en General Viamonte, Jun\u00edn, Leandro N. Alem, Arrecifes, Baradero, La Plata, Ramallo, Campana y Bragado. Todos requirieron internaci\u00f3n, 4 de ellos recibieron el alta, 5 contin\u00faan internados y uno falleci\u00f3<\/strong>.<\/p>\n<p>La paciente fallecida es una mujer de 74 a\u00f1os de edad con comorbilidades proveniente de un \u00e1rea semirural. Comenz\u00f3 con s\u00edntomas a mediados de diciembre por lo que se intern\u00f3 en regular estado general con desmejor\u00eda de su enfermedad de base y alteraci\u00f3n del sensorio progresiva, requiriendo ingreso a cuidados intensivos con asistencia ventilatoria mec\u00e1nica dentro de las primeras 48 horas.<\/p>\n<p>Estos operativos territoriales, permiten reducir la abundancia del mosquito transmisor del virus a trav\u00e9s de la fumigaci\u00f3n en las zonas calientes georreferenciadas por los casos confirmados o con brotes en caballos y a su vez, sensibilizar la b\u00fasqueda de personas que puedan estar con un cuadro de contagio.<\/p>\n<p>El Ministerio de Salud recomienda utilizar peri\u00f3dicamente repelente para insectos, colocar telas o mosquiteros en puertas y ventanas, utilizar ropa clara y espirales en espacios externos, como as\u00ed tambi\u00e9n desmalezar espacios verdes, evitar la acumulaci\u00f3n de agua y eliminar o colocar bajo techo recipientes y otros objetos que la puedan estacionar.<\/p>\n","protected":false},"excerpt":{"rendered":"<p>. INFORMACI\u00d3N IMPORTANTE.<\/p>\n","protected":false},"author":3,"featured_media":23727,"comment_status":"open","ping_status":"open","sticky":false,"template":"","format":"standard","meta":{"footnotes":"","jetpack_publicize_message":"","jetpack_publicize_feature_enabled":true,"jetpack_social_post_already_shared":true,"jetpack_social_options":{"image_generator_settings":{"template":"highway","default_image_id":0,"font":"","enabled":false},"version":2}},"categories":[6],"tags":[2597,625],"class_list":["post-23726","post","type-post","status-publish","format-standard","has-post-thumbnail","hentry","category-barrios","tag-2597","tag-dengue"],"jetpack_publicize_connections":[],"jetpack_featured_media_url":"https:\/\/revistaepocadigital.com.ar\/wp-content\/uploads\/2024\/01\/dengue.jpg","jetpack_likes_enabled":true,"_links":{"self":[{"href":"https:\/\/revistaepocadigital.com.ar\/index.php?rest_route=\/wp\/v2\/posts\/23726","targetHints":{"allow":["GET"]}}],"collection":[{"href":"https:\/\/revistaepocadigital.com.ar\/index.php?rest_route=\/wp\/v2\/posts"}],"about":[{"href":"https:\/\/revistaepocadigital.com.ar\/index.php?rest_route=\/wp\/v2\/types\/post"}],"author":[{"embeddable":true,"href":"https:\/\/revistaepocadigital.com.ar\/index.php?rest_route=\/wp\/v2\/users\/3"}],"replies":[{"embeddable":true,"href":"https:\/\/revistaepocadigital.com.ar\/index.php?rest_route=%2Fwp%2Fv2%2Fcomments&post=23726"}],"version-history":[{"count":0,"href":"https:\/\/revistaepocadigital.com.ar\/index.php?rest_route=\/wp\/v2\/posts\/23726\/revisions"}],"wp:featuredmedia":[{"embeddable":true,"href":"https:\/\/revistaepocadigital.com.ar\/index.php?rest_route=\/wp\/v2\/media\/23727"}],"wp:attachment":[{"href":"https:\/\/revistaepocadigital.com.ar\/index.php?rest_route=%2Fwp%2Fv2%2Fmedia&parent=23726"}],"wp:term":[{"taxonomy":"category","embeddable":true,"href":"https:\/\/revistaepocadigital.com.ar\/index.php?rest_route=%2Fwp%2Fv2%2Fcategories&post=23726"},{"taxonomy":"post_tag","embeddable":true,"href":"https:\/\/revistaepocadigital.com.ar\/index.php?rest_route=%2Fwp%2Fv2%2Ftags&post=23726"}],"curies":[{"name":"wp","href":"https:\/\/api.w.org\/{rel}","templated":true}]}}