{"id":23828,"date":"2024-01-17T02:35:03","date_gmt":"2024-01-17T05:35:03","guid":{"rendered":"https:\/\/revistaepocadigital.com.ar\/?p=23828"},"modified":"2024-01-19T01:55:38","modified_gmt":"2024-01-19T04:55:38","slug":"anses-quienes-cobran-hoy-miercoles-17-de-enero","status":"publish","type":"post","link":"https:\/\/revistaepocadigital.com.ar\/?p=23828","title":{"rendered":"ANSES.NUEVA METODOLOG\u00cdA DE VALUACI\u00d3N DEL FGS E INFORMES MENSUALES"},"content":{"rendered":"<p class=\"yiv6036432745MsoNormal\" style=\"text-align: left;\" align=\"center\"><b>INFORMACI\u00d3N \u00daTIL.<\/b><!--more--><\/p>\n<p class=\"yiv1806263239MsoNormal\"><b>Mayor transparencia en la informaci\u00f3n<\/b><\/p>\n<h1 align=\"center\"><\/h1>\n<p class=\"yiv1806263239MsoNormal\">Con el objetivo de otorgar mayor transparencia y facilitar el acceso a la informaci\u00f3n p\u00fablica de todos los ciudadanos, a partir de enero la ANSES inform\u00f3 la valuaci\u00f3n de los activos del Fondo de Garant\u00eda de Sustentabilidad (FGS) de manera mensual y con una nueva metodolog\u00eda de valuaci\u00f3n regida por valores t\u00e9cnicos de mercado, lo que otorga mayor transparencia.<\/p>\n<p class=\"yiv1806263239MsoNormal\">Los informes mensuales con el nuevo criterio est\u00e1n disponibles para todas las personas y son de f\u00e1cil acceso a trav\u00e9s del sitio\u00a0<a href=\"https:\/\/fgs.anses.gob.ar\/subseccion\/informes-3\" target=\"_blank\" rel=\"nofollow noopener noreferrer\">https:\/\/fgs.anses.gob.ar\/subseccion\/informes-3<\/a>.<\/p>\n<p class=\"yiv1806263239MsoNormal\">Durante la gesti\u00f3n anterior (2019-2023) se defini\u00f3 informar el valor del fondo de inversi\u00f3n tomando como referencia la cotizaci\u00f3n del d\u00f3lar al cambio oficial del tipo comprador del Banco de la Naci\u00f3n Argentina.<\/p>\n<p class=\"yiv1806263239MsoNormal\">Los datos eran publicados en informes trimestrales que, dada la particular situaci\u00f3n de la econom\u00eda del pa\u00eds y con la intensificaci\u00f3n del cepo cambiario, el d\u00f3lar oficial perdi\u00f3 representatividad e impidi\u00f3 mostrar con veracidad el valor real del fondo, toda vez que, por momentos existi\u00f3 una brecha de m\u00e1s del 200 por ciento del monto respecto de otras cotizaciones.<\/p>\n<p class=\"yiv1806263239MsoNormal\">Es importante tener en cuenta que los criterios y metodolog\u00edas de valuaci\u00f3n de los activos los define el Comit\u00e9 Ejecutivo del FGS, as\u00ed como tambi\u00e9n el cambio en la metodolog\u00eda; y que el Fondo est\u00e1 sujeto a los siguientes organismos de control internos y externos del Sector P\u00fablico Nacional:<\/p>\n<p class=\"yiv1806263239MsoListParagraphCxSpFirst\">&#8211;\u00a0\u00a0\u00a0\u00a0\u00a0\u00a0Un \u00e1rea de control interna propia<\/p>\n<p class=\"yiv1806263239MsoListParagraphCxSpMiddle\" align=\"left\">&#8211;\u00a0\u00a0\u00a0\u00a0\u00a0\u00a0El Consejo del FGS<\/p>\n<p class=\"yiv1806263239MsoListParagraphCxSpMiddle\" align=\"left\">&#8211;\u00a0\u00a0\u00a0\u00a0\u00a0\u00a0La Comisi\u00f3n Bicameral de Control de los Fondos de Seguridad Social<\/p>\n<p class=\"yiv1806263239MsoListParagraphCxSpMiddle\" align=\"left\">&#8211;\u00a0\u00a0\u00a0\u00a0\u00a0\u00a0La Sindicatura General de la Naci\u00f3n<\/p>\n<p class=\"yiv1806263239MsoListParagraphCxSpMiddle\" align=\"left\">&#8211;\u00a0\u00a0\u00a0\u00a0\u00a0\u00a0La Auditor\u00eda General de la Naci\u00f3n<\/p>\n<p class=\"yiv1806263239MsoListParagraphCxSpLast\" align=\"left\">&#8211;\u00a0\u00a0\u00a0\u00a0\u00a0\u00a0La Defensor\u00eda del Pueblo de la Naci\u00f3n<\/p>\n<p>&nbsp;<\/p>\n<p class=\"yiv6036432745MsoNormal\"><strong>&#8212;&#8212;&#8212;&#8212;&#8212;&#8212;&#8212;&#8212;&#8212;&#8212;&#8212;&#8212;-<\/strong><\/p>\n<p>nota anterior<\/p>\n<p class=\"yiv6036432745MsoNormal\"><strong>Se informa que hoy<\/strong><strong>\u00a0contin\u00faan los pagos de jubilaciones, pensiones, Asignaci\u00f3n Universal por Hijo, por Embarazo y Asignaci\u00f3n Familiar por Hijo; en tanto, finalizan los de Prenatal y por Maternidad.<\/strong><\/p>\n<p class=\"yiv6036432745MsoNormal\"><b>Jubilaciones\u00a0y\u00a0pensiones\u00a0<\/b><\/p>\n<p class=\"yiv6036432745MsoNormal\">Las personas con documentos terminados en\u00a0<b>5<\/b>\u00a0y cuyos<b>\u00a0<\/b>haberes<b>\u00a0<\/b>NO SUPEREN<b>\u00a0<\/b>el monto m\u00ednimo cobrar\u00e1n su haber\u00a0<b>junto al bono de 55 mil pesos<\/b>.<\/p>\n<p class=\"yiv6036432745MsoNormal\"><b>\u00a0<\/b><\/p>\n<p class=\"yiv6036432745MsoNormal\"><b>Asignaci\u00f3n Universal por Hijo, por Embarazo y Asignaci\u00f3n Familiar por Hijo<\/b><\/p>\n<p class=\"yiv6036432745MsoNormal\">Se abona a titulares con documentos concluidos en <b>5<\/b>.<\/p>\n<p>&nbsp;<\/p>\n<p class=\"yiv6036432745MsoNormal\"><strong>Asignaci\u00f3n Familiar por Prenatal y por Maternidad<\/strong><\/p>\n<p class=\"yiv6036432745MsoNormal\">Las beneficiarias con documentos finalizados en\u00a0<b>8\u00a0<\/b>y<b>\u00a09\u00a0<\/b>cobrar\u00e1n su prestaci\u00f3n.<\/p>\n","protected":false},"excerpt":{"rendered":"<p>INFORMACI\u00d3N \u00daTIL.<\/p>\n","protected":false},"author":3,"featured_media":23832,"comment_status":"open","ping_status":"open","sticky":false,"template":"","format":"standard","meta":{"footnotes":"","jetpack_publicize_message":"","jetpack_publicize_feature_enabled":true,"jetpack_social_post_already_shared":true,"jetpack_social_options":{"image_generator_settings":{"template":"highway","default_image_id":0,"font":"","enabled":false},"version":2}},"categories":[81],"tags":[21,142],"class_list":["post-23828","post","type-post","status-publish","format-standard","has-post-thumbnail","hentry","category-anses","tag-anses","tag-pagos"],"jetpack_publicize_connections":[],"jetpack_featured_media_url":"https:\/\/revistaepocadigital.com.ar\/wp-content\/uploads\/2024\/01\/ANSES-1.jpg","jetpack_likes_enabled":true,"_links":{"self":[{"href":"https:\/\/revistaepocadigital.com.ar\/index.php?rest_route=\/wp\/v2\/posts\/23828","targetHints":{"allow":["GET"]}}],"collection":[{"href":"https:\/\/revistaepocadigital.com.ar\/index.php?rest_route=\/wp\/v2\/posts"}],"about":[{"href":"https:\/\/revistaepocadigital.com.ar\/index.php?rest_route=\/wp\/v2\/types\/post"}],"author":[{"embeddable":true,"href":"https:\/\/revistaepocadigital.com.ar\/index.php?rest_route=\/wp\/v2\/users\/3"}],"replies":[{"embeddable":true,"href":"https:\/\/revistaepocadigital.com.ar\/index.php?rest_route=%2Fwp%2Fv2%2Fcomments&post=23828"}],"version-history":[{"count":0,"href":"https:\/\/revistaepocadigital.com.ar\/index.php?rest_route=\/wp\/v2\/posts\/23828\/revisions"}],"wp:featuredmedia":[{"embeddable":true,"href":"https:\/\/revistaepocadigital.com.ar\/index.php?rest_route=\/wp\/v2\/media\/23832"}],"wp:attachment":[{"href":"https:\/\/revistaepocadigital.com.ar\/index.php?rest_route=%2Fwp%2Fv2%2Fmedia&parent=23828"}],"wp:term":[{"taxonomy":"category","embeddable":true,"href":"https:\/\/revistaepocadigital.com.ar\/index.php?rest_route=%2Fwp%2Fv2%2Fcategories&post=23828"},{"taxonomy":"post_tag","embeddable":true,"href":"https:\/\/revistaepocadigital.com.ar\/index.php?rest_route=%2Fwp%2Fv2%2Ftags&post=23828"}],"curies":[{"name":"wp","href":"https:\/\/api.w.org\/{rel}","templated":true}]}}