{"id":23876,"date":"2024-01-24T01:30:24","date_gmt":"2024-01-24T04:30:24","guid":{"rendered":"https:\/\/revistaepocadigital.com.ar\/?p=23876"},"modified":"2024-01-24T01:43:31","modified_gmt":"2024-01-24T04:43:31","slug":"en-febrero-los-infaltables-carnavales-en-exaltacion-de-la-cruz","status":"publish","type":"post","link":"https:\/\/revistaepocadigital.com.ar\/?p=23876","title":{"rendered":"\u00a1En febrero, los infaltables carnavales en Exaltaci\u00f3n de la Cruz!"},"content":{"rendered":"<div class=\"xdj266r x11i5rnm xat24cr x1mh8g0r x1vvkbs x126k92a\">\n<div dir=\"auto\"><strong>LA HISTORIA DE EXALTACI\u00d3N DE LA CRUZ.<!--more--><\/strong><\/div>\n<div dir=\"auto\"><\/div>\n<div dir=\"auto\">Guarda referencias muy cercanas a los vecinos del distrito. Los carnavales es una de esas, Desde hace muchos a\u00f1os, mientras que en tantas ciudades, fueron decayendo las fiestas de los carnavales, en nuestro distrito la tradici\u00f3n se mantiene invariable, y representa una fiesta para las familias y para tantos visitantes que se acercan a vivirlos.<\/div>\n<div dir=\"auto\"><\/div>\n<div dir=\"auto\">En febrero arrancan los tradicionales Carnavales en Exaltaci\u00f3n de la Cruz.<\/div>\n<\/div>\n<p>&nbsp;<\/p>\n<p><img loading=\"lazy\" decoding=\"async\" class=\"aligncenter size-full wp-image-23883\" src=\"https:\/\/revistaepocadigital.com.ar\/wp-content\/uploads\/2024\/01\/CA1.jpg\" alt=\"\" width=\"640\" height=\"640\" \/><\/p>\n<p><img loading=\"lazy\" decoding=\"async\" class=\"aligncenter size-full wp-image-23884\" src=\"https:\/\/revistaepocadigital.com.ar\/wp-content\/uploads\/2024\/01\/CA2.jpg\" alt=\"\" width=\"640\" height=\"640\" srcset=\"https:\/\/revistaepocadigital.com.ar\/wp-content\/uploads\/2024\/01\/CA2.jpg 640w, https:\/\/revistaepocadigital.com.ar\/wp-content\/uploads\/2024\/01\/CA2-300x300.jpg 300w, https:\/\/revistaepocadigital.com.ar\/wp-content\/uploads\/2024\/01\/CA2-150x150.jpg 150w, https:\/\/revistaepocadigital.com.ar\/wp-content\/uploads\/2024\/01\/CA2-420x420.jpg 420w\" sizes=\"auto, (max-width: 640px) 100vw, 640px\" \/><\/p>\n<div class=\"x11i5rnm xat24cr x1mh8g0r x1vvkbs xtlvy1s x126k92a\">\n<div dir=\"auto\"><img loading=\"lazy\" decoding=\"async\" class=\"aligncenter size-full wp-image-23885\" src=\"https:\/\/revistaepocadigital.com.ar\/wp-content\/uploads\/2024\/01\/CA3.jpg\" alt=\"\" width=\"640\" height=\"640\" srcset=\"https:\/\/revistaepocadigital.com.ar\/wp-content\/uploads\/2024\/01\/CA3.jpg 640w, https:\/\/revistaepocadigital.com.ar\/wp-content\/uploads\/2024\/01\/CA3-300x300.jpg 300w, https:\/\/revistaepocadigital.com.ar\/wp-content\/uploads\/2024\/01\/CA3-150x150.jpg 150w, https:\/\/revistaepocadigital.com.ar\/wp-content\/uploads\/2024\/01\/CA3-420x420.jpg 420w\" sizes=\"auto, (max-width: 640px) 100vw, 640px\" \/><\/div>\n<div dir=\"auto\"><\/div>\n<div dir=\"auto\"><\/div>\n<div dir=\"auto\"><span style=\"color: #ff0000;\">Agend\u00e1 las fechas:<\/span><\/div>\n<div dir=\"auto\"><\/div>\n<div dir=\"auto\"><span style=\"color: #ff0000;\">10\/2 Plaza San Mart\u00edn, Capilla del Se\u00f1or.<\/span><\/div>\n<div dir=\"auto\"><\/div>\n<div dir=\"auto\"><span style=\"color: #ff0000;\">11\/2 Boulevard central, Parada Robles.<\/span><\/div>\n<div dir=\"auto\"><\/div>\n<div dir=\"auto\"><span style=\"color: #ff0000;\">12\/2 Plaza Mitre, Los Cardales<\/span>.<\/div>\n<\/div>\n<div class=\"x11i5rnm xat24cr x1mh8g0r x1vvkbs xtlvy1s x126k92a\">\n<div dir=\"auto\"><\/div>\n<div dir=\"auto\"><strong>Animar\u00e1n la Bater\u00eda La Mar\u00eda, la comparsa Trimanday, Los Inigualables y Los Inquietos.<\/strong><\/div>\n<\/div>\n<div class=\"x11i5rnm xat24cr x1mh8g0r x1vvkbs xtlvy1s x126k92a\">\n<div dir=\"auto\"><\/div>\n<div dir=\"auto\"><span class=\"x3nfvp2 x1j61x8r x1fcty0u xdj266r xhhsvwb xat24cr xgzva0m xxymvpz xlup9mm x1kky2od\">Los carnavales volver\u00e1n a tener fines ben\u00e9ficos, dado que la<\/span> venta de espuma ser\u00e1 a beneficio del sistema de Salud de Exaltaci\u00f3n de la Cruz, y la entrada libre y gratuita.<\/div>\n<\/div>\n<div dir=\"auto\"><\/div>\n<div dir=\"auto\"><\/div>\n","protected":false},"excerpt":{"rendered":"<p>LA HISTORIA DE EXALTACI\u00d3N DE LA CRUZ.<\/p>\n","protected":false},"author":3,"featured_media":23888,"comment_status":"open","ping_status":"open","sticky":false,"template":"","format":"standard","meta":{"footnotes":"","jetpack_publicize_message":"","jetpack_publicize_feature_enabled":true,"jetpack_social_post_already_shared":true,"jetpack_social_options":{"image_generator_settings":{"template":"highway","default_image_id":0,"font":"","enabled":false},"version":2}},"categories":[15],"tags":[2625,37],"class_list":["post-23876","post","type-post","status-publish","format-standard","has-post-thumbnail","hentry","category-lo-que-tenes-que-saber","tag-carnavales-2024","tag-destacada"],"jetpack_publicize_connections":[],"jetpack_featured_media_url":"https:\/\/revistaepocadigital.com.ar\/wp-content\/uploads\/2024\/01\/CA1-2.jpg","jetpack_likes_enabled":true,"_links":{"self":[{"href":"https:\/\/revistaepocadigital.com.ar\/index.php?rest_route=\/wp\/v2\/posts\/23876","targetHints":{"allow":["GET"]}}],"collection":[{"href":"https:\/\/revistaepocadigital.com.ar\/index.php?rest_route=\/wp\/v2\/posts"}],"about":[{"href":"https:\/\/revistaepocadigital.com.ar\/index.php?rest_route=\/wp\/v2\/types\/post"}],"author":[{"embeddable":true,"href":"https:\/\/revistaepocadigital.com.ar\/index.php?rest_route=\/wp\/v2\/users\/3"}],"replies":[{"embeddable":true,"href":"https:\/\/revistaepocadigital.com.ar\/index.php?rest_route=%2Fwp%2Fv2%2Fcomments&post=23876"}],"version-history":[{"count":0,"href":"https:\/\/revistaepocadigital.com.ar\/index.php?rest_route=\/wp\/v2\/posts\/23876\/revisions"}],"wp:featuredmedia":[{"embeddable":true,"href":"https:\/\/revistaepocadigital.com.ar\/index.php?rest_route=\/wp\/v2\/media\/23888"}],"wp:attachment":[{"href":"https:\/\/revistaepocadigital.com.ar\/index.php?rest_route=%2Fwp%2Fv2%2Fmedia&parent=23876"}],"wp:term":[{"taxonomy":"category","embeddable":true,"href":"https:\/\/revistaepocadigital.com.ar\/index.php?rest_route=%2Fwp%2Fv2%2Fcategories&post=23876"},{"taxonomy":"post_tag","embeddable":true,"href":"https:\/\/revistaepocadigital.com.ar\/index.php?rest_route=%2Fwp%2Fv2%2Ftags&post=23876"}],"curies":[{"name":"wp","href":"https:\/\/api.w.org\/{rel}","templated":true}]}}