{"id":23877,"date":"2024-01-24T01:04:49","date_gmt":"2024-01-24T04:04:49","guid":{"rendered":"https:\/\/revistaepocadigital.com.ar\/?p=23877"},"modified":"2024-01-24T01:04:49","modified_gmt":"2024-01-24T04:04:49","slug":"vacunacion-covid-19-refuerzos-para-el-personal-de-salud-tambien-disponible-para-los-vecinos","status":"publish","type":"post","link":"https:\/\/revistaepocadigital.com.ar\/?p=23877","title":{"rendered":"VACUNACI\u00d3N COVID-19. REFUERZOS PARA EL PERSONAL DE SALUD TAMBI\u00c9N DISPONIBLE PARA LOS VECINOS"},"content":{"rendered":"<p><strong>SE APLICARON.<\/strong><!--more--><\/p>\n<p>Refuerzos de la vacuna contra el Covid 19, al personal de todos los Centros de Salud del municipio. Estos refuerzos son necesarios para sostener la protecci\u00f3n y prevenir el desarrollo de formas graves de la enfermedad.<br \/>\nAsegurarse de que los trabajadores de salud est\u00e9n vacunados no solo ayuda a mantenerlos sanos, sino tambi\u00e9n a detener la propagaci\u00f3n de las enfermedades prevenibles mediante vacunaci\u00f3n en los lugares en los que prestan servicio.<\/p>\n<p><strong>LOS VECINOS TAMBI\u00c9N<\/strong><\/p>\n<p>Se record\u00f3 a los vecinos que la vacuna se encuentra disponible en los CAPS de Capilla del Se\u00f1or, Parada Robles, Pav\u00f3n, Diego Gaynor, Chenaut y en el Hospital Modular de Los Cardales.<br \/>\nImportante: La vacuna se puede aplicar junto con las del Calendario Nacional<\/p>\n","protected":false},"excerpt":{"rendered":"<p>SE APLICARON.<\/p>\n","protected":false},"author":4,"featured_media":23879,"comment_status":"open","ping_status":"open","sticky":false,"template":"","format":"standard","meta":{"footnotes":"","jetpack_publicize_message":"","jetpack_publicize_feature_enabled":true,"jetpack_social_post_already_shared":true,"jetpack_social_options":{"image_generator_settings":{"template":"highway","default_image_id":0,"font":"","enabled":false},"version":2}},"categories":[11],"tags":[],"class_list":["post-23877","post","type-post","status-publish","format-standard","has-post-thumbnail","hentry","category-entidades"],"jetpack_publicize_connections":[],"jetpack_featured_media_url":"https:\/\/revistaepocadigital.com.ar\/wp-content\/uploads\/2024\/01\/VAC-COV.jpg","jetpack_likes_enabled":true,"_links":{"self":[{"href":"https:\/\/revistaepocadigital.com.ar\/index.php?rest_route=\/wp\/v2\/posts\/23877","targetHints":{"allow":["GET"]}}],"collection":[{"href":"https:\/\/revistaepocadigital.com.ar\/index.php?rest_route=\/wp\/v2\/posts"}],"about":[{"href":"https:\/\/revistaepocadigital.com.ar\/index.php?rest_route=\/wp\/v2\/types\/post"}],"author":[{"embeddable":true,"href":"https:\/\/revistaepocadigital.com.ar\/index.php?rest_route=\/wp\/v2\/users\/4"}],"replies":[{"embeddable":true,"href":"https:\/\/revistaepocadigital.com.ar\/index.php?rest_route=%2Fwp%2Fv2%2Fcomments&post=23877"}],"version-history":[{"count":0,"href":"https:\/\/revistaepocadigital.com.ar\/index.php?rest_route=\/wp\/v2\/posts\/23877\/revisions"}],"wp:featuredmedia":[{"embeddable":true,"href":"https:\/\/revistaepocadigital.com.ar\/index.php?rest_route=\/wp\/v2\/media\/23879"}],"wp:attachment":[{"href":"https:\/\/revistaepocadigital.com.ar\/index.php?rest_route=%2Fwp%2Fv2%2Fmedia&parent=23877"}],"wp:term":[{"taxonomy":"category","embeddable":true,"href":"https:\/\/revistaepocadigital.com.ar\/index.php?rest_route=%2Fwp%2Fv2%2Fcategories&post=23877"},{"taxonomy":"post_tag","embeddable":true,"href":"https:\/\/revistaepocadigital.com.ar\/index.php?rest_route=%2Fwp%2Fv2%2Ftags&post=23877"}],"curies":[{"name":"wp","href":"https:\/\/api.w.org\/{rel}","templated":true}]}}