{"id":23880,"date":"2024-01-24T01:16:25","date_gmt":"2024-01-24T04:16:25","guid":{"rendered":"https:\/\/revistaepocadigital.com.ar\/?p=23880"},"modified":"2024-01-24T01:16:55","modified_gmt":"2024-01-24T04:16:55","slug":"el-paro-cepral-con-actividades-restringidas-desde-las-12-horas","status":"publish","type":"post","link":"https:\/\/revistaepocadigital.com.ar\/?p=23880","title":{"rendered":"EL PARO. CEPRAL CON ACTIVIDADES RESTRINGIDAS DESDE LAS 12 HORAS"},"content":{"rendered":"<p><strong>INFORM\u00d3 EL CONSEJO DE ADMINISTRACI\u00d3N.<\/strong><!--more--><\/p>\n<p>Atento al paro general de actividades decretado por la CGT para el d\u00eda MI\u00c9RCOLES 24 DE ENERO DE 2024 y habi\u00e9ndose recibido la adhesi\u00f3n de los sindicatos de Luz y Fuerza, Telef\u00f3nicos y UOCRA informamos que, por esta raz\u00f3n, las actividades en la sede de la Cooperativa quedar\u00e1n restringidas desde las 12 hs.<\/p>\n<p>Estar\u00e1n en funcionamiento las guardias m\u00ednimas de los Servicios de Energ\u00eda, Telefon\u00eda e Internet &#8211; solo para casos de emergencia.<\/p>\n<p>&nbsp;<\/p>\n","protected":false},"excerpt":{"rendered":"<p>INFORM\u00d3 EL CONSEJO DE ADMINISTRACI\u00d3N.<\/p>\n","protected":false},"author":3,"featured_media":23882,"comment_status":"open","ping_status":"open","sticky":false,"template":"","format":"standard","meta":{"footnotes":"","jetpack_publicize_message":"","jetpack_publicize_feature_enabled":true,"jetpack_social_post_already_shared":true,"jetpack_social_options":{"image_generator_settings":{"template":"highway","default_image_id":0,"font":"","enabled":false},"version":2}},"categories":[5],"tags":[29,2048],"class_list":["post-23880","post","type-post","status-publish","format-standard","has-post-thumbnail","hentry","category-aqui-parada-robles","tag-cepral","tag-paro"],"jetpack_publicize_connections":[],"jetpack_featured_media_url":"https:\/\/revistaepocadigital.com.ar\/wp-content\/uploads\/2024\/01\/CEORA1.jpeg","jetpack_likes_enabled":true,"_links":{"self":[{"href":"https:\/\/revistaepocadigital.com.ar\/index.php?rest_route=\/wp\/v2\/posts\/23880","targetHints":{"allow":["GET"]}}],"collection":[{"href":"https:\/\/revistaepocadigital.com.ar\/index.php?rest_route=\/wp\/v2\/posts"}],"about":[{"href":"https:\/\/revistaepocadigital.com.ar\/index.php?rest_route=\/wp\/v2\/types\/post"}],"author":[{"embeddable":true,"href":"https:\/\/revistaepocadigital.com.ar\/index.php?rest_route=\/wp\/v2\/users\/3"}],"replies":[{"embeddable":true,"href":"https:\/\/revistaepocadigital.com.ar\/index.php?rest_route=%2Fwp%2Fv2%2Fcomments&post=23880"}],"version-history":[{"count":0,"href":"https:\/\/revistaepocadigital.com.ar\/index.php?rest_route=\/wp\/v2\/posts\/23880\/revisions"}],"wp:featuredmedia":[{"embeddable":true,"href":"https:\/\/revistaepocadigital.com.ar\/index.php?rest_route=\/wp\/v2\/media\/23882"}],"wp:attachment":[{"href":"https:\/\/revistaepocadigital.com.ar\/index.php?rest_route=%2Fwp%2Fv2%2Fmedia&parent=23880"}],"wp:term":[{"taxonomy":"category","embeddable":true,"href":"https:\/\/revistaepocadigital.com.ar\/index.php?rest_route=%2Fwp%2Fv2%2Fcategories&post=23880"},{"taxonomy":"post_tag","embeddable":true,"href":"https:\/\/revistaepocadigital.com.ar\/index.php?rest_route=%2Fwp%2Fv2%2Ftags&post=23880"}],"curies":[{"name":"wp","href":"https:\/\/api.w.org\/{rel}","templated":true}]}}