{"id":23898,"date":"2024-01-24T21:01:05","date_gmt":"2024-01-25T00:01:05","guid":{"rendered":"https:\/\/revistaepocadigital.com.ar\/?p=23898"},"modified":"2024-01-24T22:38:31","modified_gmt":"2024-01-25T01:38:31","slug":"la-cgt-el-paro-convertido-en-movilizacion-ante-el-dispar-cumplimiento","status":"publish","type":"post","link":"https:\/\/revistaepocadigital.com.ar\/?p=23898","title":{"rendered":"LA CGT. EL PARO CONVERTIDO EN MOVILIZACI\u00d3N, ANTE EL DISPAR CUMPLIMIENTO"},"content":{"rendered":"<h5 data-form=\"headerDetail\"><strong>LO PRIMERO.<!--more--><\/strong><\/h5>\n<p>Que podr\u00eda\u00a0destacarse del <span class=\"highlightWire\">paro<\/span>\u00a0<span class=\"highlightWire\">nacional<\/span> con movilizaci\u00f3n convocado por la CGT, fue que la jornada de protesta transcurri\u00f3 con normalidad, y se llev\u00f3 adelante de manera pac\u00edfica, lo cual no fue poco.<\/p>\n<p>En los \u00faltimos d\u00edas los propios organizadores de la marcha deliberaban internamente sobre cu\u00e1l ser\u00eda &#8220;la foto final del d\u00eda&#8221;: si la Plaza del Congreso colmada de manifestantes opositores al Gobierno, o escenas de represi\u00f3n por parte de fuerzas de seguridad, en un intento por forzar el cumplimiento a rajatabla del llamado protocolo anti-piquetes.<\/p>\n<p>En definitiva, salvo por unos ligeros momentos de tensi\u00f3n al caer la tarde frente al Parlamento, la protesta se desarroll\u00f3 en calma de principio a fin en la ciudad de Buenos Aires, incluso a pesar de que el tr\u00e1nsito definitivamente se vio interrumpido despu\u00e9s del mediod\u00eda en las inmediaciones del Congreso.<\/p>\n<p>Las autoridades de Seguridad, en ese contexto, debieron de hecho flexibilizar sus pretensiones de orden p\u00fablico y libre tr\u00e1fico en la zona, con excepci\u00f3n de la Avenida de Mayo, arteria por la que avanzaron las columnas hacia la plaza, para evitar probables refriegas con la muchedumbre.<\/p>\n<p>Seg\u00fan la cartera <span class=\"highlightWire\">nacional<\/span>\u00a0que encabeza Patricia Bullrich, apenas 40.000 personas partici<span class=\"highlightWire\">paro<\/span>n de la movilizaci\u00f3n en la Capital Federal, un n\u00famero que seguramente no se condice con la cantidad de gente que en efecto tom\u00f3 parte en la marcha. De todos modos, m\u00e1s all\u00e1 de las cifras, el &#8220;cap\u00edtulo seguridad&#8221; se complet\u00f3 con \u00e9xito, a juzgar por los acontecimientos. En tanto, la manifestaci\u00f3n en s\u00ed misma, en la ciudad de Buenos Aires, tambi\u00e9n podr\u00e1 ser motivo de orgullo para la Confederaci\u00f3n General del Trabajo (CGT), en especial por el nivel de participaci\u00f3n.<\/p>\n<p>La central obrera sali\u00f3 repentinamente del ostracismo tras largos cuatro a\u00f1os en estado de somnolencia, y recuper\u00f3 la voz para rechazar las pol\u00edticas de ajuste que impulsa el gobierno del libertario Javier Milei.<\/p>\n<p>En ese marco, la CGT logr\u00f3 reunir a una multitud frente al Congreso, donde el pr\u00f3ximo martes comenzar\u00e1 a debatirse el proyecto de ley \u00f3mnibus, con el acompa\u00f1amiento del peronismo, de movimientos sociales y piqueteros, agrupaciones de izquierda y militantes opositores en general.<\/p>\n<p>El resultado alentador de la convocatoria lanzada por la central obrera en tiempo r\u00e9cord, dado que Milei cumpli\u00f3 (24-1) apenas un mes y medio de gesti\u00f3n como Jefe de Estado, tampoco represent\u00f3 un dato menor. Porque m\u00e1s all\u00e1 de los posibles intereses sectoriales, o motivaciones pol\u00edticas que hayan impulsado a la CGT y compa\u00f1\u00eda, a llevar adelante\u00a0 la jornada de protesta, no dej\u00f3 de ser importante que en tiempos de crisis, sean organizaciones vinculadas con el sistema democr\u00e1tico las que reclamen eventualmente en las calles.<\/p>\n<p>La central obrera y el aparato peronista demostraron su capacidad para movilizar, y copar en cierta medida el centro porte\u00f1o en horas de la tarde, lo que probablemente envalentone a sindicalistas y opositores del justicialismo, a impulsar una medida similar en un plazo no tan distante si Milei se mantiene firme en su intenci\u00f3n de avanzar con paso redoblado con sus medidas reformistas, su ajuste y sus pol\u00edticas de shock.<\/p>\n<p>Independientemente de que esto ocurra, es un aspecto para subrayar que sean la CGT y\/o el peronismo, la izquierda o bien los movimientos sociales o piqueteros los que tomen las calles enarbolando un reclamo genuino de la poblaci\u00f3n -como por ejemplo, que el dinero no alcanza para llegar a fines de mes- y que no sean otro tipo de organizaciones de dudosa conformaci\u00f3n o procedencia. Sin ir m\u00e1s lejos, Ecuador deber\u00eda ser hoy un espejo en el que la Argentina tendr\u00eda que mirarse para aprender y comprobar todo lo que no puede dejar de hacerse desde las instituciones del Estado y desde el sistema democr\u00e1tico establecido.<\/p>\n<p>Dicho esto, tambi\u00e9n qued\u00f3 en evidencia con la medida de la CGT que, si bien la marcha fue voluminosa en la Capital Federal, con r\u00e9plicas igualmente interesantes en el interior del pa\u00eds, el <span class=\"highlightWire\">paro<\/span>\u00a0<span class=\"highlightWire\">nacional<\/span> por 12 horas convocado desde el mediod\u00eda pas\u00f3 casi inadvertido al menos hasta las 19 horas, cuando el transporte p\u00fablico dej\u00f3 de funcionar en el \u00c1rea Metropolitana de Buenos Aires (AMBA), adhiri\u00e9ndose a la medida de fuerza.<\/p>\n<p>Claramente no fue esta una jornada de persianas bajas en la Argentina, ni mucho menos. Como fue obvio, quienes asistieron a la marcha no concurrieron a sus lugares de trabajo, pero lejos estuvo la huelga de sentirse con fuerza. S\u00ed, como fue mencionado anteriormente, la protesta sirvi\u00f3 para que el movimiento obrero ofreciera al Gobierno, una muestra de poder\u00edo y dejase en claro que -al menos por ahora- est\u00e1 dispuesto a resistir en las calles las pol\u00edticas que motoriza el gobierno de Milei.<\/p>\n<h5 class=\"detail-header\" data-form=\"headerDetail\">Fuente: Nota publicada por Emiliano Rodr\u00edguez\/Agencia NA<\/h5>\n<h5 class=\"detail-header\" data-form=\"headerDetail\">Foto portada: gentileza P\u00e1gina 12<\/h5>\n","protected":false},"excerpt":{"rendered":"<p>LO PRIMERO.<\/p>\n","protected":false},"author":3,"featured_media":0,"comment_status":"open","ping_status":"open","sticky":false,"template":"","format":"standard","meta":{"footnotes":"","jetpack_publicize_message":"","jetpack_publicize_feature_enabled":true,"jetpack_social_post_already_shared":true,"jetpack_social_options":{"image_generator_settings":{"template":"highway","default_image_id":0,"font":"","enabled":false},"version":2}},"categories":[17],"tags":[2628,2048],"class_list":["post-23898","post","type-post","status-publish","format-standard","hentry","category-politica","tag-cgt","tag-paro"],"jetpack_publicize_connections":[],"jetpack_featured_media_url":"","jetpack_likes_enabled":true,"_links":{"self":[{"href":"https:\/\/revistaepocadigital.com.ar\/index.php?rest_route=\/wp\/v2\/posts\/23898","targetHints":{"allow":["GET"]}}],"collection":[{"href":"https:\/\/revistaepocadigital.com.ar\/index.php?rest_route=\/wp\/v2\/posts"}],"about":[{"href":"https:\/\/revistaepocadigital.com.ar\/index.php?rest_route=\/wp\/v2\/types\/post"}],"author":[{"embeddable":true,"href":"https:\/\/revistaepocadigital.com.ar\/index.php?rest_route=\/wp\/v2\/users\/3"}],"replies":[{"embeddable":true,"href":"https:\/\/revistaepocadigital.com.ar\/index.php?rest_route=%2Fwp%2Fv2%2Fcomments&post=23898"}],"version-history":[{"count":0,"href":"https:\/\/revistaepocadigital.com.ar\/index.php?rest_route=\/wp\/v2\/posts\/23898\/revisions"}],"wp:attachment":[{"href":"https:\/\/revistaepocadigital.com.ar\/index.php?rest_route=%2Fwp%2Fv2%2Fmedia&parent=23898"}],"wp:term":[{"taxonomy":"category","embeddable":true,"href":"https:\/\/revistaepocadigital.com.ar\/index.php?rest_route=%2Fwp%2Fv2%2Fcategories&post=23898"},{"taxonomy":"post_tag","embeddable":true,"href":"https:\/\/revistaepocadigital.com.ar\/index.php?rest_route=%2Fwp%2Fv2%2Ftags&post=23898"}],"curies":[{"name":"wp","href":"https:\/\/api.w.org\/{rel}","templated":true}]}}