{"id":23905,"date":"2024-01-24T23:16:00","date_gmt":"2024-01-25T02:16:00","guid":{"rendered":"https:\/\/revistaepocadigital.com.ar\/?p=23905"},"modified":"2024-01-24T23:16:00","modified_gmt":"2024-01-25T02:16:00","slug":"y-un-dia-se-agarraron-los-hermanos-moyano-en-publico","status":"publish","type":"post","link":"https:\/\/revistaepocadigital.com.ar\/?p=23905","title":{"rendered":"Y UN D\u00cdA SE AGARRARON LOS HERMANOS MOYANO EN P\u00daBLICO"},"content":{"rendered":"<p><strong>LOS HERMANOS PABLO Y FACUNDO.<\/strong><!--more--><\/p>\n<p>En el marco del paro organizado por la CGT, polemizaron duro en declaraciones vertidas. Secretario del Sindicato de Peajes, Facundo Moyano, dispar\u00f3\u00a0 contra la CGT y pidi\u00f3 &#8220;autocr\u00edtica&#8221;. Tambi\u00e9n que el peronismo est\u00e9 a la altura de las circunstancias, con motivo del paro general por 12 horas convocado.<\/p>\n<p>A modo de respuesta, su hermano mayor y cotitular de la CGT, Pablo Moyano, ironiz\u00f3: &#8220;De la far\u00e1ndula no opino&#8221;.<\/p>\n<p>&nbsp;<\/p>\n<p><iframe loading=\"lazy\" title=\"Fuerte cruce de Pablo Moyano a su hermano Facundo: \u201cDe la far\u00e1ndula no hablo\u201d\" width=\"696\" height=\"392\" src=\"https:\/\/www.youtube.com\/embed\/L7hcquazL_o?feature=oembed\" frameborder=\"0\" allow=\"accelerometer; autoplay; clipboard-write; encrypted-media; gyroscope; picture-in-picture; web-share\" allowfullscreen><\/iframe><\/p>\n<p>&nbsp;<\/p>\n<p>Facundo, ex diputado por el Frente de Todos tambi\u00e9n manifest\u00f3: &#8220;Todo paro es pol\u00edtico. Lo que digo es que si este paro era hace dos a\u00f1os, la situaci\u00f3n de los trabajadores era otra&#8221;.<br \/>\nY se diferenci\u00f3 de la c\u00fapula de la CGT: &#8220;No es que lo digo ahora, lo dije cuando me fui de un no-proyecto. Tengo clar\u00edsimo que no hubo nunca un proyecto por parte del peronismo&#8221;.<\/p>\n<p>&#8220;Muchos dirigentes hacen de la lucha una industria. Hay que organizar a la sociedad a trav\u00e9s del eje del trabajo. Tenemos que discutir el sistema laboral&#8221;, sentenci\u00f3 el menor de los Moyano en clara disidencia con su hermano Pablo. Adem\u00e1s, embisti\u00f3 contra Alberto Fern\u00e1ndez y su mala gesti\u00f3n: &#8220;Haberle ganado a Venezuela en inflaci\u00f3n es responsabilidad del gobierno anterior&#8221;, sostuvo.<\/p>\n<p>Foto portada: gentileza Perfil<\/p>\n","protected":false},"excerpt":{"rendered":"<p>LOS HERMANOS PABLO Y FACUNDO.<\/p>\n","protected":false},"author":3,"featured_media":23906,"comment_status":"open","ping_status":"open","sticky":false,"template":"","format":"standard","meta":{"footnotes":"","jetpack_publicize_message":"","jetpack_publicize_feature_enabled":true,"jetpack_social_post_already_shared":true,"jetpack_social_options":{"image_generator_settings":{"template":"highway","default_image_id":0,"font":"","enabled":false},"version":2}},"categories":[13],"tags":[2629,2048],"class_list":["post-23905","post","type-post","status-publish","format-standard","has-post-thumbnail","hentry","category-interes-general","tag-moyano-hermanos","tag-paro"],"jetpack_publicize_connections":[],"jetpack_featured_media_url":"https:\/\/revistaepocadigital.com.ar\/wp-content\/uploads\/2024\/01\/moyanocgtsutpacedocg.jpg","jetpack_likes_enabled":true,"_links":{"self":[{"href":"https:\/\/revistaepocadigital.com.ar\/index.php?rest_route=\/wp\/v2\/posts\/23905","targetHints":{"allow":["GET"]}}],"collection":[{"href":"https:\/\/revistaepocadigital.com.ar\/index.php?rest_route=\/wp\/v2\/posts"}],"about":[{"href":"https:\/\/revistaepocadigital.com.ar\/index.php?rest_route=\/wp\/v2\/types\/post"}],"author":[{"embeddable":true,"href":"https:\/\/revistaepocadigital.com.ar\/index.php?rest_route=\/wp\/v2\/users\/3"}],"replies":[{"embeddable":true,"href":"https:\/\/revistaepocadigital.com.ar\/index.php?rest_route=%2Fwp%2Fv2%2Fcomments&post=23905"}],"version-history":[{"count":0,"href":"https:\/\/revistaepocadigital.com.ar\/index.php?rest_route=\/wp\/v2\/posts\/23905\/revisions"}],"wp:featuredmedia":[{"embeddable":true,"href":"https:\/\/revistaepocadigital.com.ar\/index.php?rest_route=\/wp\/v2\/media\/23906"}],"wp:attachment":[{"href":"https:\/\/revistaepocadigital.com.ar\/index.php?rest_route=%2Fwp%2Fv2%2Fmedia&parent=23905"}],"wp:term":[{"taxonomy":"category","embeddable":true,"href":"https:\/\/revistaepocadigital.com.ar\/index.php?rest_route=%2Fwp%2Fv2%2Fcategories&post=23905"},{"taxonomy":"post_tag","embeddable":true,"href":"https:\/\/revistaepocadigital.com.ar\/index.php?rest_route=%2Fwp%2Fv2%2Ftags&post=23905"}],"curies":[{"name":"wp","href":"https:\/\/api.w.org\/{rel}","templated":true}]}}