{"id":23932,"date":"2024-01-27T19:00:54","date_gmt":"2024-01-27T22:00:54","guid":{"rendered":"https:\/\/revistaepocadigital.com.ar\/?p=23932"},"modified":"2024-01-27T19:01:42","modified_gmt":"2024-01-27T22:01:42","slug":"el-informe-de-cepral-en-un-contexto-de-pais-cri","status":"publish","type":"post","link":"https:\/\/revistaepocadigital.com.ar\/?p=23932","title":{"rendered":"El informe de Cepral en un contexto de pa\u00eds cr\u00edtico"},"content":{"rendered":"<p><strong>INFORME DEL CONSEJO DE ADMINISTRACI\u00d3N A VECINOS Y USUARIOS. INFORMACIONES EN ENERO 2024<\/strong>.<!--more--><\/p>\n<p>Desde Cepral hicieron saber que contin\u00faan avanzando con las obras proyectadas, y finalizando con las tareas de reparaci\u00f3n inherentes a la tormenta de mediados de diciembre, situaciones que fueron necesarias resolver para poder continuar con lo planificado.<\/p>\n<p>En materias de tarifas de luz, comenzaron las Audiencias P\u00fablicas para tratar los futuros aumentos de Energ\u00eda El\u00e9ctrica. Dichos aumentos se ver\u00e1n reflejados de forma escalonada en las pr\u00f3ximas facturas. Por esta raz\u00f3n se recomend\u00f3 seguir haciendo un uso racional de la electricidad.<\/p>\n<p>Para quienes no lo pudieron leer en la edici\u00f3n anterior, en las secciones (ver abajo) se comparte un resumen del Informe T\u00e9cnico. Ha sido el resultado del relevamiento realizado para cuantificar los destrozos sufridos en las l\u00edneas y equipos, que fueron ocasionados por la tormenta que acaeci\u00f3 simult\u00e1neamente en muchos distritos de la Provincia de Buenos Aires y que afect\u00f3 incluso a la propia Ciudad Aut\u00f3noma de Buenos Aires.<\/p>\n<p><em>&#8220;Agradecemos la comprensi\u00f3n de nuestros vecinos ante esta situaci\u00f3n que claramente excedi\u00f3 lo que puede afrontar la Cooperativa. <\/em><em>Al mismo tiempo, destacamos la importancia de controlar la altura de los \u00e1rboles cercanos a las l\u00edneas de cableado p\u00fablico para evitar los trastornos que ocasionan al arrasar con las redes el\u00e9ctricas y de telecomunicaciones, los da\u00f1os materiales y a las personas. Este tipo de tormentas perdieron el car\u00e1cter de excepcionales, para ser cada vez m\u00e1s reiteradas&#8221;, s<\/em>ostuvieron desde CEPRAL y agregaron que contin\u00faan &#8220;<em>realizando las gestiones para poder acceder a ayuda econ\u00f3mica externa que nos permita avanzar en los recambios y reparaciones necesarios para el normal funcionamiento de nuestros servicios.\u00a0<\/em><em>Quedamos a disposici\u00f3n de nuestros usuarios por todas nuestras v\u00edas de comunicaci\u00f3n, ante cualquier inquietud que pueda surgir&#8221;.<\/em><\/p>\n<p style=\"text-align: center;\"><strong>&#8212;&#8212;&#8212;&#8212;&#8212;&#8212;&#8212;&#8212;&#8212;<\/strong><\/p>\n<p>Sobre la poda de \u00e1rboles<em>: &#8220;recomendamos realizar las podas correctivas de los \u00e1rboles que interfieran en las l\u00edneas de cableado. De este modo se evitar\u00e1n la interrupci\u00f3n de los Servicios de Energ\u00eda y Telecomunicaciones y los altos costos en los que debemos incurrir para restaurar los da\u00f1os ocasionados&#8221;.<\/em><\/p>\n<p style=\"text-align: center;\"><strong>&#8212;&#8212;&#8212;&#8212;&#8212;&#8212;&#8212;&#8212;&#8211;<\/strong><\/p>\n<p>Servicios: Fibra \u00d3ptica en Tu Hogar<\/p>\n<p>Barrio Los Pinos:<\/p>\n<p>En estos d\u00edas se comenz\u00f3 con la colocaci\u00f3n de la Caja de Distribuci\u00f3n sobre la calle Sarmiento, luego continuar\u00e1n con el tendido del \u00faltimo tramo de Sarmiento y durante la pr\u00f3xima semana continuarr\u00e1n seg\u00fan lo proyectado, avanzando por la calle Barrag\u00e1n. A partir de esta semana (26-1) estamos al d\u00eda con la resoluci\u00f3n de los reclamos derivados de la tormenta del 17 de diciembre.<\/p>\n<p>Seg\u00fan vayamos habilitando Cajas de Distribuci\u00f3n, desde el \u00e1rea Administrativa se van coordinar con los vecinos las nuevas altas y migraciones para el servicio de Fibra \u00d3ptica en Tu Hogar.\u00a0En la etapa II, de los 68 usuarios inscriptos, se instalaron 11 y 6 se encuentran confirmados para la instalaci\u00f3n en los pr\u00f3ximos d\u00edas.<\/p>\n<p>Barrios Sakura, Comarca del Sol y El Remanso:<\/p>\n<p>Los vecinos siguen confiando en la cooperativa dicen, y ya se encuentran coordinadas pr\u00f3ximas instalaciones a llevarse a cabo hasta mediados de febrero en dichos barrios.<\/p>\n<p>La palabra.<\/p>\n<p>Desde la Cooperativa instaron a seguir haciendo un uso racional del consumo de energ\u00eda el\u00e9ctrica para prevenir un fuerte aumento en las pr\u00f3ximas facturas.<\/p>\n<p>Recambio de postes para las redes de los Servicios de Electricidad e Internet<\/p>\n<p>Se contin\u00faa trabajando en los distintos barrios de la zona de concesi\u00f3n, con el recambio de los postes que sostienen nuestras redes de Electricidad y Telecomunicaciones y que fueran da\u00f1ados en la tormenta del 17 de diciembre.\u00a0Para llevar adelante esas tareas con mayor celeridad, contrataron un equipo externo que se sum\u00f3 a las cuadrillas de la Cooperativa, si bien por la magnitud de los postes da\u00f1ados fue imposible que se pudiera culminar antes.<\/p>\n<p><img decoding=\"async\" src=\"https:\/\/ecp.yusercontent.com\/mail?url=https%3A%2F%2F41sau.img.sp1-brevo.net%2Fim%2Fsh%2Fj7ZEXZUg791i.jpeg%3Fu%3D2BpAyz2gMiWncci5QY1rcU4DSlfPmZVsl0&amp;t=1706388670&amp;ymreqid=a1e28384-e738-286e-1cb7-58001a019a00&amp;sig=BkDDO2B0laLnbetk7bv1pQ--~D\" width=\"560\" border=\"0\" \/><\/p>\n<p>&nbsp;<\/p>\n<p>Resumen Informe T\u00e9cnico de los da\u00f1os ocasionados por el evento clim\u00e1tico del 17 de diciembre.<\/p>\n<p>El fen\u00f3meno que afect\u00f3 la totalidad del \u00e1rea de concesi\u00f3n, produjo da\u00f1os de gran magnitud en la infraestructura de las l\u00edneas de media y baja tensi\u00f3n, como as\u00ed tambi\u00e9n averi\u00f3 varios vanos de la l\u00ednea de 33 Kv que alimenta a nuestra Cooperativa con el punto de abastecimiento de EDEN S. A. en Luj\u00e1n.\u00a0Despu\u00e9s de 18 horas sin energ\u00eda el\u00e9ctrica, el proveedor pudo restablecer el servicio a las 21 horas del domingo 17, con un servicio precario desde la ciudad de Campana.<\/p>\n<p>La Cooperativa, luego de las primeras evaluaciones realizadas por su personal jer\u00e1rquico, siendo las 5:30 horas, convoc\u00f3 a su personal para comenzar las tareas de reconstrucci\u00f3n de las instalaciones de media y baja tensi\u00f3n.\u00a0Debido a la magnitud de los da\u00f1os: 180 km de redes para reconstruir totalmente, se tom\u00f3 la decisi\u00f3n de contratar una empresa tercerizada con dos equipos de trabajo, y con gr\u00faas para agilizar la reposici\u00f3n de los postes ca\u00eddos.<\/p>\n<p>No obstante, el inmenso recurso humano asignado a las tareas se vio seriamente afectado en la reposici\u00f3n del servicio debido a la gran cantidad de vegetaci\u00f3n ca\u00edda sobre las l\u00edneas\/cables, donde fueron necesarios varios d\u00edas de tareas de poda para poder realizar los trabajos de restauraci\u00f3n de las l\u00edneas, que implic\u00f3 2.878 horas hombre entre equipos propios y contratados .<\/p>\n<p>Gracias a la disponibilidad de materiales en stock con que contaba la Cooperativa, se pudo comenzar r\u00e1pidamente con las tareas de reposici\u00f3n del servicio, pero que claramente no fueron suficientes para reparar la totalidad de los da\u00f1os surgidos del evento clim\u00e1tico, obligaciones en las que debi\u00f3 incurrir Cepral para poder afrontar los mismos.<\/p>\n<p>Las zonas afectadas en mayor escala, donde los da\u00f1os ocasionados fueron sobre subestaciones, red en media y baja tensi\u00f3n son: Altos de Robles, Fern\u00e1ndez, Parque Exaltaci\u00f3n, El Remanso, Pav\u00f3n, Los Pinos, Sakura, Callejones rurales que se vinculan con Santa Coloma, Arroyo de la Cruz, Altos de Ca\u00f1ad\u00f3n, Capilla Polo, La Amanecida, Camino a Ruiz, El Jag\u00fcel, Indio Cu\u00e1 y Etchegoyen.<\/p>\n<p><img decoding=\"async\" src=\"https:\/\/ecp.yusercontent.com\/mail?url=https%3A%2F%2F41sau.img.sp1-brevo.net%2Fim%2Fsh%2FS9C8fuWFJfh1.jpeg%3Fu%3D2BpAyz2gMiWnceb4x3KqBiWFp5Ta94IchW&amp;t=1706388670&amp;ymreqid=a1e28384-e738-286e-1cb7-58001a019a00&amp;sig=l9RMgVooOR.ykki.K.oM4w--~D\" width=\"560\" border=\"0\" \/><\/p>\n<p>En otro orden, los barrios afectados con da\u00f1os sobre red en baja tensi\u00f3n son: Comarca del Sol, El Zorzal, Jularo, Los Robles, La Verdad, Parque los Robles y Olmo Viejo.<\/p>\n<p>Este evento volvi\u00f3 a destrozar casi la totalidad de los reemplazos de lineas efectuados con motivo del hecho acaecido en diciembre de 2022.<\/p>\n<p>Con respecto a los gastos que se han tenido en esta contingencia, la cooperativa los separ\u00f3 en dos etapas, restablecimiento del servicio el\u00e9ctrico y reconstrucci\u00f3n de los m\u00e1s de 100 kil\u00f3metros de l\u00edneas de baja y media tensi\u00f3n. Para ello, la Cooperativa debi\u00f3 contratar dos equipos con gr\u00faas y operarios para poder llevar adelante la tarea de reemplazo de los postes da\u00f1ados.<\/p>\n<p>&nbsp;<\/p>\n<table class=\"yiv6482880989r7-o\" role=\"presentation\" border=\"0\" width=\"100%\" cellspacing=\"0\" cellpadding=\"0\" align=\"center\">\n<tbody>\n<tr>\n<td class=\"yiv6482880989r9-i\">\n<table role=\"presentation\" border=\"0\" width=\"100%\" cellspacing=\"0\" cellpadding=\"0\">\n<tbody>\n<tr>\n<th class=\"yiv6482880989r5-c\" valign=\"top\" width=\"100%\">\n<table class=\"yiv6482880989r6-o\" role=\"presentation\" border=\"0\" width=\"100%\" cellspacing=\"0\" cellpadding=\"0\">\n<tbody>\n<tr>\n<td class=\"yiv6482880989r13-i\" valign=\"top\">\n<table role=\"presentation\" border=\"0\" width=\"100%\" cellspacing=\"0\" cellpadding=\"0\">\n<tbody>\n<tr>\n<td class=\"yiv6482880989r14-c\" align=\"center\"><\/td>\n<\/tr>\n<tr>\n<td class=\"yiv6482880989r15-c\" align=\"left\"><\/td>\n<\/tr>\n<tr>\n<td class=\"yiv6482880989r14-c\" align=\"center\"><img decoding=\"async\" src=\"https:\/\/ecp.yusercontent.com\/mail?url=https%3A%2F%2F41sau.img.sp1-brevo.net%2Fim%2Fsh%2Fnr-F5hVT_r49.jpg%3Fu%3DWtVElij8PJZGeEwH4pwQKzuDMhfKFOtO&amp;t=1706388670&amp;ymreqid=a1e28384-e738-286e-1cb7-58001a019a00&amp;sig=nFWhZqJxAwU1n4vUYqS.iQ--~D\" width=\"560\" border=\"0\" \/><\/td>\n<\/tr>\n<tr>\n<td class=\"yiv6482880989r15-c\" align=\"left\">\n<table class=\"yiv6482880989r10-o\" role=\"presentation\" border=\"0\" width=\"100%\" cellspacing=\"0\" cellpadding=\"0\">\n<tbody>\n<tr>\n<td class=\"yiv6482880989r16-i yiv6482880989nl2go-default-textstyle\" valign=\"top\"><\/td>\n<\/tr>\n<\/tbody>\n<\/table>\n<\/td>\n<\/tr>\n<tr>\n<td class=\"yiv6482880989r14-c\" align=\"center\"><img decoding=\"async\" src=\"https:\/\/ecp.yusercontent.com\/mail?url=https%3A%2F%2F41sau.img.sp1-brevo.net%2Fim%2Fsh%2FzX71j_F1UUHG.jpg%3Fu%3DWtVElij8PJZGfbwPg77UclOzYBonBc1a&amp;t=1706388670&amp;ymreqid=a1e28384-e738-286e-1cb7-58001a019a00&amp;sig=uaVnt9CAn9XWa5CR6nSA5g--~D\" width=\"560\" border=\"0\" \/><\/td>\n<\/tr>\n<tr>\n<td class=\"yiv6482880989r15-c\" align=\"left\">\n<table class=\"yiv6482880989r10-o\" role=\"presentation\" border=\"0\" width=\"100%\" cellspacing=\"0\" cellpadding=\"0\">\n<tbody>\n<tr>\n<td class=\"yiv6482880989r16-i yiv6482880989nl2go-default-textstyle\" valign=\"top\"><\/td>\n<\/tr>\n<\/tbody>\n<\/table>\n<\/td>\n<\/tr>\n<\/tbody>\n<\/table>\n<\/td>\n<\/tr>\n<\/tbody>\n<\/table>\n<\/th>\n<\/tr>\n<\/tbody>\n<\/table>\n<\/td>\n<\/tr>\n<\/tbody>\n<\/table>\n<table class=\"yiv6482880989r3-o\" role=\"presentation\" border=\"0\" width=\"100%\" cellspacing=\"0\" cellpadding=\"0\" align=\"center\">\n<tbody>\n<tr>\n<td class=\"yiv6482880989r4-i\">\n<table role=\"presentation\" border=\"0\" width=\"100%\" cellspacing=\"0\" cellpadding=\"0\">\n<tbody>\n<tr>\n<th class=\"yiv6482880989r5-c\" valign=\"top\" width=\"100%\">\n<table class=\"yiv6482880989r18-o\" role=\"presentation\" border=\"0\" width=\"590\" cellspacing=\"0\" cellpadding=\"0\" align=\"center\">\n<tbody>\n<tr>\n<td class=\"yiv6482880989r8-i\"><img decoding=\"async\" src=\"https:\/\/ecp.yusercontent.com\/mail?url=https%3A%2F%2F41sau.img.sp1-brevo.net%2Fim%2Fsh%2F-HiSMkncIZ_1.jpeg%3Fu%3DWtVElij8PJZGg4H7sXVqigZFc1CcALje&amp;t=1706388670&amp;ymreqid=a1e28384-e738-286e-1cb7-58001a019a00&amp;sig=ljJtfpENrrwzdf9y1HUT5Q--~D\" width=\"590\" border=\"0\" \/><\/td>\n<\/tr>\n<\/tbody>\n<\/table>\n<\/th>\n<\/tr>\n<\/tbody>\n<\/table>\n<\/td>\n<\/tr>\n<\/tbody>\n<\/table>\n<table class=\"yiv6482880989r7-o\" role=\"presentation\" border=\"0\" width=\"100%\" cellspacing=\"0\" cellpadding=\"0\" align=\"center\">\n<tbody>\n<tr>\n<td class=\"yiv6482880989r19-i\"><\/td>\n<\/tr>\n<\/tbody>\n<\/table>\n<p>&nbsp;<\/p>\n<p>El escenario que estamos viviendo a nivel econ\u00f3mico en el pa\u00eds, como es de p\u00fablico conocimiento, como as\u00ed tambi\u00e9n la situaci\u00f3n financiera<em> que atraviesa nuestra instituci\u00f3n -donde no podemos disponer de fondos de otras unidades de negocio ya que han sido castigadas en la misma magnitud que en el Servicio El\u00e9ctrico- se nos hace imposible afrontar los costos de reposici\u00f3n, horas extras, como as\u00ed de cuadrillas tercerizadas para poder tener el servicio operativo en tiempo r\u00e9cord en toda nuestra \u00e1rea de concesi\u00f3n&#8221;, admitieron<\/em>.<\/p>\n<p>Por esta raz\u00f3n, solicitaron al Organismo de Control, que sean tenidas en cuenta estas circunstancias como de car\u00e1cter de contingencias de fuerza mayor, conforme lo tipifica la normativa vigente, y dada la magnitud del fen\u00f3meno acaecido y los da\u00f1os ocasionados por el mismo sobre las redes de Media Tensi\u00f3n de la concesionaria, corresponde proceder al reconocimiento del costo de los materiales utilizados para normalizar el servicio p\u00fablico de electricidad a cargo de Cepral.<\/p>\n<p>Cabe destacar que este fen\u00f3meno caus\u00f3 tal cantidad de da\u00f1os en gran parte debido a la ca\u00edda de \u00e1rboles sobre nuestras l\u00edneas. La mayor\u00eda de los mismos ubicados en los jardines de las viviendas y que se encuentran fuera de todo control sin respetar ninguna normativa vigente.<\/p>\n","protected":false},"excerpt":{"rendered":"<p>INFORME DEL CONSEJO DE ADMINISTRACI\u00d3N A VECINOS Y USUARIOS. INFORMACIONES EN ENERO 2024.<\/p>\n","protected":false},"author":3,"featured_media":23937,"comment_status":"open","ping_status":"open","sticky":false,"template":"","format":"standard","meta":{"footnotes":"","jetpack_publicize_message":"","jetpack_publicize_feature_enabled":true,"jetpack_social_post_already_shared":true,"jetpack_social_options":{"image_generator_settings":{"template":"highway","default_image_id":0,"font":"","enabled":false},"version":2}},"categories":[5],"tags":[29,848],"class_list":["post-23932","post","type-post","status-publish","format-standard","has-post-thumbnail","hentry","category-aqui-parada-robles","tag-cepral","tag-informe"],"jetpack_publicize_connections":[],"jetpack_featured_media_url":"https:\/\/revistaepocadigital.com.ar\/wp-content\/uploads\/2024\/01\/cepra-1.jpeg","jetpack_likes_enabled":true,"_links":{"self":[{"href":"https:\/\/revistaepocadigital.com.ar\/index.php?rest_route=\/wp\/v2\/posts\/23932","targetHints":{"allow":["GET"]}}],"collection":[{"href":"https:\/\/revistaepocadigital.com.ar\/index.php?rest_route=\/wp\/v2\/posts"}],"about":[{"href":"https:\/\/revistaepocadigital.com.ar\/index.php?rest_route=\/wp\/v2\/types\/post"}],"author":[{"embeddable":true,"href":"https:\/\/revistaepocadigital.com.ar\/index.php?rest_route=\/wp\/v2\/users\/3"}],"replies":[{"embeddable":true,"href":"https:\/\/revistaepocadigital.com.ar\/index.php?rest_route=%2Fwp%2Fv2%2Fcomments&post=23932"}],"version-history":[{"count":0,"href":"https:\/\/revistaepocadigital.com.ar\/index.php?rest_route=\/wp\/v2\/posts\/23932\/revisions"}],"wp:featuredmedia":[{"embeddable":true,"href":"https:\/\/revistaepocadigital.com.ar\/index.php?rest_route=\/wp\/v2\/media\/23937"}],"wp:attachment":[{"href":"https:\/\/revistaepocadigital.com.ar\/index.php?rest_route=%2Fwp%2Fv2%2Fmedia&parent=23932"}],"wp:term":[{"taxonomy":"category","embeddable":true,"href":"https:\/\/revistaepocadigital.com.ar\/index.php?rest_route=%2Fwp%2Fv2%2Fcategories&post=23932"},{"taxonomy":"post_tag","embeddable":true,"href":"https:\/\/revistaepocadigital.com.ar\/index.php?rest_route=%2Fwp%2Fv2%2Ftags&post=23932"}],"curies":[{"name":"wp","href":"https:\/\/api.w.org\/{rel}","templated":true}]}}