{"id":23940,"date":"2024-01-27T19:21:05","date_gmt":"2024-01-27T22:21:05","guid":{"rendered":"https:\/\/revistaepocadigital.com.ar\/?p=23940"},"modified":"2024-01-27T20:25:37","modified_gmt":"2024-01-27T23:25:37","slug":"los-registros-del-automotor-en-la-mira-el-gobierno-intervendra-141-la-medida-podria-extenderse-a-la-totalidad-en-el-pais","status":"publish","type":"post","link":"https:\/\/revistaepocadigital.com.ar\/?p=23940","title":{"rendered":"Los Registros del Automotor en la mira. El Gobierno intervendr\u00e1 141, la medida podr\u00eda extenderse a la totalidad en el pa\u00eds"},"content":{"rendered":"<div class=\"pre-center breadcrumbs-area \">\n<nav class=\"breadcrumbs\" role=\"navigation\" aria-label=\"breadcrumb navigation\"><strong>AL MOMENTO, LA INTERVENCI\u00d3N ALCANZAR\u00c1 A LOS M\u00c1S IMPORTANTES.<\/strong><\/nav>\n<nav class=\"breadcrumbs\" role=\"navigation\" aria-label=\"breadcrumb navigation\"><strong>Quieren remover a los interventores. Al momento, el Registro del Automotor de Capilla del Se\u00f1or, no aparece entre los que ser\u00edan intervenidos.<\/strong><\/nav>\n<\/div>\n<p><!--more--><\/p>\n<nav role=\"navigation\" aria-label=\"breadcrumb navigation\"><\/nav>\n<div class=\"pre-center breadcrumbs-area \">\n<nav class=\"breadcrumbs\" role=\"navigation\" aria-label=\"breadcrumb navigation\">El Gobierno argentino puso en marcha (26-1) un plan para intervenir los principales <strong>Registros del Automotor<\/strong>\u00a0del pa\u00eds. En un proceso comandado por\u00a0el viceministro de Justicia,\u00a0<strong>Sebasti\u00e1n Amerio <\/strong>(foto portada), se hizo la presentaci\u00f3n formal del pedido para remover a los actuales interventores y designar nuevos responsables en 141 registros.<\/nav>\n<\/div>\n<div id=\"post_box\" class=\"pre-center padding b-padding-skin pre-center-feature\">\n<div id=\"article_box\" class=\"content-area \">\n<div class=\"content-area-box \">\n<div class=\"postContent content-wrapper\">\n<div class=\"postBody description e-content\">\n<p>El pedido fue dirigido por Secretario de Justicia y firmado por <strong>Carlos Medina<\/strong>, subsecretario de Asuntos Registrales del Ministerio de Justicia. En Argentina existen 1557 registros de la propiedad automotor (En Capilla del Se\u00f1or existe uno, desde mediados de los a\u00f1os \u00b480, el que hace un par de a\u00f1os cambio de titularidad), para un mercado que mensualmente realiza unas 180.000 transferencias o inscripciones entre autom\u00f3viles, motocicletas y transporte pesado, incluyendo maquinaria agr\u00edcola.<\/p>\n<p>En 2022 hubo 407.532 operaciones de 0km, 1.589.000 de usados, 410.955 de motos nuevas y 401.562 de motos usadas. As\u00ed, el sector suma 2.809.049 tr\u00e1mites anuales, con un promedio de 150 por mes por cada oficina. Claro, hay registros con mucho mayor volumen, por su ubicaci\u00f3n y jurisdicci\u00f3n.<\/p>\n<p>El sistema registral depende de la\u00a0Direcci\u00f3n Nacional de Registro Automotor (<strong>DNRPA<\/strong>)\u00a0y funciona en la \u00f3rbita del\u00a0<strong>Ministerio de Justicia<\/strong>. Desde hace tiempo es cuestionado no s\u00f3lo por ser parte de un sistema burocr\u00e1tico, poco eficiente, costoso y muy complejo, sino tambi\u00e9n porque se lo sindica como una caja pol\u00edtica, ya que una parte de las asignaciones est\u00e1n relacionadas con ex-funcionarios, o familiares directos o indirectos (<a href=\"https:\/\/ar.motor1.com\/news\/700764\/proyecto-ley-eliminacion-registros-automotor\/\" data-inline-widget=\"internal-links\" data-type-id=\"0\" data-params=\"%7B%22article_edition_id%22%3A%22700764%22%2C%22section%22%3A%221%22%2C%22alias%22%3A%22proyecto-ley-eliminacion-registros-automotor%22%7D\">leer m\u00e1s<\/a>).<\/p>\n<p>Dentro de los ejes de su campa\u00f1a electoral,\u00a0La Libertad Avanza\u00a0puso en lo m\u00e1s alto de la consideraci\u00f3n p\u00fablica la existencia de los registros automotores al cuestionar el modo de nombramiento de sus titulares incluy\u00e9ndolos dentro de los privilegios de la\u00a0<em>\u201ccasta pol\u00edtica\u201d,<\/em>\u00a0y enfatizar que forman parte de un sistema que el nuevo gobierno desmantelar\u00eda como parte de su reorganizaci\u00f3n de los organismos p\u00fablicos. En reiteradas oportunidades, el presidente\u00a0<strong>Javier Milei<\/strong> dijo que cerrar\u00eda los registros automotores y anular\u00eda el impuesto de sellos y los aranceles de patentamientos y transferencias de veh\u00edculos.<\/p>\n<p>Una de las \u00faltimas situaciones pol\u00e9micas de las que se tuvo conocimiento p\u00fablico, a\u00fan en el gobierno de\u00a0<strong>Alberto Fern\u00e1ndez<\/strong>, fue la designaci\u00f3n de\u00a0<strong>Emilce Ang\u00e9lica Aiello<\/strong>, concu\u00f1ada del por entonces\u00a0ministro de Justicia,\u00a0<strong>Mart\u00edn Soria<\/strong>, como interventora del registro n\u00famero 3 de la ciudad neuquina de Centenario, un registro estrat\u00e9gico porque tiene jurisdicci\u00f3n sobre la zona de\u00a0<strong>Vaca Muerta<\/strong>.<\/p>\n<div class=\"item m1-ap-native \">\n<div class=\"ap adgrid-ad-target\" data-place=\"22\" data-dfp-code=\"M1\/ar\/Native\" data-sizes=\"fluid,1x1\" data-width=\"1\" data-height=\"1\" data-dfp-attrs=\"{&quot;m1_native&quot;:&quot;2&quot;,&quot;msnt_env&quot;:&quot;production&quot;,&quot;m1_banner_place&quot;:&quot;native&quot;,&quot;m1_edition&quot;:&quot;ar&quot;,&quot;m1_article_type&quot;:&quot;news&quot;,&quot;m1_page_content_id&quot;:706341,&quot;m1_page_type&quot;:&quot;detail&quot;,&quot;m1_page_content_type&quot;:&quot;article&quot;,&quot;m1_categories&quot;:[&quot;novedades&quot;],&quot;m1_tags&quot;:[&quot;sebasti\\u00e1n amerio&quot;],&quot;m1_banner_position&quot;:&quot;native&quot;}\" data-native-ad-list=\"10\">\n<div class=\"adgrid-ad-container\">\n<div id=\"native_ad_1\" class=\"adv-ad-wrapper\" data-position=\"native_ad\" data-ad-grid-is-processed=\"true\" data-google-query-id=\"CPjnvsLJ_oMDFV1K3QIddAMFlw\">\n<div id=\"google_ads_iframe_\/6122441\/M1\/ar\/Native_0__container__\"><em>\u201c<strong>Son entes designados a dedo, de amigos del poder pol\u00edtico<\/strong>, y aqu\u00ed no hay distinci\u00f3n de colores pol\u00edticos, porque esto ocurre desde hace d\u00e9cadas y hay registros en todo el pa\u00eds, cuyos titulares son personas que tuvieron o tienen vinculaci\u00f3n directa o indirecta con autoridades de todos los gobiernos\u201d<\/em>, coment\u00f3 un especialista en el mercado automotor argentino.<\/div>\n<div><\/div>\n<\/div>\n<\/div>\n<\/div>\n<\/div>\n<p>Pero m\u00e1s all\u00e1 de ese cuestionamiento, el problema que tienen los registros se podr\u00eda dividir en\u00a0dos claros puntos.\u00a0El primero est\u00e1 relacionado con el\u00a0mal funcionamiento\u00a0en s\u00ed del sistema registral de veh\u00edculos y el segundo en sus\u00a0costos. En total, estos tr\u00e1mites tienen un costo aproximado al 6% del valor del auto, y uno depende del otro, porque a m\u00e1s tr\u00e1mites, aranceles y sellos, m\u00e1s costos para los usuarios.<\/p>\n<p>En principio hay que saber que si un auto es de origen nacional paga el\u00a01,5% de arancel de transferencia, y si es importado paga 2%. Por auto importado se entiende todo auto no fabricado en Argentina, es decir que los que provienen de Brasil, aunque sean Mercosur y entren con arancel de importaci\u00f3n 0%, pagar\u00e1n lo mismo que un auto proveniente de Alemania, Jap\u00f3n o Estados Unidos para poder ser transferidos. Tambi\u00e9n hay una distinci\u00f3n entre CABA y el resto del pa\u00eds, mientas en la ciudad de Buenos Aires se paga el\u00a03% de impuesto de sellos, en el interior se paga Ingresos Brutos que es equivalente al 4% del valor del veh\u00edculo.<\/p>\n<p>El otro gran cuestionamiento que se hace sobre el funcionamiento del sistema de registraciones de veh\u00edculos en Argentina, es la complejidad asociada a la\u00a0cantidad de formularios, ya que cada uno de ellos requiere presencialidad, incluso para la firma del 08, el formulario de transferencia, que aunque es digital, eso es s\u00f3lo para adelantar el tr\u00e1mite y precargar los datos de vendedor y comprador, pero que se debe firmar en forma manual.<\/p>\n<p><em>\u201cEn Argentina hay que pasar por\u00a06 ventanillas para hacer los tr\u00e1mites.\u00a0En\u00a0Chile y Per\u00fa\u00a0es s\u00f3lo una y en\u00a0M\u00e9xico\u00a0son 2. En\u00a0Estados Unidos\u00a0es tambi\u00e9n una sola, pero a la que se concurre despu\u00e9s de haber hecho toda la operaci\u00f3n entre vendedor y comprador, quienes no tienen siquiera que ir juntos porque uno va a retirar el t\u00edtulo y otro a entregar un formulario en el que dice que ese auto ya no es de su propiedad desde la fecha que lo entreg\u00f3 y firm\u00f3 los papeles de venta\u201d<\/em>, cuenta un experto del mercado de autos usados en Argentina.<\/p>\n<p>El\u00a0sistema norteamericano, adem\u00e1s, aporta un modelo distinto tambi\u00e9n desde lo conceptual.\u00a0La matr\u00edcula o patente es del conductor\u00a0y al vender el autom\u00f3vil, se entrega sin esa identificaci\u00f3n legal, de modo tal que el comprador tiene que colocar sus placas y si no las poseyera, es un gasto que tendr\u00e1 que hacer por \u00fanica vez al comprar su primer veh\u00edculo. As\u00ed, las multas o deudas no son del autom\u00f3vil sino del due\u00f1o, entonces no es necesario pedir\u00a0<em>&#8220;libre deudas&#8221;,<\/em>\u00a0como ocurre en Argentina.\u00a0El debate est\u00e1 abierto desde hace muchos a\u00f1os en Argentina, pero el nuevo gobierno de\u00a0Javier Milei\u00a0lo ha reflotado con fuerza.<\/p>\n<p><strong><em>Fuente:\u00a0<\/em><\/strong><a href=\"https:\/\/www.infobae.com\/politica\/2024\/01\/27\/el-gobierno-se-dispone-a-intervenir-todos-los-registros-automotores-del-pais\/\" rel=\"\"><em>Infobae<\/em><\/a><\/p>\n<hr \/>\n<h2>La lista<\/h2>\n<p>A continuaci\u00f3n, los registros que est\u00e1 pr\u00f3ximo a intervenir el Gobierno:<\/p>\n<p><strong>CAPITAL FEDERAL<\/strong><\/p>\n<p>02002 CAPITAL FEDERAL N\u00ba 002<\/p>\n<p>02007 CAPITAL FEDERAL N\u00ba 007<\/p>\n<p>02016 CAPITAL FEDERAL N\u00ba 016<\/p>\n<p>02017 CAPITAL FEDERAL N\u00ba 017<\/p>\n<p>02019 CAPITAL FEDERAL N\u00ba 019<\/p>\n<p>02024 CAPITAL FEDERAL N\u00ba 024<\/p>\n<p>02028 CAPITAL FEDERAL N\u00ba 028<\/p>\n<p>02030 CAPITAL FEDERAL N\u00ba 030<\/p>\n<p>02035 CAPITAL FEDERAL N\u00ba 035<\/p>\n<p>02057 CAPITAL FEDERAL N\u00ba 057<\/p>\n<p>02081 CAPITAL FEDERAL N\u00ba 081<\/p>\n<p>02085 CAPITAL FEDERAL N\u00ba 085<\/p>\n<p>02092 CAPITAL FEDERAL N\u00ba 092<\/p>\n<p><strong>BUENOS AIRES<\/strong><\/p>\n<p>01143 BAHIA BLANCA N\u00ba 4<\/p>\n<p>01222 BAHIA BLANCA N\u00ba 6<\/p>\n<p>01312 BAHIA BLANCA N\u00ba 7<\/p>\n<p>01318 BERAZATEGUI N\u00ba 5<\/p>\n<p>01014 BRANDSEN<\/p>\n<p>01022 CORONEL SUAREZ<\/p>\n<p>01029 ESTEBAN ECHEVERRIA N\u00ba 1<\/p>\n<p>01223 EZEIZA N\u00ba 1<\/p>\n<p>01295 EZEIZA N\u00ba 2<\/p>\n<p>01039 GUAMINI<\/p>\n<p>01305 HURLINGHAM N\u00ba 3<\/p>\n<p>01303 ITUZAINGO N\u00ba 4<\/p>\n<p>01271 JOSE C. PAZ N\u00ba 2<\/p>\n<p>01316 JOSE C. PAZ N\u00ba 3<\/p>\n<p>01304 JUNIN N\u00ba 3<\/p>\n<p>01153 LA MATANZA N\u00ba 05<\/p>\n<p>01319 LA MATANZA N\u00ba 15<\/p>\n<p>01307 LANUS N\u00ba 10<\/p>\n<p>01135 LANUS N\u00ba 4<\/p>\n<p>01175 LANUS N\u00ba 5<\/p>\n<p>01233 LANUS N\u00ba 7<\/p>\n<p>01147 LOMAS DE ZAMORA N\u00ba 3<\/p>\n<p>01237 LOMAS DE ZAMORA N\u00ba 7<\/p>\n<p>01314 LUJAN N\u00ba 3<\/p>\n<p>01204 MALVINAS ARGENTINAS N\u00ba 2<\/p>\n<p>01121 MAR DEL PLATA N\u00ba 03<\/p>\n<p>01163 MAR DEL PLATA N\u00ba 05<\/p>\n<p>01060 MEDANOS<\/p>\n<p>01062 MERLO N\u00ba 1<\/p>\n<p>01218 MORON N\u00ba 04<\/p>\n<p>01162 OLAVARRIA N\u00ba 2<\/p>\n<p>01069 OLIVOS N\u00ba 01<\/p>\n<p>01297 PUNTA ALTA N\u00ba 2<\/p>\n<p>01118 QUILMES N\u00ba 2<\/p>\n<p>01145 QUILMES N\u00ba 4<\/p>\n<p>01252 QUILMES N\u00ba 5 (EX 9)<\/p>\n<p>01276 ROQUE PEREZ<\/p>\n<p>01083 SALTO<\/p>\n<p>01165 SAN FERNANDO N\u00ba 2<\/p>\n<p>01225 SAN MARTIN N\u00ba 7<\/p>\n<p>01300 SAN MARTIN N\u00ba 9<\/p>\n<p>01238 TIGRE N\u00ba 4<\/p>\n<p><strong>C\u00d3RDOBA<\/strong><\/p>\n<p>04086 CORDOBA N\u00ba 25<\/p>\n<p>04090 CORDOBA N\u00ba 26<\/p>\n<p>04013 GENERAL CABRERA<\/p>\n<p>04016 JESUS MARIA N\u00ba 1<\/p>\n<p>04024 OLIVA<\/p>\n<p>04025 POZO DEL MOLLE<\/p>\n<p>04087 RIO CUARTO N\u00ba 5<\/p>\n<p>04034 VILLA DE MARIA<\/p>\n<p>04032 VILLA DOLORES<\/p>\n<p>04057 VILLA MARIA N\u00ba 3<\/p>\n<p><strong>CATAMARCA<\/strong><\/p>\n<p>03006 CATAMARCA N\u00ba 3<\/p>\n<p>03008 CATAMARCA N\u00ba 4<\/p>\n<p>03007 RECREO<\/p>\n<p><strong>CORRIENTES<\/strong><\/p>\n<p>05016 CORRIENTES N\u00ba 5<\/p>\n<p>05008 ESQUINA<\/p>\n<p>05009 ITUZAINGO N\u00ba 1<\/p>\n<p>05015 SAN COSME<\/p>\n<p>05007 SANTO TOME<\/p>\n<p><strong>CHACO<\/strong><\/p>\n<p>06014 BARRANQUERAS<\/p>\n<p>06003 JUAN JOSE CASTELLI<\/p>\n<p>06007 RESISTENCIA N\u00ba 1<\/p>\n<p>06010 RESISTENCIA N\u00ba 2<\/p>\n<p>06015 RESISTENCIA N\u00ba 5<\/p>\n<p>06009 TRES ISLETAS<\/p>\n<p><strong>CHUBUT<\/strong><\/p>\n<p>07012 COMODORO RIVADAVIA N\u00b0 5<\/p>\n<p>07013 TRELEW N\u00ba 3<\/p>\n<p><strong>ENTRE R\u00edOS<\/strong><\/p>\n<p>08005 CHAJARI<\/p>\n<p>08030 COLON N\u00ba 2<\/p>\n<p>08003 CONCEPCION DEL URUGUAY N\u00ba 1<\/p>\n<p>08022 CONCEPCION DEL URUGUAY N\u00ba 2<\/p>\n<p>08023 CONCORDIA N\u00ba 3<\/p>\n<p>08026 GUALEGUAY N\u00ba 2<\/p>\n<p>08020 PARANA N\u00ba 2<\/p>\n<p>08029 PARANA N\u00ba 6<\/p>\n<p>08013 SAN JOSE DE FELICIANO<\/p>\n<p>08018 SAN SALVADOR<\/p>\n<p><strong>FORMOSA<\/strong><\/p>\n<p>09001 CLORINDA<\/p>\n<p>09006 FORMOSA N\u00ba 4<\/p>\n<p><strong>JUJUY<\/strong><\/p>\n<p>10001 LA QUIACA<\/p>\n<p>10005 LIB.GRAL.SAN MARTIN<\/p>\n<p>10002 SAN PEDRO DE JUJUY<\/p>\n<p>10008 SAN SALVADOR DE JUJUY N\u00ba 4<\/p>\n<p><strong>LA PAMPA<\/strong><\/p>\n<p>11002 GENERAL PICO N\u00ba 1<\/p>\n<p>11009 GENERAL PICO N\u00ba 2<\/p>\n<p>11011 GENERAL PICO N\u00ba 3<\/p>\n<p><strong>LA RIOJA<\/strong><\/p>\n<p>12001 CHAMICAL<\/p>\n<p>12003 LA RIOJA N\u00ba 1<\/p>\n<p>12004 LA RIOJA N\u00ba 2<\/p>\n<p><strong>MENDOZA<\/strong><\/p>\n<p>13022 GENERAL SAN MARTIN N\u00ba 3<\/p>\n<p><strong>MISIONES<\/strong><\/p>\n<p>14013 POSADAS N\u00ba 4<\/p>\n<p>14006 PUERTO RICO<\/p>\n<p>14005 SAN IGNACIO<\/p>\n<p>14012 SAN VICENTE<\/p>\n<p><strong>NEUQUEN<\/strong><\/p>\n<p>15015 NEUQUEN N\u00ba 6<\/p>\n<p>15014 VILLA LA ANGOSTURA<\/p>\n<p><strong>RIO NEGRO<\/strong><\/p>\n<p>16002 CHOELE CHOEL<\/p>\n<p>16013 CIPOLLETTI N\u00ba 2<\/p>\n<p>16018 CIPOLLETTI N\u00ba 3 (CATRIEL)<\/p>\n<p>16012 GENERAL ROCA N\u00ba 2<\/p>\n<p>16006 SAN ANTONIO OESTE<\/p>\n<p>16007 SAN CARLOS DE BARILOCHE N\u00ba 1<\/p>\n<p>16008 VIEDMA N\u00ba 1<\/p>\n<p>16015 VIEDMA N\u00ba 2<\/p>\n<p><strong>SALTA<\/strong><\/p>\n<p>17003 ORAN<\/p>\n<p>17011 SALTA N\u00ba 7<\/p>\n<p>17005 SAN MARTIN (TARTAGAL)<\/p>\n<p><strong>SAN JUAN<\/strong><\/p>\n<p>18007 SAN JUAN N\u00ba 7<\/p>\n<p>18008 SAN JUAN N\u00ba 8<\/p>\n<p><strong>SAN LUIS<\/strong><\/p>\n<p>19001 BUENA ESPERANZA<\/p>\n<p>19002 QUINES<\/p>\n<p>19009 SAN LUIS N\u00ba 4<\/p>\n<p><strong>SANTA CRUZ<\/strong><\/p>\n<p>20010 EL CALAFATE<\/p>\n<p>20002 RIO GALLEGOS N\u00ba 1<\/p>\n<p>20008 RIO GALLEGOS N\u00ba 2<\/p>\n<p>20006 RIO TURBIO<\/p>\n<p>20003 SAN JULIAN<\/p>\n<p><strong>SANTA FE<\/strong><\/p>\n<p>21039 ROSARIO N\u00ba 06<\/p>\n<p>21075 SAN LORENZO N\u00ba 4<\/p>\n<p>21047 SANTA FE N\u00ba 4<\/p>\n<p>21066 SANTA FE N\u00ba 6<\/p>\n<p>21034 SUNCHALES<\/p>\n<p><strong>SANTIAGO DEL ESTERO<\/strong><\/p>\n<p>22008 SANTIAGO DEL ESTERO N\u00ba 3<\/p>\n<p><strong>TUCUMAN<\/strong><\/p>\n<p>23002 TUCUMAN N\u00ba 1<\/p>\n<p>23013 TUCUMAN N\u00ba 10<\/p>\n<p>23003 TUCUMAN N\u00ba 2<\/p>\n<p>23007 TUCUMAN N\u00ba 6<\/p>\n<\/div>\n<div class=\"clear\"><\/div>\n<div class=\"parent-shareBox parent-shareBox-bottom\">\n<div class=\"big-shareBox shareBox share-box-dropdown to-down\"><\/div>\n<\/div>\n<div class=\"tip-us-email-container\">\n<div class=\"tip-us-email\">Fuente y foto: Nota publicada en motor1.com Argentina<\/div>\n<div><\/div>\n<\/div>\n<\/div>\n<\/div>\n<\/div>\n<\/div>\n","protected":false},"excerpt":{"rendered":"<p>AL MOMENTO, LA INTERVENCI\u00d3N ALCANZAR\u00c1 A LOS M\u00c1S IMPORTANTES. Quieren remover a los interventores. Al momento, el Registro del Automotor de Capilla del Se\u00f1or, no aparece entre los que ser\u00edan intervenidos.<\/p>\n","protected":false},"author":3,"featured_media":23943,"comment_status":"open","ping_status":"open","sticky":false,"template":"","format":"standard","meta":{"footnotes":"","jetpack_publicize_message":"","jetpack_publicize_feature_enabled":true,"jetpack_social_post_already_shared":true,"jetpack_social_options":{"image_generator_settings":{"template":"highway","default_image_id":0,"font":"","enabled":false},"version":2}},"categories":[17],"tags":[2597,2632,2631],"class_list":["post-23940","post","type-post","status-publish","format-standard","has-post-thumbnail","hentry","category-politica","tag-2597","tag-intervencionees","tag-registros-automotores"],"jetpack_publicize_connections":[],"jetpack_featured_media_url":"https:\/\/revistaepocadigital.com.ar\/wp-content\/uploads\/2024\/01\/registros-automotor-1.webp","jetpack_likes_enabled":true,"_links":{"self":[{"href":"https:\/\/revistaepocadigital.com.ar\/index.php?rest_route=\/wp\/v2\/posts\/23940","targetHints":{"allow":["GET"]}}],"collection":[{"href":"https:\/\/revistaepocadigital.com.ar\/index.php?rest_route=\/wp\/v2\/posts"}],"about":[{"href":"https:\/\/revistaepocadigital.com.ar\/index.php?rest_route=\/wp\/v2\/types\/post"}],"author":[{"embeddable":true,"href":"https:\/\/revistaepocadigital.com.ar\/index.php?rest_route=\/wp\/v2\/users\/3"}],"replies":[{"embeddable":true,"href":"https:\/\/revistaepocadigital.com.ar\/index.php?rest_route=%2Fwp%2Fv2%2Fcomments&post=23940"}],"version-history":[{"count":0,"href":"https:\/\/revistaepocadigital.com.ar\/index.php?rest_route=\/wp\/v2\/posts\/23940\/revisions"}],"wp:featuredmedia":[{"embeddable":true,"href":"https:\/\/revistaepocadigital.com.ar\/index.php?rest_route=\/wp\/v2\/media\/23943"}],"wp:attachment":[{"href":"https:\/\/revistaepocadigital.com.ar\/index.php?rest_route=%2Fwp%2Fv2%2Fmedia&parent=23940"}],"wp:term":[{"taxonomy":"category","embeddable":true,"href":"https:\/\/revistaepocadigital.com.ar\/index.php?rest_route=%2Fwp%2Fv2%2Fcategories&post=23940"},{"taxonomy":"post_tag","embeddable":true,"href":"https:\/\/revistaepocadigital.com.ar\/index.php?rest_route=%2Fwp%2Fv2%2Ftags&post=23940"}],"curies":[{"name":"wp","href":"https:\/\/api.w.org\/{rel}","templated":true}]}}