{"id":2395,"date":"2019-05-13T23:15:00","date_gmt":"2019-05-14T02:15:00","guid":{"rendered":"https:\/\/revistaepocadigital.com.ar\/?p=2395"},"modified":"2019-05-13T23:15:00","modified_gmt":"2019-05-14T02:15:00","slug":"vale-valerio-vale","status":"publish","type":"post","link":"https:\/\/revistaepocadigital.com.ar\/?p=2395","title":{"rendered":"Vale, Valerio, vale!"},"content":{"rendered":"<div>\n<div>\n<div class=\"_4tdt _ua0\">\n<div class=\"_ua2\">\n<div class=\"_4tdv\">\n<div class=\"_5wd4 _1nc6\">\n<div class=\"._1dlq _h8t\">\n<div id=\"js_im\" class=\"_5wd9 direction_ltr clearfix\" data-tooltip-content=\"17:52\" data-hover=\"tooltip\" data-tooltip-position=\"right\">\n<div class=\"_1e-x _n4o\">\n<div class=\"_3_bl\">\n<div class=\"_5w1r _3_om _5wdf\">\n<div class=\"_4gx_\">\n<div class=\"_1aa6\">\n<p><strong><strong><span class=\"_5yl5\">SI SE TRATA DE ACELERAR A FONDO, SIEMPRE EST\u00c1.<\/span><\/strong><\/strong><\/p>\n<p><!--more--><\/p>\n<\/div>\n<div><\/div>\n<div class=\"_1aa6\"><span class=\"_5yl5\">Supo coronarse campe\u00f3n argentino de Turismo Pista Clase 1, destacado en cuantas categor\u00edas zonales ha competido, a la que suma este a\u00f1o el competitivo Procar 4000 donde marcha 3\u00ba en el campeonato (la pr\u00f3xima, este fin de semana en el Aut\u00f3dromo Oscar y Juan G\u00e1lvez de Buenos Aires).<\/span><\/div>\n<div><\/div>\n<div class=\"_1aa6\"><span class=\"_5yl5\"><strong> Valerio Diamante<\/strong>, es uno de los destacados deportistas de Exaltaci\u00f3n de la Cruz, que se ha ganado un lugar en el mundo motor.<\/span><\/div>\n<\/div>\n<\/div>\n<\/div>\n<\/div>\n<\/div>\n<\/div>\n<div>\n<figure id=\"attachment_2405\" aria-describedby=\"caption-attachment-2405\" style=\"width: 892px\" class=\"wp-caption aligncenter\"><img loading=\"lazy\" decoding=\"async\" class=\"size-full wp-image-2405\" src=\"https:\/\/revistaepocadigital.com.ar\/wp-content\/uploads\/2019\/05\/didamanet.jpg\" alt=\"\" width=\"892\" height=\"591\" srcset=\"https:\/\/revistaepocadigital.com.ar\/wp-content\/uploads\/2019\/05\/didamanet.jpg 892w, https:\/\/revistaepocadigital.com.ar\/wp-content\/uploads\/2019\/05\/didamanet-300x199.jpg 300w, https:\/\/revistaepocadigital.com.ar\/wp-content\/uploads\/2019\/05\/didamanet-768x509.jpg 768w, https:\/\/revistaepocadigital.com.ar\/wp-content\/uploads\/2019\/05\/didamanet-696x461.jpg 696w, https:\/\/revistaepocadigital.com.ar\/wp-content\/uploads\/2019\/05\/didamanet-634x420.jpg 634w\" sizes=\"auto, (max-width: 892px) 100vw, 892px\" \/><figcaption id=\"caption-attachment-2405\" class=\"wp-caption-text\">En el escal\u00f3n m\u00e1s alto del podio, la dupla ganadora: Daytona-Diamante.<\/figcaption><\/figure>\n<\/div>\n<div class=\"._1dlq _h8t\">\n<div id=\"js_im\" class=\"_5wd9 direction_ltr clearfix\" data-tooltip-content=\"17:52\" data-hover=\"tooltip\" data-tooltip-position=\"right\">\n<div class=\"_1e-x _n4o\">\n<div class=\"_3_bl\">\n<div class=\"_5w1r _3_om _5wdf\">\n<div class=\"_4gx_\">\n<div class=\"_1aa6\">Su m\u00e1s reciente y <strong>triunfante<\/strong> actuaci\u00f3n, en la meti\u00f3 todo su empuje, tuvo lugar en el <strong>Aut\u00f3dromo Roberto Mouras en TC Regional Clase A<\/strong>, como invitado de Mariano Daynota, l\u00edder del certamen. La<strong> dupla gan\u00f3<\/strong> y subi\u00f3 a lo m\u00e1s alto del podio platense, luego de compartir un auto con tanta historia como &#8220;La Chupaleta&#8221; con el que muchos a\u00f1os atr\u00e1s, supieron coronarse campeones Oscar Fuxan y el desaparecido Gustavo Izaguirre, que verdaderamente actualizado y bajo la atenci\u00f3n del equipo<span class=\"_5yl5\"> T\u00e1rtara Competicion, sigue siendo un auto muy competitivo.<\/span><\/div>\n<\/div>\n<\/div>\n<\/div>\n<\/div>\n<\/div>\n<\/div>\n<\/div>\n<\/div>\n<\/div>\n<\/div>\n<\/div>\n<\/div>\n","protected":false},"excerpt":{"rendered":"<p>SI SE TRATA DE ACELERAR A FONDO, SIEMPRE EST\u00c1.<\/p>\n","protected":false},"author":4,"featured_media":2404,"comment_status":"open","ping_status":"open","sticky":false,"template":"","format":"standard","meta":{"footnotes":"","jetpack_publicize_message":"","jetpack_publicize_feature_enabled":true,"jetpack_social_post_already_shared":false,"jetpack_social_options":{"image_generator_settings":{"template":"highway","default_image_id":0,"font":"","enabled":false},"version":2}},"categories":[9],"tags":[37,333,334,77],"class_list":["post-2395","post","type-post","status-publish","format-standard","has-post-thumbnail","hentry","category-deportes","tag-destacada","tag-diamante","tag-tc-regional","tag-valerio-diamante"],"jetpack_publicize_connections":[],"jetpack_featured_media_url":"https:\/\/revistaepocadigital.com.ar\/wp-content\/uploads\/2019\/05\/diaman.jpg","jetpack_likes_enabled":true,"_links":{"self":[{"href":"https:\/\/revistaepocadigital.com.ar\/index.php?rest_route=\/wp\/v2\/posts\/2395","targetHints":{"allow":["GET"]}}],"collection":[{"href":"https:\/\/revistaepocadigital.com.ar\/index.php?rest_route=\/wp\/v2\/posts"}],"about":[{"href":"https:\/\/revistaepocadigital.com.ar\/index.php?rest_route=\/wp\/v2\/types\/post"}],"author":[{"embeddable":true,"href":"https:\/\/revistaepocadigital.com.ar\/index.php?rest_route=\/wp\/v2\/users\/4"}],"replies":[{"embeddable":true,"href":"https:\/\/revistaepocadigital.com.ar\/index.php?rest_route=%2Fwp%2Fv2%2Fcomments&post=2395"}],"version-history":[{"count":0,"href":"https:\/\/revistaepocadigital.com.ar\/index.php?rest_route=\/wp\/v2\/posts\/2395\/revisions"}],"wp:featuredmedia":[{"embeddable":true,"href":"https:\/\/revistaepocadigital.com.ar\/index.php?rest_route=\/wp\/v2\/media\/2404"}],"wp:attachment":[{"href":"https:\/\/revistaepocadigital.com.ar\/index.php?rest_route=%2Fwp%2Fv2%2Fmedia&parent=2395"}],"wp:term":[{"taxonomy":"category","embeddable":true,"href":"https:\/\/revistaepocadigital.com.ar\/index.php?rest_route=%2Fwp%2Fv2%2Fcategories&post=2395"},{"taxonomy":"post_tag","embeddable":true,"href":"https:\/\/revistaepocadigital.com.ar\/index.php?rest_route=%2Fwp%2Fv2%2Ftags&post=2395"}],"curies":[{"name":"wp","href":"https:\/\/api.w.org\/{rel}","templated":true}]}}