{"id":23954,"date":"2024-01-29T01:11:01","date_gmt":"2024-01-29T04:11:01","guid":{"rendered":"https:\/\/revistaepocadigital.com.ar\/?p=23954"},"modified":"2024-02-01T09:25:33","modified_gmt":"2024-02-01T12:25:33","slug":"como-es-eso-de-los-espacios-vacios","status":"publish","type":"post","link":"https:\/\/revistaepocadigital.com.ar\/?p=23954","title":{"rendered":"\u00bfC\u00d3MO ES ESO DE LOS ESPACIOS VAC\u00cdOS?"},"content":{"rendered":"<p><strong>NOEM\u00cd SAAVEDRA Y JORGE GASTEARENA. DOS QUERIDOS VECINOS CAPILLENSES<\/strong><br \/>\n<!--more--><\/p>\n<p>Siempre bien predispuesto, trabajador y apasionado por la m\u00fasica desde el bombo folcl\u00f3rico que hac\u00eda sonar.<\/p>\n<p>Enfermera de ley, am\u00f3 a la profesi\u00f3n desde sus inicios. En el Hospital San Jos\u00e9, supo ganarse el reconocimiento general por su capacidad, conocimientos, temple y experiencia.<\/p>\n<p>&nbsp;<\/p>\n<p>Jorge Gastearena y Noem\u00ed Saavedra<\/p>\n<p>Los pasos que dieron en sus respectivas vidas, acaso sin conocerse, hizo que no caigan en el olvido. Han fallecido, se los recordar\u00e1 siempre con profundo sentir.<\/p>\n<p>&nbsp;<\/p>\n<p><img loading=\"lazy\" decoding=\"async\" class=\"aligncenter size-full wp-image-23957\" src=\"https:\/\/revistaepocadigital.com.ar\/wp-content\/uploads\/2024\/01\/gastea.jpg\" alt=\"\" width=\"266\" height=\"421\" srcset=\"https:\/\/revistaepocadigital.com.ar\/wp-content\/uploads\/2024\/01\/gastea.jpg 266w, https:\/\/revistaepocadigital.com.ar\/wp-content\/uploads\/2024\/01\/gastea-190x300.jpg 190w\" sizes=\"auto, (max-width: 266px) 100vw, 266px\" \/><\/p>\n<p><img loading=\"lazy\" decoding=\"async\" class=\"aligncenter size-full wp-image-23958\" src=\"https:\/\/revistaepocadigital.com.ar\/wp-content\/uploads\/2024\/01\/gas.jpg\" alt=\"\" width=\"396\" height=\"431\" srcset=\"https:\/\/revistaepocadigital.com.ar\/wp-content\/uploads\/2024\/01\/gas.jpg 396w, https:\/\/revistaepocadigital.com.ar\/wp-content\/uploads\/2024\/01\/gas-276x300.jpg 276w, https:\/\/revistaepocadigital.com.ar\/wp-content\/uploads\/2024\/01\/gas-386x420.jpg 386w\" sizes=\"auto, (max-width: 396px) 100vw, 396px\" \/><\/p>\n<p><img loading=\"lazy\" decoding=\"async\" class=\"aligncenter size-full wp-image-23955\" src=\"https:\/\/revistaepocadigital.com.ar\/wp-content\/uploads\/2024\/01\/saa-noemi.jpg\" alt=\"\" width=\"336\" height=\"405\" srcset=\"https:\/\/revistaepocadigital.com.ar\/wp-content\/uploads\/2024\/01\/saa-noemi.jpg 336w, https:\/\/revistaepocadigital.com.ar\/wp-content\/uploads\/2024\/01\/saa-noemi-249x300.jpg 249w\" sizes=\"auto, (max-width: 336px) 100vw, 336px\" \/><\/p>\n<p><img loading=\"lazy\" decoding=\"async\" class=\"aligncenter size-medium wp-image-23956\" src=\"https:\/\/revistaepocadigital.com.ar\/wp-content\/uploads\/2024\/01\/saa-noem-hospi-234x300.jpg\" alt=\"\" width=\"234\" height=\"300\" srcset=\"https:\/\/revistaepocadigital.com.ar\/wp-content\/uploads\/2024\/01\/saa-noem-hospi-234x300.jpg 234w, https:\/\/revistaepocadigital.com.ar\/wp-content\/uploads\/2024\/01\/saa-noem-hospi-768x987.jpg 768w, https:\/\/revistaepocadigital.com.ar\/wp-content\/uploads\/2024\/01\/saa-noem-hospi-696x894.jpg 696w, https:\/\/revistaepocadigital.com.ar\/wp-content\/uploads\/2024\/01\/saa-noem-hospi-327x420.jpg 327w, https:\/\/revistaepocadigital.com.ar\/wp-content\/uploads\/2024\/01\/saa-noem-hospi-654x840.jpg 654w, https:\/\/revistaepocadigital.com.ar\/wp-content\/uploads\/2024\/01\/saa-noem-hospi.jpg 843w\" sizes=\"auto, (max-width: 234px) 100vw, 234px\" \/><\/p>\n","protected":false},"excerpt":{"rendered":"<p>NOEM\u00cd SAAVEDRA Y JORGE GASTEARENA. DOS QUERIDOS VECINOS CAPILLENSES<\/p>\n","protected":false},"author":4,"featured_media":23961,"comment_status":"open","ping_status":"open","sticky":false,"template":"","format":"standard","meta":{"footnotes":"","jetpack_publicize_message":"","jetpack_publicize_feature_enabled":true,"jetpack_social_post_already_shared":true,"jetpack_social_options":{"image_generator_settings":{"template":"highway","default_image_id":0,"font":"","enabled":false},"version":2}},"categories":[14],"tags":[2091],"class_list":["post-23954","post","type-post","status-publish","format-standard","has-post-thumbnail","hentry","category-la-gente","tag-fallecimientos"],"jetpack_publicize_connections":[],"jetpack_featured_media_url":"https:\/\/revistaepocadigital.com.ar\/wp-content\/uploads\/2024\/01\/images-1.jpg","jetpack_likes_enabled":true,"_links":{"self":[{"href":"https:\/\/revistaepocadigital.com.ar\/index.php?rest_route=\/wp\/v2\/posts\/23954","targetHints":{"allow":["GET"]}}],"collection":[{"href":"https:\/\/revistaepocadigital.com.ar\/index.php?rest_route=\/wp\/v2\/posts"}],"about":[{"href":"https:\/\/revistaepocadigital.com.ar\/index.php?rest_route=\/wp\/v2\/types\/post"}],"author":[{"embeddable":true,"href":"https:\/\/revistaepocadigital.com.ar\/index.php?rest_route=\/wp\/v2\/users\/4"}],"replies":[{"embeddable":true,"href":"https:\/\/revistaepocadigital.com.ar\/index.php?rest_route=%2Fwp%2Fv2%2Fcomments&post=23954"}],"version-history":[{"count":0,"href":"https:\/\/revistaepocadigital.com.ar\/index.php?rest_route=\/wp\/v2\/posts\/23954\/revisions"}],"wp:featuredmedia":[{"embeddable":true,"href":"https:\/\/revistaepocadigital.com.ar\/index.php?rest_route=\/wp\/v2\/media\/23961"}],"wp:attachment":[{"href":"https:\/\/revistaepocadigital.com.ar\/index.php?rest_route=%2Fwp%2Fv2%2Fmedia&parent=23954"}],"wp:term":[{"taxonomy":"category","embeddable":true,"href":"https:\/\/revistaepocadigital.com.ar\/index.php?rest_route=%2Fwp%2Fv2%2Fcategories&post=23954"},{"taxonomy":"post_tag","embeddable":true,"href":"https:\/\/revistaepocadigital.com.ar\/index.php?rest_route=%2Fwp%2Fv2%2Ftags&post=23954"}],"curies":[{"name":"wp","href":"https:\/\/api.w.org\/{rel}","templated":true}]}}