{"id":23971,"date":"2024-02-03T09:23:59","date_gmt":"2024-02-03T12:23:59","guid":{"rendered":"https:\/\/revistaepocadigital.com.ar\/?p=23971"},"modified":"2024-03-04T17:37:54","modified_gmt":"2024-03-04T20:37:54","slug":"campana-escolar-del-sindicato-empleados-de-comercio-zarate-ya-comenzo","status":"publish","type":"post","link":"https:\/\/revistaepocadigital.com.ar\/?p=23971","title":{"rendered":"EL SINDICATO EMPLEADOS DE COMERCIO Z\u00c1RATE AGASAJA A LAS MUJERES EN SU D\u00cdA"},"content":{"rendered":"<p>&nbsp;<\/p>\n<p>Con la participaci\u00f3n especial de la coach Ver\u00f3nica Santana.<\/p>\n<p><strong>VIERNES 8 DE MARZO A LAS 20.30<\/strong><br \/>\n<!--more--><\/p>\n<p>&nbsp;<\/p>\n<p><img loading=\"lazy\" decoding=\"async\" class=\"aligncenter size-full wp-image-24288\" src=\"https:\/\/revistaepocadigital.com.ar\/wp-content\/uploads\/2024\/02\/muj.jpg\" alt=\"\" width=\"864\" height=\"864\" srcset=\"https:\/\/revistaepocadigital.com.ar\/wp-content\/uploads\/2024\/02\/muj.jpg 864w, https:\/\/revistaepocadigital.com.ar\/wp-content\/uploads\/2024\/02\/muj-300x300.jpg 300w, https:\/\/revistaepocadigital.com.ar\/wp-content\/uploads\/2024\/02\/muj-150x150.jpg 150w, https:\/\/revistaepocadigital.com.ar\/wp-content\/uploads\/2024\/02\/muj-768x768.jpg 768w, https:\/\/revistaepocadigital.com.ar\/wp-content\/uploads\/2024\/02\/muj-696x696.jpg 696w, https:\/\/revistaepocadigital.com.ar\/wp-content\/uploads\/2024\/02\/muj-420x420.jpg 420w, https:\/\/revistaepocadigital.com.ar\/wp-content\/uploads\/2024\/02\/muj-840x840.jpg 840w\" sizes=\"auto, (max-width: 864px) 100vw, 864px\" \/><\/p>\n<p>&nbsp;<\/p>\n<p style=\"text-align: center;\">&#8212;&#8212;&#8212;&#8212;&#8212;&#8212;&#8212;&#8212;&#8212;&#8212;&#8212;&#8212;&#8212;&#8212;&#8212;&#8212;&#8212;&#8212;&#8212;&#8211;<\/p>\n<p><strong>nota anterior<\/strong><\/p>\n<p>&nbsp;<\/p>\n<p>CONTIN\u00daA. LA CAMPA\u00d1A ESCOLAR DEL SINDICATO EMPLEADOS DE COMERCIO Z\u00c1RATE<\/p>\n<p><strong>LAS VACACIONES PASARON MUY R\u00c1PIDO. LAS CLASES COMIENZAN Y HAY QUE PREPARARSE. DESDE EL SINDICATO EMPLEADOS DE COMERCIO, FILIAL Z\u00c1RATE, SE OCUPARON.<\/strong><!--more--><\/p>\n<p><img loading=\"lazy\" decoding=\"async\" class=\"aligncenter size-medium wp-image-24094\" src=\"https:\/\/revistaepocadigital.com.ar\/wp-content\/uploads\/2024\/02\/sindi24-1-300x300.jpg\" alt=\"\" width=\"300\" height=\"300\" srcset=\"https:\/\/revistaepocadigital.com.ar\/wp-content\/uploads\/2024\/02\/sindi24-1-300x300.jpg 300w, https:\/\/revistaepocadigital.com.ar\/wp-content\/uploads\/2024\/02\/sindi24-1-150x150.jpg 150w, https:\/\/revistaepocadigital.com.ar\/wp-content\/uploads\/2024\/02\/sindi24-1-768x768.jpg 768w, https:\/\/revistaepocadigital.com.ar\/wp-content\/uploads\/2024\/02\/sindi24-1-696x696.jpg 696w, https:\/\/revistaepocadigital.com.ar\/wp-content\/uploads\/2024\/02\/sindi24-1-420x420.jpg 420w, https:\/\/revistaepocadigital.com.ar\/wp-content\/uploads\/2024\/02\/sindi24-1-840x840.jpg 840w, https:\/\/revistaepocadigital.com.ar\/wp-content\/uploads\/2024\/02\/sindi24-1.jpg 864w\" sizes=\"auto, (max-width: 300px) 100vw, 300px\" \/><\/p>\n<p>&nbsp;<\/p>\n<p><img loading=\"lazy\" decoding=\"async\" class=\"aligncenter size-full wp-image-23972\" src=\"https:\/\/revistaepocadigital.com.ar\/wp-content\/uploads\/2024\/02\/sinnnnnnnnnn.jpeg\" alt=\"\" width=\"1080\" height=\"1080\" srcset=\"https:\/\/revistaepocadigital.com.ar\/wp-content\/uploads\/2024\/02\/sinnnnnnnnnn.jpeg 1080w, https:\/\/revistaepocadigital.com.ar\/wp-content\/uploads\/2024\/02\/sinnnnnnnnnn-300x300.jpeg 300w, https:\/\/revistaepocadigital.com.ar\/wp-content\/uploads\/2024\/02\/sinnnnnnnnnn-150x150.jpeg 150w, https:\/\/revistaepocadigital.com.ar\/wp-content\/uploads\/2024\/02\/sinnnnnnnnnn-768x768.jpeg 768w, https:\/\/revistaepocadigital.com.ar\/wp-content\/uploads\/2024\/02\/sinnnnnnnnnn-696x696.jpeg 696w, https:\/\/revistaepocadigital.com.ar\/wp-content\/uploads\/2024\/02\/sinnnnnnnnnn-1068x1068.jpeg 1068w, https:\/\/revistaepocadigital.com.ar\/wp-content\/uploads\/2024\/02\/sinnnnnnnnnn-420x420.jpeg 420w, https:\/\/revistaepocadigital.com.ar\/wp-content\/uploads\/2024\/02\/sinnnnnnnnnn-840x840.jpeg 840w\" sizes=\"auto, (max-width: 1080px) 100vw, 1080px\" \/><\/p>\n","protected":false},"excerpt":{"rendered":"<p>&nbsp; Con la participaci\u00f3n especial de la coach Ver\u00f3nica Santana. VIERNES 8 DE MARZO A LAS 20.30<\/p>\n","protected":false},"author":3,"featured_media":24288,"comment_status":"open","ping_status":"open","sticky":false,"template":"","format":"standard","meta":{"footnotes":"","jetpack_publicize_message":"","jetpack_publicize_feature_enabled":true,"jetpack_social_post_already_shared":true,"jetpack_social_options":{"image_generator_settings":{"template":"highway","default_image_id":0,"font":"","enabled":false},"version":2}},"categories":[12],"tags":[2633,37,695],"class_list":["post-23971","post","type-post","status-publish","format-standard","has-post-thumbnail","hentry","category-espectaculos","tag-calendario-escolar","tag-destacada","tag-sindicato-comercio"],"jetpack_publicize_connections":[],"jetpack_featured_media_url":"https:\/\/revistaepocadigital.com.ar\/wp-content\/uploads\/2024\/02\/muj.jpg","jetpack_likes_enabled":true,"_links":{"self":[{"href":"https:\/\/revistaepocadigital.com.ar\/index.php?rest_route=\/wp\/v2\/posts\/23971","targetHints":{"allow":["GET"]}}],"collection":[{"href":"https:\/\/revistaepocadigital.com.ar\/index.php?rest_route=\/wp\/v2\/posts"}],"about":[{"href":"https:\/\/revistaepocadigital.com.ar\/index.php?rest_route=\/wp\/v2\/types\/post"}],"author":[{"embeddable":true,"href":"https:\/\/revistaepocadigital.com.ar\/index.php?rest_route=\/wp\/v2\/users\/3"}],"replies":[{"embeddable":true,"href":"https:\/\/revistaepocadigital.com.ar\/index.php?rest_route=%2Fwp%2Fv2%2Fcomments&post=23971"}],"version-history":[{"count":0,"href":"https:\/\/revistaepocadigital.com.ar\/index.php?rest_route=\/wp\/v2\/posts\/23971\/revisions"}],"wp:featuredmedia":[{"embeddable":true,"href":"https:\/\/revistaepocadigital.com.ar\/index.php?rest_route=\/wp\/v2\/media\/24288"}],"wp:attachment":[{"href":"https:\/\/revistaepocadigital.com.ar\/index.php?rest_route=%2Fwp%2Fv2%2Fmedia&parent=23971"}],"wp:term":[{"taxonomy":"category","embeddable":true,"href":"https:\/\/revistaepocadigital.com.ar\/index.php?rest_route=%2Fwp%2Fv2%2Fcategories&post=23971"},{"taxonomy":"post_tag","embeddable":true,"href":"https:\/\/revistaepocadigital.com.ar\/index.php?rest_route=%2Fwp%2Fv2%2Ftags&post=23971"}],"curies":[{"name":"wp","href":"https:\/\/api.w.org\/{rel}","templated":true}]}}