{"id":24004,"date":"2024-02-07T11:25:32","date_gmt":"2024-02-07T14:25:32","guid":{"rendered":"https:\/\/revistaepocadigital.com.ar\/?p=24004"},"modified":"2024-02-07T11:25:32","modified_gmt":"2024-02-07T14:25:32","slug":"nuevo-libro-epopeyas-de-tres-amigos-vikingos","status":"publish","type":"post","link":"https:\/\/revistaepocadigital.com.ar\/?p=24004","title":{"rendered":"Nuevo libro. Epopeyas de tres amigos vikingos"},"content":{"rendered":"<p><strong>Una combinaci\u00f3n \u00fanica de pasajes llenos de acci\u00f3n y momentos de profunda reflexi\u00f3n. El libro de la capillense Lorena Veliz.<\/strong><!--more--><\/p>\n<p>Se trata del nuevo libro escrito por Lorena Veliz, residente en Capilla del Se\u00f1or. A trav\u00e9s de sus p\u00e1ginas, invita a explorar los l\u00edmites de la amistad, el coraje y la superaci\u00f3n personal, aspectos tan puestos en juego en la sociedad vertiginosa y conflictuada que transitan millones de personas, en la Argentina y el mundo.<\/p>\n<p>A trav\u00e9 de su experiencia como docente psic\u00f3loga social, estimuladora temprana, coach ontol\u00f3gico profesional y consultora psicol\u00f3gica, la autora brinda una perspectiva enriquecedora sobre los aspectos emocionales y perceptuales, que influyen en nuestras vidas.<\/p>\n<figure id=\"attachment_24017\" aria-describedby=\"caption-attachment-24017\" style=\"width: 270px\" class=\"wp-caption aligncenter\"><img loading=\"lazy\" decoding=\"async\" class=\"size-full wp-image-24017\" src=\"https:\/\/revistaepocadigital.com.ar\/wp-content\/uploads\/2024\/02\/vel-libr-firma.jpg\" alt=\"\" width=\"270\" height=\"360\" srcset=\"https:\/\/revistaepocadigital.com.ar\/wp-content\/uploads\/2024\/02\/vel-libr-firma.jpg 270w, https:\/\/revistaepocadigital.com.ar\/wp-content\/uploads\/2024\/02\/vel-libr-firma-225x300.jpg 225w\" sizes=\"auto, (max-width: 270px) 100vw, 270px\" \/><figcaption id=\"caption-attachment-24017\" class=\"wp-caption-text\">La tradicional firma de ejemplares por parte de la autora.<\/figcaption><\/figure>\n<p>Veliz de vasta experiencia, con 22 a\u00f1os en la docencia, habi\u00e9ndose a su vez desde el a\u00f1o anterior como docente a la Escuela n\u00b0 de La Lata en nuestro distrito exaltacrucense, es acompa\u00f1ante terap\u00e9utico, desempe\u00f1\u00e1ndose entre 2019 y 2022, en la obra social prepaga Ofdecamara. Durante 2023, tambi\u00e9n trabaj\u00f3 como coaching con vecinos de Capilla del Se\u00f1or, y desde el reci\u00e9n comenzado 2024 comenta, <em>&#8220;me estuve desarrollando como consultora psicol\u00f3gica en forma only para personas adultas que residen en el exterior, dado que cuento con el t\u00edtulo de experta universitaria en consultor\u00eda psicol\u00f3gica dictado por la UTN, donde este a\u00f1o ingreso a segundo a\u00f1o de counselling en estudios superiores. Y como estimuladora temprana estoy trabajando actualmente los d\u00edas s\u00e1bados en el Centro Neuraliv de la ciudad de Mu\u00f1iz en el Gran Buenos Aires&#8221;.<\/em><\/p>\n<p>-\u00bfCual ha sido el objetivo al escribir este libro?<br \/>\n&#8211;<em>A ver, el objetivo del libro es poder difundir y compartir informaci\u00f3n, ideas y experiencias que he adquirido a trav\u00e9s del transcurrir del tiempo, tanto para aquellos que ya tienen cierto nivel de conocimientos en distintas \u00e1reas, como para ni\u00f1os que est\u00e1n comenzando a apreciar la literatura y les interesa aprender m\u00e1s. Por otro lado, con mi libro como nexo con los lectores y la gente en general, me gustar\u00eda inspirar al lector a explorar y descubrir nuevas perspectivas. A expandir sus horizontes y a continuar los procesos de aprendizajes y crecimiento. Del mismo modo, pretendo motivar a la comunidad a involucrarse en la adquisici\u00f3n de nuevos conocimientos, y a compartir sus propias experiencias y conocimientos con quienes los rodean y m\u00e1s en la vida cotidiana.<\/em><br \/>\n<em>En resumen, el libro es mi forma de contribuir a la comunidad, de compartir lo que he aprendido y de fomentar un ambiente de aprendizaje mutuo. Espero, deseo, que se convierta en una herramienta \u00fatil e inspire a otros a no detenerse en la b\u00fasqueda de m\u00e1s conocimientos y una vez alcanzados, compartirlo con el resto.<\/em><\/p>\n<p style=\"text-align: center;\"><span style=\"color: #ff6600;\"><strong>&#8212;&#8212;&#8212;&#8212;&#8212;&#8212;&#8212;&#8212;&#8212;&#8212;&#8212;&#8212;&#8212;&#8212;&#8212;&#8212;&#8212;&#8212;&#8212;&#8212;&#8212;&#8212;<\/strong><\/span><\/p>\n<h5>Epopeyas de tres amigos vikingos<\/h5>\n<p>Est\u00e1 vinculado a la amistad de tres ni\u00f1os que van creciendo juntos en un sin fin de aventuras. para las cuales necesitan del valor, el ingenio y la perseverancia para resolverlos. Muestra c\u00f3mo incluso en las situaciones m\u00e1s dif\u00edciles, una actitud positiva y el apoyo mutuo pueden llevar a grandes logros y a superar cualquier adversidad. A medida que avanzan en sus aventuras, los tres amigos se dan cuenta de que, aunque son valientes y fuertes, tambi\u00e9n necesitan usar su inteligencia, reflexi\u00f3n y astucia para superar los obst\u00e1culos que se les presentan. Durante el desarrollo de la historia, los personajes se enfrentan a desaf\u00edos cada vez m\u00e1s grandes y peligrosos. Sin embargo, tambi\u00e9n descubren nuevos amigos, aprenden lecciones de vida importantes y experimentan momentos mezclados entre el repliegue interno que los lleva a la reflexi\u00f3n, la perseverancia y la reflexi\u00f3n.<\/p>\n<p>El libro puede ser adquirido en formato papel o formato ePub dado que por propio de los e-BOOKS, fue dise\u00f1ado para visualizarse de manera \u00f3ptima en los distintos dispositivos m\u00f3viles (tablets, smartphones, computadoras, entre otros).<br \/>\nAdem\u00e1s. se puede visualizar descargando algunos de los siguientes software:<\/p>\n<p>POCKETBOOK (ANDROID \/ iOS)<br \/>\nAMAZON KINDLE PREVIEWER (PC \/ MAC)<br \/>\niBOOKS (iMAC \/ iPHONE \/ iPAD \/ MACBOOK)<br \/>\nAmazon:<\/p>\n<p><iframe loading=\"lazy\" title=\"Epopeyas de tres amigos vikingos (Spanish Edition)\" type=\"text\/html\" width=\"696\" height=\"550\" frameborder=\"0\" allowfullscreen style=\"max-width:100%\" src=\"https:\/\/read.amazon.com\/kp\/card?preview=inline&#038;linkCode=kpd&#038;ref_=k4w_oembed_pKKnOiTox0htYz&#038;asin=B0CR1M96M2&#038;tag=kpembed-20\"><\/iframe><\/p>\n<p>Apple Books: https:\/\/books.apple.com\/us\/book\/epopeyas-de-tres-amigos-vikingos\/id6475050708<\/p>\n<p>Google Play: https:\/\/play.google.com\/store\/books\/details?id=BGTrEAAAQBAJ&amp;gl=ar<\/p>\n<p>En formato papel pod\u00e9s adquirirlo en:<br \/>\n&#8211; TRINIDAD, Moreno 414 Capilla del Se\u00f1or, frente a la Plaza San Mart\u00edn.<\/p>\n<ul>\n<li>Malabia 1270, Palermo (CABA).<br \/>\n\ud83d\udcde 011-4858-1234 \/ Lunes a viernes de 8 a 17 h.<br \/>\n\ud83d\udcf1+549-11-2259-0008<br \/>\n\ud83c\udf10 www.autoresdeargentina.com<\/li>\n<\/ul>\n<p style=\"text-align: center;\"><span style=\"color: #ff6600;\"><strong>&#8212;&#8212;&#8212;&#8212;&#8212;&#8212;&#8212;&#8212;&#8212;&#8212;&#8212;&#8212;&#8212;&#8212;&#8212;&#8212;&#8212;&#8212;&#8212;&#8212;&#8212;&#8212;<\/strong><\/span><\/p>\n<p>&nbsp;<\/p>\n<p>-\u00bfY su percepci\u00f3n acerca de lo transmitido por &#8220;Epopeyas de tres amigos vikingos&#8221;?, pregunta EPOCA a la autora en la continuidad del di\u00e1logo.<br \/>\n<em>-Bien, apunta a transmitir la importancia de conocer emociones b\u00e1sicas para conocerse a uno mismo, y c\u00f3mo eso puede ayudarnos a alcanzar nuestros objetivos y desarrollar todo nuestro potencial. En el transcurso de los distintos episodios, son brindadas herramientas para mejorar nuestra autoestima, manejar el estr\u00e9s y desarrollar habilidades de resiliencia<\/em>.<\/p>\n<p>&nbsp;<\/p>\n<p>&nbsp;<\/p>\n<figure id=\"attachment_24018\" aria-describedby=\"caption-attachment-24018\" style=\"width: 302px\" class=\"wp-caption alignleft\"><img loading=\"lazy\" decoding=\"async\" class=\"size-full wp-image-24018\" src=\"https:\/\/revistaepocadigital.com.ar\/wp-content\/uploads\/2024\/02\/vel-libro-micro.jpg\" alt=\"\" width=\"302\" height=\"295\" srcset=\"https:\/\/revistaepocadigital.com.ar\/wp-content\/uploads\/2024\/02\/vel-libro-micro.jpg 302w, https:\/\/revistaepocadigital.com.ar\/wp-content\/uploads\/2024\/02\/vel-libro-micro-300x293.jpg 300w\" sizes=\"auto, (max-width: 302px) 100vw, 302px\" \/><figcaption id=\"caption-attachment-24018\" class=\"wp-caption-text\">Sobre su libro habla Lorena Veliz en la presentaci\u00f3n.<\/figcaption><\/figure>\n<p>-\u00bfCon que otros aspectos adem\u00e1s, se encuentran los lectores cuando leen el libro?<br \/>\n<em>-En la historia se entrama el coaching ontol\u00f3gico, destacando la importancia de establecer metas claras y realistas, y c\u00f3mo el enfoque y la determinaci\u00f3n pueden ayudarnos a superar obst\u00e1culos y alcanzar el \u00e9xito. Adem\u00e1s, se exploran formas de cultivar y mantener relaciones saludables, tanto en el \u00e1mbito personal como profesional reconociendo las fortalezas de cada individualidad del grupo\u00a0 como nos aporta la psicolog\u00eda social.<\/em><br \/>\n<em>Y ofrece m\u00faltiples disparadores como son la amistad, trabajo en equipo, superaci\u00f3n personal, resiliencia, g\u00e9nero y otros que pueden servir a la hora de ser desglosados, mediante la lectura en especial en las aulas de las escuelas.<\/em><br \/>\n<em>Y otro apunte, el libro ofrece una gu\u00eda pr\u00e1ctica para aquellos interesados en desarrollar su potencial personal y profesional, fomentar la colaboraci\u00f3n y el trabajo en equipo, y mejorar la inteligencia emocional. Es una invitaci\u00f3n a reflexionar sobre nuestras acciones y decisiones, y a buscar nuestro propio camino hacia la felicidad y el \u00e9xit<\/em>o.<\/p>\n<p>-\u00bfA que rango de edades puede decirse, abarca la lectura del libro?<br \/>\n<em>-Bueno, si hablamos de este aspecto vinculado al rango de edades posibles para su lectura, podr\u00eda decir que apunta a chicos y grandes, aunque las ilustraciones y vocabulario pueden ser mas llamativas para los ni\u00f1os entre los 8 y 11 a\u00f1os de eda<\/em>d.<\/p>\n<p>&nbsp;<\/p>\n<p>Los tres amigos vikingos tienen lo suyo para transmitir.<\/p>\n<p>&nbsp;<\/p>\n","protected":false},"excerpt":{"rendered":"<p>Una combinaci\u00f3n \u00fanica de pasajes llenos de acci\u00f3n y momentos de profunda reflexi\u00f3n. El libro de la capillense Lorena Veliz.<\/p>\n","protected":false},"author":4,"featured_media":24016,"comment_status":"open","ping_status":"open","sticky":false,"template":"","format":"standard","meta":{"footnotes":"","jetpack_publicize_message":"","jetpack_publicize_feature_enabled":true,"jetpack_social_post_already_shared":true,"jetpack_social_options":{"image_generator_settings":{"template":"highway","default_image_id":0,"font":"","enabled":false},"version":2}},"categories":[11],"tags":[],"class_list":["post-24004","post","type-post","status-publish","format-standard","has-post-thumbnail","hentry","category-entidades"],"jetpack_publicize_connections":[],"jetpack_featured_media_url":"https:\/\/revistaepocadigital.com.ar\/wp-content\/uploads\/2024\/02\/vel-lib-1.jpg","jetpack_likes_enabled":true,"_links":{"self":[{"href":"https:\/\/revistaepocadigital.com.ar\/index.php?rest_route=\/wp\/v2\/posts\/24004","targetHints":{"allow":["GET"]}}],"collection":[{"href":"https:\/\/revistaepocadigital.com.ar\/index.php?rest_route=\/wp\/v2\/posts"}],"about":[{"href":"https:\/\/revistaepocadigital.com.ar\/index.php?rest_route=\/wp\/v2\/types\/post"}],"author":[{"embeddable":true,"href":"https:\/\/revistaepocadigital.com.ar\/index.php?rest_route=\/wp\/v2\/users\/4"}],"replies":[{"embeddable":true,"href":"https:\/\/revistaepocadigital.com.ar\/index.php?rest_route=%2Fwp%2Fv2%2Fcomments&post=24004"}],"version-history":[{"count":0,"href":"https:\/\/revistaepocadigital.com.ar\/index.php?rest_route=\/wp\/v2\/posts\/24004\/revisions"}],"wp:featuredmedia":[{"embeddable":true,"href":"https:\/\/revistaepocadigital.com.ar\/index.php?rest_route=\/wp\/v2\/media\/24016"}],"wp:attachment":[{"href":"https:\/\/revistaepocadigital.com.ar\/index.php?rest_route=%2Fwp%2Fv2%2Fmedia&parent=24004"}],"wp:term":[{"taxonomy":"category","embeddable":true,"href":"https:\/\/revistaepocadigital.com.ar\/index.php?rest_route=%2Fwp%2Fv2%2Fcategories&post=24004"},{"taxonomy":"post_tag","embeddable":true,"href":"https:\/\/revistaepocadigital.com.ar\/index.php?rest_route=%2Fwp%2Fv2%2Ftags&post=24004"}],"curies":[{"name":"wp","href":"https:\/\/api.w.org\/{rel}","templated":true}]}}