{"id":24012,"date":"2024-02-07T11:10:14","date_gmt":"2024-02-07T14:10:14","guid":{"rendered":"https:\/\/revistaepocadigital.com.ar\/?p=24012"},"modified":"2024-02-12T12:58:21","modified_gmt":"2024-02-12T15:58:21","slug":"carreras-2024-en-el-centro-universitario-cierre-de-inscripciones-el-9-de-febrero","status":"publish","type":"post","link":"https:\/\/revistaepocadigital.com.ar\/?p=24012","title":{"rendered":"CARRERAS 2024 EN EL CENTRO UNIVERSITARIO. CIERRE DE INSCRIPCIONES EL 9 DE FEBRERO"},"content":{"rendered":"<div class=\"\" dir=\"auto\">\n<div id=\":rbb:\" class=\"x1iorvi4 x1pi30zi x1l90r2v x1swvt13\" data-ad-comet-preview=\"message\" data-ad-preview=\"message\">\n<div class=\"x78zum5 xdt5ytf xz62fqu x16ldp7u\">\n<div class=\"xu06os2 x1ok221b\">\n<div class=\"xdj266r x11i5rnm xat24cr x1mh8g0r x1vvkbs x126k92a\">\n<div dir=\"auto\"><strong><span class=\"x3nfvp2 x1j61x8r x1fcty0u xdj266r xhhsvwb xat24cr xgzva0m xxymvpz xlup9mm x1kky2od\">SI TODAV\u00cdA NO TE INSCRIBISTE, DALE TEN\u00c9S TIEMPO A\u00daN.<\/span><\/strong><\/div>\n<div dir=\"auto\"><\/div>\n<div dir=\"auto\"><strong>MUCHA ATENCI\u00d3N CON EL VITAL SERVICIO DE COLECTIVOS<\/strong>.<\/div>\n<div dir=\"auto\"><strong><span class=\"x3nfvp2 x1j61x8r x1fcty0u xdj266r xhhsvwb xat24cr xgzva0m xxymvpz xlup9mm x1kky2od\"><!--more--><\/span><\/strong><\/div>\n<\/div>\n<\/div>\n<div dir=\"auto\">El \u00faltimo d\u00eda para entregar la documentaci\u00f3n requerida es 9 de febrero.<\/div>\n<p>&nbsp;<\/p>\n<div class=\"xu06os2 x1ok221b\">\n<div class=\"x11i5rnm xat24cr x1mh8g0r x1vvkbs xtlvy1s x126k92a\">\n<div dir=\"auto\">\n<p>LAS CARRERAS:<\/p>\n<\/div>\n<div dir=\"auto\">Enfermer\u00eda universitaria<\/div>\n<div dir=\"auto\"><span class=\"x3nfvp2 x1j61x8r x1fcty0u xdj266r xhhsvwb xat24cr xgzva0m xxymvpz xlup9mm x1kky2od\"><img loading=\"lazy\" decoding=\"async\" class=\"xz74otr\" src=\"https:\/\/static.xx.fbcdn.net\/images\/emoji.php\/v9\/td8\/1.5\/16\/2714.png\" alt=\"\u2714\ufe0f\" width=\"16\" height=\"16\" \/><\/span>Tecnicatura en Administraci\u00f3n y Gesti\u00f3n<\/div>\n<div dir=\"auto\"><span class=\"x3nfvp2 x1j61x8r x1fcty0u xdj266r xhhsvwb xat24cr xgzva0m xxymvpz xlup9mm x1kky2od\"><img loading=\"lazy\" decoding=\"async\" class=\"xz74otr\" src=\"https:\/\/static.xx.fbcdn.net\/images\/emoji.php\/v9\/td8\/1.5\/16\/2714.png\" alt=\"\u2714\ufe0f\" width=\"16\" height=\"16\" \/><\/span>Analista en Inform\u00e1tica<\/div>\n<div dir=\"auto\"><span class=\"x3nfvp2 x1j61x8r x1fcty0u xdj266r xhhsvwb xat24cr xgzva0m xxymvpz xlup9mm x1kky2od\"><img loading=\"lazy\" decoding=\"async\" class=\"xz74otr\" src=\"https:\/\/static.xx.fbcdn.net\/images\/emoji.php\/v9\/td8\/1.5\/16\/2714.png\" alt=\"\u2714\ufe0f\" width=\"16\" height=\"16\" \/><\/span>Mantenimiento Industrial<\/div>\n<div dir=\"auto\"><span class=\"x3nfvp2 x1j61x8r x1fcty0u xdj266r xhhsvwb xat24cr xgzva0m xxymvpz xlup9mm x1kky2od\"><img loading=\"lazy\" decoding=\"async\" class=\"xz74otr\" src=\"https:\/\/static.xx.fbcdn.net\/images\/emoji.php\/v9\/td8\/1.5\/16\/2714.png\" alt=\"\u2714\ufe0f\" width=\"16\" height=\"16\" \/><\/span>Gesti\u00f3n Ambiental<\/div>\n<div dir=\"auto\"><span class=\"x3nfvp2 x1j61x8r x1fcty0u xdj266r xhhsvwb xat24cr xgzva0m xxymvpz xlup9mm x1kky2od\"><img loading=\"lazy\" decoding=\"async\" class=\"xz74otr\" src=\"https:\/\/static.xx.fbcdn.net\/images\/emoji.php\/v9\/td8\/1.5\/16\/2714.png\" alt=\"\u2714\ufe0f\" width=\"16\" height=\"16\" \/><\/span>Tecnicatura en Producci\u00f3n Agropecuaria<\/div>\n<\/div>\n<div class=\"x11i5rnm xat24cr x1mh8g0r x1vvkbs xtlvy1s x126k92a\">\n<div dir=\"auto\"><span class=\"x3nfvp2 x1j61x8r x1fcty0u xdj266r xhhsvwb xat24cr xgzva0m xxymvpz xlup9mm x1kky2od\"><img loading=\"lazy\" decoding=\"async\" class=\"xz74otr\" src=\"https:\/\/static.xx.fbcdn.net\/images\/emoji.php\/v9\/tba\/1.5\/16\/2705.png\" alt=\"\u2705\" width=\"16\" height=\"16\" \/><\/span> ACERCATE:<\/div>\n<div dir=\"auto\">\u2022 Centro Universitario, de lunes a viernes, de 9 a 13 y de 18 a 20:30 horass. Calle San Mart\u00edn 1025, Capilla del Se\u00f1or.<\/div>\n<div dir=\"auto\">\u2022 Direcci\u00f3n de Educaci\u00f3n, de lunes a viernes, de 8 a 14 hs. Casa de la Cultura, Rivadavia 506, Capilla del Se\u00f1or.<\/div>\n<\/div>\n<div class=\"x11i5rnm xat24cr x1mh8g0r x1vvkbs xtlvy1s x126k92a\">\n<div dir=\"auto\"><\/div>\n<div dir=\"auto\">IMPORTANTE:<\/div>\n<div dir=\"auto\"><span class=\"x3nfvp2 x1j61x8r x1fcty0u xdj266r xhhsvwb xat24cr xgzva0m xxymvpz xlup9mm x1kky2od\"><img loading=\"lazy\" decoding=\"async\" class=\"xz74otr\" src=\"https:\/\/static.xx.fbcdn.net\/images\/emoji.php\/v9\/tba\/1.5\/16\/2705.png\" alt=\"\u2705\" width=\"16\" height=\"16\" \/><\/span> Debes presentar en un folio: fotocopia de DNI, fotocopia de anal\u00edtico o constancia de t\u00edtulo en tr\u00e1mite, 2 fotos 4&#215;4 y el formulario online impreso <span class=\"x3nfvp2 x1j61x8r x1fcty0u xdj266r xhhsvwb xat24cr xgzva0m xxymvpz xlup9mm x1kky2od\"><img loading=\"lazy\" decoding=\"async\" class=\"xz74otr\" src=\"https:\/\/static.xx.fbcdn.net\/images\/emoji.php\/v9\/ta8\/1.5\/16\/1f447.png\" alt=\"\ud83d\udc47\" width=\"16\" height=\"16\" \/><\/span><\/div>\n<\/div>\n<div class=\"x11i5rnm xat24cr x1mh8g0r x1vvkbs xtlvy1s x126k92a\">\n<div dir=\"auto\"><a class=\"x1i10hfl xjbqb8w x1ejq31n xd10rxx x1sy0etr x17r0tee x972fbf xcfux6l x1qhh985 xm0m39n x9f619 x1ypdohk xt0psk2 xe8uvvx xdj266r x11i5rnm xat24cr x1mh8g0r xexx8yu x4uap5 x18d9i69 xkhd6sd x16tdsg8 x1hl2dhg xggy1nq x1a2a7pz xt0b8zv x1fey0fg\" tabindex=\"0\" role=\"link\" href=\"https:\/\/preinscripcion2024.unsada.edu.ar\/preinscripcion2024\/?fbclid=IwAR2rMJqQYe52YPpctQj3KHA50tPbA4ksyJCGvc9pGBM6rQW5Z2ikl3DtiIM\" target=\"_blank\" rel=\"nofollow noopener noreferrer\">https:\/\/preinscripcion2024.unsada.edu.ar\/preinscripci&#8230;\/&#8230;<\/a><\/div>\n<\/div>\n<div class=\"x11i5rnm xat24cr x1mh8g0r x1vvkbs xtlvy1s x126k92a\">\n<div dir=\"auto\"><span class=\"x3nfvp2 x1j61x8r x1fcty0u xdj266r xhhsvwb xat24cr xgzva0m xxymvpz xlup9mm x1kky2od\"><img loading=\"lazy\" decoding=\"async\" class=\"xz74otr\" src=\"https:\/\/static.xx.fbcdn.net\/images\/emoji.php\/v9\/tb0\/1.5\/16\/1f4f1.png\" alt=\"\ud83d\udcf1\" width=\"16\" height=\"16\" \/><\/span>Si ten\u00e9s dudas escribinos por WhatsApp al 1123635027.<\/div>\n<\/div>\n<\/div>\n<\/div>\n<\/div>\n<\/div>\n<div dir=\"auto\"><\/div>\n<div dir=\"auto\">EPOCA como es norma desde hace 40 a\u00f1os, una de las prioridades fundamentales es la de escuchar a lectores y vecinos, acerca de sus necesidades y de lo que tienen para decir. Es el caso, a prop\u00f3sito de la tan importante opci\u00f3n educativa surgida con el Centro Universitario que funciona en Capilla del Se\u00f1or y que recibe estudiantes de distintos puntos, considerar un aspecto clave, fundamental que dicho sea de paso a extiende a cientos y cientos de vecinos que a diario deben trasladarse a distintos puntos por trabajo o distintas razones.<\/div>\n<div dir=\"auto\"><\/div>\n<div dir=\"auto\">Hablamos del transporte p\u00fablico de pasajeros, la comunicaci\u00f3n es vital, y en eso el transporte de pasajeros es clave. Basta con reflejar lo dicho por la vecina Marta Irene Torres en una red social.<\/div>\n<div dir=\"auto\"><strong><em>&#8220;Muy bueno lo de los planes de estudio pero para los que viven en Parada Robles, est\u00e0 vedado. Se\u00f1or Intendente, mejore la comunicaci\u00f2n porque muchos que quieren estudiar no pueden viajar si los colectivos pasan cada dos horas&#8221;.<\/em><\/strong><\/div>\n<div dir=\"auto\"><\/div>\n<div dir=\"auto\">La tan oportuna observaci\u00f3n de la vecina de Parada Robles, como posiblemente tambi\u00e9n de otros interesados en estudiar, espera respuestas&#8230;<\/div>\n<div dir=\"auto\"><\/div>\n<div dir=\"auto\"><\/div>\n<div dir=\"auto\"><\/div>\n<div dir=\"auto\"><\/div>\n<div dir=\"auto\"><\/div>\n<div dir=\"auto\"><\/div>\n<div id=\":rbc:\" class=\"x1n2onr6\">\n<div class=\"x1n2onr6\">\n<div class=\"x6s0dn4 x1jx94hy x78zum5 xdt5ytf x6ikm8r x10wlt62 x1n2onr6 xh8yej3\">\n<div>\n<div class=\"xqtp20y x6ikm8r x10wlt62 x1n2onr6\">\n<div class=\"x10l6tqk x13vifvy\"><img loading=\"lazy\" decoding=\"async\" class=\"x1ey2m1c xds687c x5yr21d x10l6tqk x17qophe x13vifvy xh8yej3 xl1xv1r\" src=\"https:\/\/scontent-eze1-1.xx.fbcdn.net\/v\/t39.30808-6\/425318217_753717366805155_8566659982941514358_n.jpg?stp=dst-jpg_p843x403&amp;_nc_cat=103&amp;ccb=1-7&amp;_nc_sid=dd5e9f&amp;_nc_ohc=gx4W7n8DGKQAX8DKrda&amp;_nc_ht=scontent-eze1-1.xx&amp;oh=00_AfBJnOc6_Ayv-tByIk31q-3snaNT8icGx1jwOdzfUOFklw&amp;oe=65C85A2B\" alt=\"Puede ser una imagen de texto que dice &quot;\u00a1SEGUINOS! @c.universitarioexaltacion @direccioneducacion COMPLEJO UNIVERSITARIO CARRERAS 2024 ABIERTA LA INSCRIPCI\u00d3N \u00daLTIMO D\u00cdA VIERNES 9\/2 COMPLEJO UNIVERSITARIO Lunes viernes, de9a13 de 20:30 hs. DIRECCI\u00d3N DE EDUCACI\u00d3N Lunes viernes, Casa de la Cultura 8 14 hs. INFORMACI\u00d3N educacionexaltacion@gmail.com MUNICIPALIDAD DE EXALTACI\u00d3NDELA CRUZ DIEGO NANNI INTENDENTE&quot;\" width=\"843\" height=\"843\" \/><\/div>\n<\/div>\n<\/div>\n<\/div>\n<div class=\"x1ey2m1c xds687c x17qophe xg01cxk x47corl x10l6tqk x13vifvy x1ebt8du x19991ni x1dhq9h x1o1ewxj x3x9cwd x1e5q0jg x13rtm0m\" role=\"none\" data-visualcompletion=\"ignore\"><\/div>\n<\/div>\n<\/div>\n","protected":false},"excerpt":{"rendered":"<p>SI TODAV\u00cdA NO TE INSCRIBISTE, DALE TEN\u00c9S TIEMPO A\u00daN. MUCHA ATENCI\u00d3N CON EL VITAL SERVICIO DE COLECTIVOS.<\/p>\n","protected":false},"author":3,"featured_media":24014,"comment_status":"open","ping_status":"open","sticky":false,"template":"","format":"standard","meta":{"footnotes":"","jetpack_publicize_message":"","jetpack_publicize_feature_enabled":true,"jetpack_social_post_already_shared":true,"jetpack_social_options":{"image_generator_settings":{"template":"highway","default_image_id":0,"font":"","enabled":false},"version":2}},"categories":[16],"tags":[2636,2637],"class_list":["post-24012","post","type-post","status-publish","format-standard","has-post-thumbnail","hentry","category-municipales","tag-carreras-24","tag-centro-univ"],"jetpack_publicize_connections":[],"jetpack_featured_media_url":"https:\/\/revistaepocadigital.com.ar\/wp-content\/uploads\/2024\/02\/999999999999.jpg","jetpack_likes_enabled":true,"_links":{"self":[{"href":"https:\/\/revistaepocadigital.com.ar\/index.php?rest_route=\/wp\/v2\/posts\/24012","targetHints":{"allow":["GET"]}}],"collection":[{"href":"https:\/\/revistaepocadigital.com.ar\/index.php?rest_route=\/wp\/v2\/posts"}],"about":[{"href":"https:\/\/revistaepocadigital.com.ar\/index.php?rest_route=\/wp\/v2\/types\/post"}],"author":[{"embeddable":true,"href":"https:\/\/revistaepocadigital.com.ar\/index.php?rest_route=\/wp\/v2\/users\/3"}],"replies":[{"embeddable":true,"href":"https:\/\/revistaepocadigital.com.ar\/index.php?rest_route=%2Fwp%2Fv2%2Fcomments&post=24012"}],"version-history":[{"count":0,"href":"https:\/\/revistaepocadigital.com.ar\/index.php?rest_route=\/wp\/v2\/posts\/24012\/revisions"}],"wp:featuredmedia":[{"embeddable":true,"href":"https:\/\/revistaepocadigital.com.ar\/index.php?rest_route=\/wp\/v2\/media\/24014"}],"wp:attachment":[{"href":"https:\/\/revistaepocadigital.com.ar\/index.php?rest_route=%2Fwp%2Fv2%2Fmedia&parent=24012"}],"wp:term":[{"taxonomy":"category","embeddable":true,"href":"https:\/\/revistaepocadigital.com.ar\/index.php?rest_route=%2Fwp%2Fv2%2Fcategories&post=24012"},{"taxonomy":"post_tag","embeddable":true,"href":"https:\/\/revistaepocadigital.com.ar\/index.php?rest_route=%2Fwp%2Fv2%2Ftags&post=24012"}],"curies":[{"name":"wp","href":"https:\/\/api.w.org\/{rel}","templated":true}]}}