{"id":24059,"date":"2024-02-15T21:29:13","date_gmt":"2024-02-16T00:29:13","guid":{"rendered":"https:\/\/revistaepocadigital.com.ar\/?p=24059"},"modified":"2024-02-15T21:31:04","modified_gmt":"2024-02-16T00:31:04","slug":"recorte-en-las-tasas-municipales-resuelto-por-el-concejo-deliberante","status":"publish","type":"post","link":"https:\/\/revistaepocadigital.com.ar\/?p=24059","title":{"rendered":"RECORTE EN LAS TASAS MUNICIPALES RESUELTO POR EL CONCEJO DELIBERANTE"},"content":{"rendered":"<p><strong>LAS TASAS, SIEMPRE DAN QUE HABLAR.<\/strong><!--more--><\/p>\n<p>En una publicaci\u00f3n en la red social Facebook, Ra\u00fal Sancho, presidente del Concejo\u00a0 Deliberante hizo saber que los <em>&#8220;beneficios son fruto del trabajo realizado desde la oposici\u00f3n <\/em>(Juntos por el Cambio-La Libertad Avanza)<em>, que generan alg\u00fan alivio sobre tasas que hubi\u00e9ramos querido eliminar de haber ganado la elecci\u00f3n&#8221;,<\/em> sostuvo Sancho (\u00b0).<\/p>\n<p>Sancho dio a conocer detalles:<\/p>\n<p>SEGURIDAD E HIGIENE:<br \/>\n<em>Se excluy\u00f3 del pago a todo lo que es producci\u00f3n primaria y se gener\u00f3 un descuento del 50% para aquellos comercios que pagan el m\u00ednimo (que son la mayor\u00eda)<\/em><br \/>\n<em>Est\u00e1 tasa no aumento, porque est\u00e1 fijada en un porcentaje de los ingresos brutos (0,08%).<\/em><\/p>\n<p>TASA DE HABILITACI\u00d3N*<br \/>\n<em>Es un %, ligado al valor del emprendimiento a habilitar. Y por eso aumenta solo.<\/em><br \/>\n<em>Se estableci\u00f3 una reducci\u00f3n del 75% para los nuevos comercios y de un 100% para los que tramitan la renovaci\u00f3n.<\/em><\/p>\n<p>PATENTES<br \/>\n<em>Logramos una quita del 50% sobre esta tasa para quien haga el pago anual.<\/em><br \/>\n<em>Esto aplica para los autos municipalizados (m\u00e1s de 10 a\u00f1os) y las motos.<\/em><br \/>\n<em>Es info importante para que se sepan estos beneficios, para que los puedan reclamar si no los otorgan.<\/em><br \/>\n<em>Ten\u00edamos pensadas<\/em> (como planteamos en campa\u00f1a) <em>transformaciones mucho m\u00e1s profundas, pero finalmente se vot\u00f3 que sigan los mismos.<\/em><br \/>\n<em>Es muy importante que, pese a haber perdido en la elecci\u00f3n, logramos que mucho de lo que quer\u00edamos hacer en t\u00e9rminos de tasas se pueda modificar, que creemos va a alivianar en mayor o menor medida la econom\u00eda de cada uno.<\/em><br \/>\n<em>Bajar y eliminar impuestos, en muchos casos absurdos, creemos que es el camino que debe seguir el municipio y la provincia, en sinton\u00eda con lo que est\u00e1 proponiendo el gobierno Nacional&#8221;.<\/em><\/p>\n<p>(\u00b0): Publicidad \u00b7 Pagado por Ra\u00fal Sancho (mencionado as\u00ed en la red social Facebook)<\/p>\n<p>&nbsp;<\/p>\n<p>&nbsp;<\/p>\n","protected":false},"excerpt":{"rendered":"<p>LAS TASAS, SIEMPRE DAN QUE HABLAR.<\/p>\n","protected":false},"author":3,"featured_media":24077,"comment_status":"open","ping_status":"open","sticky":false,"template":"","format":"standard","meta":{"footnotes":"","jetpack_publicize_message":"","jetpack_publicize_feature_enabled":true,"jetpack_social_post_already_shared":true,"jetpack_social_options":{"image_generator_settings":{"template":"highway","default_image_id":0,"font":"","enabled":false},"version":2}},"categories":[17],"tags":[2642,643],"class_list":["post-24059","post","type-post","status-publish","format-standard","has-post-thumbnail","hentry","category-politica","tag-recorte-2024","tag-tasas"],"jetpack_publicize_connections":[],"jetpack_featured_media_url":"https:\/\/revistaepocadigital.com.ar\/wp-content\/uploads\/2024\/02\/23795157_548442225501918_1980848781655776244_n.png","jetpack_likes_enabled":true,"_links":{"self":[{"href":"https:\/\/revistaepocadigital.com.ar\/index.php?rest_route=\/wp\/v2\/posts\/24059","targetHints":{"allow":["GET"]}}],"collection":[{"href":"https:\/\/revistaepocadigital.com.ar\/index.php?rest_route=\/wp\/v2\/posts"}],"about":[{"href":"https:\/\/revistaepocadigital.com.ar\/index.php?rest_route=\/wp\/v2\/types\/post"}],"author":[{"embeddable":true,"href":"https:\/\/revistaepocadigital.com.ar\/index.php?rest_route=\/wp\/v2\/users\/3"}],"replies":[{"embeddable":true,"href":"https:\/\/revistaepocadigital.com.ar\/index.php?rest_route=%2Fwp%2Fv2%2Fcomments&post=24059"}],"version-history":[{"count":0,"href":"https:\/\/revistaepocadigital.com.ar\/index.php?rest_route=\/wp\/v2\/posts\/24059\/revisions"}],"wp:featuredmedia":[{"embeddable":true,"href":"https:\/\/revistaepocadigital.com.ar\/index.php?rest_route=\/wp\/v2\/media\/24077"}],"wp:attachment":[{"href":"https:\/\/revistaepocadigital.com.ar\/index.php?rest_route=%2Fwp%2Fv2%2Fmedia&parent=24059"}],"wp:term":[{"taxonomy":"category","embeddable":true,"href":"https:\/\/revistaepocadigital.com.ar\/index.php?rest_route=%2Fwp%2Fv2%2Fcategories&post=24059"},{"taxonomy":"post_tag","embeddable":true,"href":"https:\/\/revistaepocadigital.com.ar\/index.php?rest_route=%2Fwp%2Fv2%2Ftags&post=24059"}],"curies":[{"name":"wp","href":"https:\/\/api.w.org\/{rel}","templated":true}]}}