{"id":24071,"date":"2024-02-15T21:00:38","date_gmt":"2024-02-16T00:00:38","guid":{"rendered":"https:\/\/revistaepocadigital.com.ar\/?p=24071"},"modified":"2024-02-15T21:00:38","modified_gmt":"2024-02-16T00:00:38","slug":"tragedia-que-conmovio-un-matrimonio-de-policias-y-sus-hijos-fallecieron-en-un-accidente","status":"publish","type":"post","link":"https:\/\/revistaepocadigital.com.ar\/?p=24071","title":{"rendered":"TRAGEDIA QUE CONMOVI\u00d3. UN MATRIMONIO DE POLIC\u00cdAS Y SUS HIJOS FALLECIERON EN UN ACCIDENTE"},"content":{"rendered":"<p><strong>SOBRE LA RUTA NACIONAL 14, EN LA PROVINCIA DE CORRIENTES.<\/strong><!--more--><\/p>\n<p>El Sargento H\u00e9ctor Gabriel Robledo, su pareja la Sargento Cintia Alejandra Roza y sus tres hijos, fallecieron como consecuencia del accidente automovil\u00edstico ocurrido en la ruta nacional 14 sobre el km 576. Robledo desarrollaba su labor en el Comando Patrulla, mientras que Roza se desempe\u00f1aba en la comisar\u00eda 1 en Los Cardales.<\/p>\n<p>Seg\u00fan el informe policial preliminar publicado en el medio La Gaceta de Exaltaci\u00f3n, alrededor de las 8:30 horas del d\u00eda 15 de febrero, en la ruta nacional 14, en cercan\u00edas de la localidad correntina de La Cruz, a 430 kil\u00f3metros de la capital provincial. Por causas y circunstancias que se investigaban, se produjo un choque entre un cami\u00f3n con semi acoplado y el Peugeot 307 donde viajaban Robledo, su pareja y los hijos de ambos menores de edad.<\/p>\n<p>Como resultado del grave accidente, se produjo el fallecimiento de los cinco ocupantes del auto, en tanto que el conductor del cami\u00f3n, hab\u00eda padecido lesiones de menor consideraci\u00f3n; desconoci\u00e9ndose m\u00e1s detalles y pormenores de tan lamentable accidente. Interven\u00eda el fiscal de turno, inici\u00e1ndose las investigaciones del caso, y diligencias correspondientes, colaborando Personal de Gendarmer\u00eda Nacional, Bomberos Voluntarios La Cruz y personal m\u00e9dico del Hospital La Cruz.<\/p>\n<p>&nbsp;<\/p>\n<p>COMUNICADO DE LOS BOMBEROS VOLUNTARIOS DE EXALTACI\u00d3N DE LA CRUZ<\/p>\n<div class=\"xdj266r x11i5rnm xat24cr x1mh8g0r x1vvkbs x126k92a\">\n<div dir=\"auto\"><img decoding=\"async\" src=\"https:\/\/scontent-eze1-1.xx.fbcdn.net\/v\/t39.30808-6\/426552632_840772514729548_9075393400032721661_n.jpg?stp=dst-jpg_p843x403&amp;_nc_cat=106&amp;ccb=1-7&amp;_nc_sid=dd5e9f&amp;_nc_ohc=D49KK2befmkAX8S5fnC&amp;_nc_ht=scontent-eze1-1.xx&amp;oh=00_AfBQUlc1ZHJ-ccaZFvzRoO-5CeMUJvDejbkEZTYHYoFr1w&amp;oe=65D372D6\" alt=\"Puede ser una imagen de texto que dice &quot;DEL 66 BOMBEROS VOLUNTARIOS DE EXALTACI\u00d3N DE LA CRUZ&quot;\" \/><\/div>\n<div dir=\"auto\"><\/div>\n<div dir=\"auto\"><em>Con profundo dolor y pesar hoy nos toca despedir a H\u00e9ctor Gabriel Robledo quien perteneci\u00f3 al cuerpo de Bomberos Voluntarios de Exaltaci\u00f3n de la Cruz.<\/em><\/div>\n<\/div>\n<div class=\"x11i5rnm xat24cr x1mh8g0r x1vvkbs xtlvy1s x126k92a\">\n<div dir=\"auto\"><em>Nuestras condolencias al bombero Guillermo Robledo, su hermano y actualmente pertenece al cuerpo activo. Abrazamos a la Familia Robledo, en este momento tan dif\u00edcil que les toca atravesar. Que en paz descanses Gabriel Robledo.<\/em><\/div>\n<\/div>\n","protected":false},"excerpt":{"rendered":"<p>SOBRE LA RUTA NACIONAL 14, EN LA PROVINCIA DE CORRIENTES.<\/p>\n","protected":false},"author":3,"featured_media":24073,"comment_status":"open","ping_status":"open","sticky":false,"template":"","format":"standard","meta":{"footnotes":"","jetpack_publicize_message":"","jetpack_publicize_feature_enabled":true,"jetpack_social_post_already_shared":true,"jetpack_social_options":{"image_generator_settings":{"template":"highway","default_image_id":0,"font":"","enabled":false},"version":2}},"categories":[13],"tags":[1075,2641,2640],"class_list":["post-24071","post","type-post","status-publish","format-standard","has-post-thumbnail","hentry","category-interes-general","tag-accidente","tag-cinco-fallecidos","tag-policias"],"jetpack_publicize_connections":[],"jetpack_featured_media_url":"https:\/\/revistaepocadigital.com.ar\/wp-content\/uploads\/2024\/02\/8279820871317562309.jpg","jetpack_likes_enabled":true,"_links":{"self":[{"href":"https:\/\/revistaepocadigital.com.ar\/index.php?rest_route=\/wp\/v2\/posts\/24071","targetHints":{"allow":["GET"]}}],"collection":[{"href":"https:\/\/revistaepocadigital.com.ar\/index.php?rest_route=\/wp\/v2\/posts"}],"about":[{"href":"https:\/\/revistaepocadigital.com.ar\/index.php?rest_route=\/wp\/v2\/types\/post"}],"author":[{"embeddable":true,"href":"https:\/\/revistaepocadigital.com.ar\/index.php?rest_route=\/wp\/v2\/users\/3"}],"replies":[{"embeddable":true,"href":"https:\/\/revistaepocadigital.com.ar\/index.php?rest_route=%2Fwp%2Fv2%2Fcomments&post=24071"}],"version-history":[{"count":0,"href":"https:\/\/revistaepocadigital.com.ar\/index.php?rest_route=\/wp\/v2\/posts\/24071\/revisions"}],"wp:featuredmedia":[{"embeddable":true,"href":"https:\/\/revistaepocadigital.com.ar\/index.php?rest_route=\/wp\/v2\/media\/24073"}],"wp:attachment":[{"href":"https:\/\/revistaepocadigital.com.ar\/index.php?rest_route=%2Fwp%2Fv2%2Fmedia&parent=24071"}],"wp:term":[{"taxonomy":"category","embeddable":true,"href":"https:\/\/revistaepocadigital.com.ar\/index.php?rest_route=%2Fwp%2Fv2%2Fcategories&post=24071"},{"taxonomy":"post_tag","embeddable":true,"href":"https:\/\/revistaepocadigital.com.ar\/index.php?rest_route=%2Fwp%2Fv2%2Ftags&post=24071"}],"curies":[{"name":"wp","href":"https:\/\/api.w.org\/{rel}","templated":true}]}}