{"id":24078,"date":"2024-02-15T21:51:09","date_gmt":"2024-02-16T00:51:09","guid":{"rendered":"https:\/\/revistaepocadigital.com.ar\/?p=24078"},"modified":"2024-02-15T21:51:59","modified_gmt":"2024-02-16T00:51:59","slug":"un-hecho-que-provoco-mas-preocupacion-y-criticas","status":"publish","type":"post","link":"https:\/\/revistaepocadigital.com.ar\/?p=24078","title":{"rendered":"UN HECHO QUE PROVOC\u00d3 M\u00c1S PREOCUPACI\u00d3N Y CR\u00cdTICAS."},"content":{"rendered":"<div role=\"banner\">\n<div class=\"xds687c xixxii4 x17qophe x13vifvy x1vjfegm\" aria-hidden=\"false\">\n<div class=\"x9f619 x1n2onr6 x1ja2u2z x1ve1bff x78zum5 xdt5ytf x1s65kcs\">\n<div class=\"x9f619 x1n2onr6 x1ja2u2z x78zum5 xdt5ytf x13a6bvl\">\n<div class=\"x78zum5 x1s65kcs xl56j7k\" role=\"navigation\" aria-label=\"Facebook\">\n<div class=\"x6s0dn4 x78zum5 x1s65kcs x1n2onr6\">\n<div class=\"xtvsq51 x11t77rh x146dn1l x1ey2m1c x177n6bx xuoj239 x10l6tqk xb1c2wi xxa6egd xhmqdbg x1k90msu x11xpdln x1qfuztq\"><strong>OCURRIDO EN EL CENTRO CAPILLENSE.<\/strong><\/div>\n<\/div>\n<\/div>\n<\/div>\n<\/div>\n<\/div>\n<\/div>\n<p><!--more--><\/p>\n<div>Referido al supuesto robo de una camioneta VW Amarok, producido el d\u00eda anterior a plena luz del d\u00eda llevado a cabo por desconocidos, sobre una de las calles que rodean a la Plaza San Mart\u00edn de Capilla del Se\u00f1or, en ocasi\u00f3n trascendi\u00f3, en que el conductor se dirigi\u00f3 durante breves minutos a un comercio aleda\u00f1o.<\/div>\n<div><\/div>\n<div>El episodio gener\u00f3 cr\u00edticas volcadas en redes sociales, por parte en especial del sector pol\u00edtico opositor que ocupa Juntos por el Cambio, entre otras poni\u00e9ndose en tela de juicio el funcionamiento y el control y visualizaci\u00f3n de c\u00e1maras de seguridad ubicadas en ese sector c\u00e9ntrico de Capilla del Se\u00f1or. A su vez, se hizo menci\u00f3n en redes sociales tambi\u00e9n a otros episodios de inseguridad producidos recientemente en nuestro distrito.<\/div>\n<div><\/div>\n<div>Al d\u00eda siguiente (15-2) el veh\u00edculo apareci\u00f3 en un sector rural perteneciente al distrito vecino de Campana, con las puertas abiertas y su motor en marcha, sin ninguna persona a bordo. Las investigaciones estaban en curso.<\/div>\n<div role=\"banner\">\n<div class=\"xds687c xixxii4 x17qophe x13vifvy x1vjfegm\" aria-hidden=\"false\">\n<div class=\"x9f619 x1n2onr6 x1ja2u2z x1ve1bff x78zum5 xdt5ytf x1s65kcs\">\n<div class=\"x9f619 x1n2onr6 x1ja2u2z x78zum5 xdt5ytf x13a6bvl\">\n<div class=\"x78zum5 x1s65kcs xl56j7k\" role=\"navigation\" aria-label=\"Facebook\">\n<ul class=\"xuk3077 x78zum5 x1iyjqo2 xl56j7k x1p8ty84 x1na7pl x88anuq\">\n<li class=\"x1iyjqo2 xmlsiyf x1hxoosp x1l38jg0 x1awlv9s x1i64zmx x9e5oc1\">\n<div class=\"x6s0dn4 x78zum5 x1s65kcs x1n2onr6\">\n<div class=\"xtvsq51 x11t77rh x146dn1l x1ey2m1c x177n6bx xuoj239 x10l6tqk xb1c2wi xxa6egd xhmqdbg x1k90msu x11xpdln x1qfuztq\">\n<div class=\"x11i5rnm xat24cr x1mh8g0r x1vvkbs xtlvy1s x126k92a\"><\/div>\n<\/div>\n<div class=\"x1ey2m1c xds687c x17qophe xg01cxk x47corl x10l6tqk x13vifvy x1ebt8du x19991ni x1dhq9h x1o1ewxj x3x9cwd x1e5q0jg x13rtm0m\" role=\"none\" data-visualcompletion=\"ignore\"><\/div>\n<\/div>\n<\/li>\n<\/ul>\n<\/div>\n<div>\n<div>Foto portada: gentileza La Gaceta de Exaltaci\u00f3n<\/div>\n<\/div>\n<\/div>\n<div class=\"x9f619 x1ja2u2z xnzfen x1w3jsh0 x1wbvgsv xsugpx9 xds687c x1hagigm x47corl x10l6tqk x17qophe\"><\/div>\n<\/div>\n<\/div>\n<div class=\"xds687c x1pi30zi x1e558r4 xixxii4 x13vifvy xzkaem6\">\n<div class=\"x6s0dn4 x78zum5 x15zctf7 x1s65kcs x1n2onr6 x1ja2u2z\" role=\"navigation\" aria-label=\"Controles y configuraci\u00f3n de la cuenta\">\n<div class=\"x78zum5 x1n2onr6\">\n<div class=\"x1i10hfl x1qjc9v5 xjbqb8w xjqpnuy xa49m3k xqeqjp1 x2hbi6w x13fuv20 xu3j5b3 x1q0q8m5 x26u7qi x972fbf xcfux6l x1qhh985 xm0m39n x9f619 x1ypdohk xdl72j9 x2lah0s xe8uvvx xdj266r x11i5rnm xat24cr x1mh8g0r x2lwn1j xeuugli xexx8yu x4uap5 x18d9i69 xkhd6sd x1n2onr6 x16tdsg8 x1hl2dhg xggy1nq x1ja2u2z x1t137rt x1o1ewxj x3x9cwd x1e5q0jg x13rtm0m x1q0g3np x87ps6o x1lku1pv x1a2a7pz xzsf02u x1rg5ohu\" tabindex=\"0\" role=\"button\">\n<div class=\"x1rg5ohu x1n2onr6 x3ajldb x1ja2u2z\">\n<div class=\"x1ey2m1c xds687c x17qophe xg01cxk x47corl x10l6tqk x13vifvy x1ebt8du x19991ni x1dhq9h xzolkzo x12go9s9 x1rnf11y xprq8jg\" role=\"none\" data-visualcompletion=\"ignore\"><\/div>\n<div class=\"x14yjl9h xudhj91 x18nykt9 xww2gxu x10l6tqk xhtitgo\" data-visualcompletion=\"ignore\">\n<div class=\"x4k7w5x x1h91t0o x1o1ewxj x3x9cwd x1e5q0jg x13rtm0m x1jfb8zj x1beo9mf x3igimt xarpa2k x1n2onr6 x1qrby5j\">\n<div class=\"x1ey2m1c xds687c x17qophe xg01cxk x47corl x10l6tqk x13vifvy x1ebt8du x19991ni x1dhq9h xzolkzo x12go9s9 x1rnf11y xprq8jg\" role=\"none\" data-visualcompletion=\"ignore\"><\/div>\n<\/div>\n<\/div>\n<\/div>\n<\/div>\n<\/div>\n<\/div>\n<\/div>\n<\/div>\n","protected":false},"excerpt":{"rendered":"<p>OCURRIDO EN EL CENTRO CAPILLENSE.<\/p>\n","protected":false},"author":3,"featured_media":24079,"comment_status":"open","ping_status":"open","sticky":false,"template":"","format":"standard","meta":{"footnotes":"","jetpack_publicize_message":"","jetpack_publicize_feature_enabled":true,"jetpack_social_post_already_shared":true,"jetpack_social_options":{"image_generator_settings":{"template":"highway","default_image_id":0,"font":"","enabled":false},"version":2}},"categories":[14],"tags":[2643],"class_list":["post-24078","post","type-post","status-publish","format-standard","has-post-thumbnail","hentry","category-la-gente","tag-supuesto-robo-vehiculo"],"jetpack_publicize_connections":[],"jetpack_featured_media_url":"https:\/\/revistaepocadigital.com.ar\/wp-content\/uploads\/2024\/02\/426539640_840804138059719_8147889693712989792_n.jpg","jetpack_likes_enabled":true,"_links":{"self":[{"href":"https:\/\/revistaepocadigital.com.ar\/index.php?rest_route=\/wp\/v2\/posts\/24078","targetHints":{"allow":["GET"]}}],"collection":[{"href":"https:\/\/revistaepocadigital.com.ar\/index.php?rest_route=\/wp\/v2\/posts"}],"about":[{"href":"https:\/\/revistaepocadigital.com.ar\/index.php?rest_route=\/wp\/v2\/types\/post"}],"author":[{"embeddable":true,"href":"https:\/\/revistaepocadigital.com.ar\/index.php?rest_route=\/wp\/v2\/users\/3"}],"replies":[{"embeddable":true,"href":"https:\/\/revistaepocadigital.com.ar\/index.php?rest_route=%2Fwp%2Fv2%2Fcomments&post=24078"}],"version-history":[{"count":0,"href":"https:\/\/revistaepocadigital.com.ar\/index.php?rest_route=\/wp\/v2\/posts\/24078\/revisions"}],"wp:featuredmedia":[{"embeddable":true,"href":"https:\/\/revistaepocadigital.com.ar\/index.php?rest_route=\/wp\/v2\/media\/24079"}],"wp:attachment":[{"href":"https:\/\/revistaepocadigital.com.ar\/index.php?rest_route=%2Fwp%2Fv2%2Fmedia&parent=24078"}],"wp:term":[{"taxonomy":"category","embeddable":true,"href":"https:\/\/revistaepocadigital.com.ar\/index.php?rest_route=%2Fwp%2Fv2%2Fcategories&post=24078"},{"taxonomy":"post_tag","embeddable":true,"href":"https:\/\/revistaepocadigital.com.ar\/index.php?rest_route=%2Fwp%2Fv2%2Ftags&post=24078"}],"curies":[{"name":"wp","href":"https:\/\/api.w.org\/{rel}","templated":true}]}}