{"id":24081,"date":"2024-02-15T22:10:04","date_gmt":"2024-02-16T01:10:04","guid":{"rendered":"https:\/\/revistaepocadigital.com.ar\/?p=24081"},"modified":"2024-02-15T22:10:04","modified_gmt":"2024-02-16T01:10:04","slug":"la-libreta-auh-hasta-el-31-de-marzo-puede-presentarse-online","status":"publish","type":"post","link":"https:\/\/revistaepocadigital.com.ar\/?p=24081","title":{"rendered":"LA LIBRETA AUH: HASTA EL 31 DE MARZO PUEDE PRESENTARSE ONLINE"},"content":{"rendered":"<p class=\"yiv5724838057MsoNormal\" style=\"text-align: left;\" align=\"center\"><b>LO RECORD\u00d3 ANSES.<\/b><!--more--><\/p>\n<p class=\"yiv5724838057MsoNormal\">ANSES recuerda que\u00a0<b>hasta el 31 de marzo<\/b>\u00a0hay tiempo para presentar la Libreta de la Asignaci\u00f3n Universal por Hijo (AUH) 2023\u00a0<b>\u00fanicamente de forma online<\/b>,\u00a0<b>a trav\u00e9s de\u00a0<i>mi ANSES<\/i><\/b>.<\/p>\n<p class=\"yiv5724838057MsoNormal\">Con esta presentaci\u00f3n, las familias acreditan el cumplimiento de los controles de salud, vacunaci\u00f3n y educaci\u00f3n de los ni\u00f1os y adolescentes. A su vez, se habilita el cobro del 20 por ciento del complemento acumulado del a\u00f1o anterior.<\/p>\n<p class=\"yiv5724838057MsoNormal\">El formulario se puede generar y cargar desde un celular o computadora, ingresando en\u00a0<a href=\"http:\/\/www.anses.gob.ar\/\" target=\"_blank\" rel=\"nofollow noopener noreferrer\">www.anses.gob.ar<\/a><span class=\"yiv5724838057MsoHyperlink\">,\u00a0<\/span>o bien, desde la app\u00a0<i>mi ANSES,\u00a0<\/i>la cual puede descargarse\u00a0<a href=\"https:\/\/www.anses.gob.ar\/app-mi-anses\" target=\"_blank\" rel=\"nofollow noopener noreferrer\">aqu\u00ed<\/a>.<\/p>\n<p class=\"yiv5724838057MsoNormal\"><b>Paso a paso<\/b><\/p>\n<p class=\"yiv5724838057MsoListParagraph\">1.\u00a0\u00a0\u00a0\u00a0Ir a\u00a0<i>mi ANSES<\/i>\u00a0con CUIL y Clave de la Seguridad Social.<\/p>\n<p class=\"yiv5724838057MsoNormal\">2.\u00a0\u00a0\u00a0\u00a0En la secci\u00f3n\u00a0<i>Hijos\u00a0<\/i>&gt;\u00a0<i>Libreta\u00a0<\/i>AUH consultar la informaci\u00f3n que falta cargar de los hijos o personas a cargo por las que se recibe la asignaci\u00f3n.<\/p>\n<p class=\"yiv5724838057MsoNormal\">3.\u00a0\u00a0\u00a0\u00a0Si falta completar alguna secci\u00f3n (educaci\u00f3n, salud o vacunaci\u00f3n), ir a\u00a0<i>Generar Libreta AUH\u00a0<\/i>y descargarla o envi\u00e1rsela uno mismo por correo electr\u00f3nico.<\/p>\n<p class=\"yiv5724838057MsoNormal\">4.\u00a0\u00a0\u00a0\u00a0Imprimir el formulario y llevarlo al centro de salud o a la escuela (si corresponde) para que lo completen y firmen.<\/p>\n<p class=\"yiv5724838057MsoNormal\">5.\u00a0\u00a0\u00a0\u00a0Sacar una foto al formulario firmado, reingresar a\u00a0<i>mi ANSES<\/i>, seleccionar la opci\u00f3n\u00a0<i>Hijos &gt; Libreta AUH<\/i>, seguir las instrucciones y subir el documento de Libreta.<\/p>\n<p class=\"yiv5724838057MsoNormal\">6.\u00a0\u00a0\u00a0\u00a0Se recibir\u00e1 un correo electr\u00f3nico que confirma la presentaci\u00f3n.<\/p>\n<p class=\"yiv5724838057MsoNormal\">\n","protected":false},"excerpt":{"rendered":"<p>LO RECORD\u00d3 ANSES.<\/p>\n","protected":false},"author":4,"featured_media":24083,"comment_status":"open","ping_status":"open","sticky":false,"template":"","format":"standard","meta":{"footnotes":"","jetpack_publicize_message":"","jetpack_publicize_feature_enabled":true,"jetpack_social_post_already_shared":true,"jetpack_social_options":{"image_generator_settings":{"template":"highway","default_image_id":0,"font":"","enabled":false},"version":2}},"categories":[81,6],"tags":[21,999],"class_list":["post-24081","post","type-post","status-publish","format-standard","has-post-thumbnail","hentry","category-anses","category-barrios","tag-anses","tag-auh"],"jetpack_publicize_connections":[],"jetpack_featured_media_url":"https:\/\/revistaepocadigital.com.ar\/wp-content\/uploads\/2024\/02\/descarga.jpg","jetpack_likes_enabled":true,"_links":{"self":[{"href":"https:\/\/revistaepocadigital.com.ar\/index.php?rest_route=\/wp\/v2\/posts\/24081","targetHints":{"allow":["GET"]}}],"collection":[{"href":"https:\/\/revistaepocadigital.com.ar\/index.php?rest_route=\/wp\/v2\/posts"}],"about":[{"href":"https:\/\/revistaepocadigital.com.ar\/index.php?rest_route=\/wp\/v2\/types\/post"}],"author":[{"embeddable":true,"href":"https:\/\/revistaepocadigital.com.ar\/index.php?rest_route=\/wp\/v2\/users\/4"}],"replies":[{"embeddable":true,"href":"https:\/\/revistaepocadigital.com.ar\/index.php?rest_route=%2Fwp%2Fv2%2Fcomments&post=24081"}],"version-history":[{"count":0,"href":"https:\/\/revistaepocadigital.com.ar\/index.php?rest_route=\/wp\/v2\/posts\/24081\/revisions"}],"wp:featuredmedia":[{"embeddable":true,"href":"https:\/\/revistaepocadigital.com.ar\/index.php?rest_route=\/wp\/v2\/media\/24083"}],"wp:attachment":[{"href":"https:\/\/revistaepocadigital.com.ar\/index.php?rest_route=%2Fwp%2Fv2%2Fmedia&parent=24081"}],"wp:term":[{"taxonomy":"category","embeddable":true,"href":"https:\/\/revistaepocadigital.com.ar\/index.php?rest_route=%2Fwp%2Fv2%2Fcategories&post=24081"},{"taxonomy":"post_tag","embeddable":true,"href":"https:\/\/revistaepocadigital.com.ar\/index.php?rest_route=%2Fwp%2Fv2%2Ftags&post=24081"}],"curies":[{"name":"wp","href":"https:\/\/api.w.org\/{rel}","templated":true}]}}