{"id":2409,"date":"2019-05-16T00:04:24","date_gmt":"2019-05-16T03:04:24","guid":{"rendered":"https:\/\/revistaepocadigital.com.ar\/?p=2409"},"modified":"2019-05-16T00:04:24","modified_gmt":"2019-05-16T03:04:24","slug":"eduardo-valdes-en-15-dias-podria-haber-acuerdo-entre-cristina-massa-y-los-gobernadores","status":"publish","type":"post","link":"https:\/\/revistaepocadigital.com.ar\/?p=2409","title":{"rendered":"Eduardo Vald\u00e9s: &#8220;En 15 d\u00edas podr\u00eda haber acuerdo entre Cristina, Massa y los gobernadores&#8221;"},"content":{"rendered":"<p>EL PERONISMO Y CRISTINA, \u00bfCOMO VIENE LA MANO?<\/p>\n<table class=\"yiv5587837741mcnImageBlock\" border=\"0\" width=\"100%\" cellspacing=\"0\" cellpadding=\"0\">\n<tbody class=\"yiv5587837741mcnImageBlockOuter\">\n<tr>\n<td class=\"yiv5587837741mcnImageBlockInner\" valign=\"top\">\n<table class=\"yiv5587837741mcnImageContentContainer\" border=\"0\" width=\"100%\" cellspacing=\"0\" cellpadding=\"0\" align=\"left\">\n<tbody>\n<tr>\n<td class=\"yiv5587837741mcnImageContent\" valign=\"top\"><img decoding=\"async\" class=\"yiv5587837741mcnImage\" src=\"https:\/\/ecp.yusercontent.com\/mail?url=https%3A%2F%2Fgallery.mailchimp.com%2Fe9c6f62a4dc825f6a9dab4e88%2Fimages%2F1ee40371-9489-44ce-89e5-61b087551cce.jpeg&amp;t=1557950517&amp;ymreqid=a1e28384-e738-286e-1cf1-d10013019400&amp;sig=nppCstBVd0JiUJ.E34Cilw--~C\" alt=\"\" width=\"564\" align=\"middle\" \/><\/td>\n<\/tr>\n<\/tbody>\n<\/table>\n<\/td>\n<\/tr>\n<\/tbody>\n<\/table>\n<table class=\"yiv5587837741mcnDividerBlock\" border=\"0\" width=\"100%\" cellspacing=\"0\" cellpadding=\"0\">\n<tbody class=\"yiv5587837741mcnDividerBlockOuter\">\n<tr>\n<td class=\"yiv5587837741mcnDividerBlockInner\">\n<table class=\"yiv5587837741mcnDividerContent\" border=\"0\" width=\"100%\" cellspacing=\"0\" cellpadding=\"0\">\n<tbody>\n<tr>\n<td><\/td>\n<\/tr>\n<\/tbody>\n<\/table>\n<\/td>\n<\/tr>\n<\/tbody>\n<\/table>\n<table id=\"yiv5587837741templateBody\" border=\"0\" width=\"100%\" cellspacing=\"0\" cellpadding=\"0\">\n<tbody>\n<tr>\n<td align=\"center\" valign=\"top\">\n<table class=\"yiv5587837741templateContainer\" border=\"0\" width=\"600\" cellspacing=\"0\" cellpadding=\"0\">\n<tbody>\n<tr>\n<td class=\"yiv5587837741bodyContainer\" valign=\"top\">\n<table class=\"yiv5587837741mcnTextBlock\" border=\"0\" width=\"100%\" cellspacing=\"0\" cellpadding=\"0\">\n<tbody class=\"yiv5587837741mcnTextBlockOuter\">\n<tr>\n<td class=\"yiv5587837741mcnTextBlockInner\" valign=\"top\">\n<table class=\"yiv5587837741mcnTextContentContainer\" border=\"0\" width=\"100%\" cellspacing=\"0\" cellpadding=\"0\" align=\"left\">\n<tbody>\n<tr>\n<td class=\"yiv5587837741mcnTextContent\" valign=\"top\">En comunicaci\u00f3n telef\u00f3nica para el programa Dos Miserables, conducido por Jorge Gres y Nahuel Bianchi para Radio Cooperativa AM 770 de lunes a viernes a las 6 de la ma\u00f1ana, Eduardo Vald\u00e9s, diputado del Parlasur y dirigente peronista cercano a Cristina Fern\u00e1ndez de Kirchner, habl\u00f3 sobre el encuentro de unidad del peronismo y sobre la causa de espionaje que lleva adelante el juez Ramos Padilla.<\/p>\n<p>Acerca del encuentro del PJ en la sede del peronismo en la Ciudad de Buenos Aires afirm\u00f3: &#8220;Me pareci\u00f3 algo extraordinario. Es incre\u00edble la centralidad que ocupa Cristina en cualquier movimiento que ella hace. Creo que vamos por el camino correcto&#8221;. Y agreg\u00f3: &#8220;Ojal\u00e1 que al final en octubre sea el peronismo quien haya vuelto a conducir los destinos de la Argentina&#8221;.<\/p>\n<p>Con respecto a la acusaci\u00f3n que la diputada Elisa Carri\u00f3 y la legisladora de la Coalici\u00f3n C\u00edvica Paula Olivetto hicieron sobre \u00e9l como jefe de una conspiraci\u00f3n con los compa\u00f1eros presos pol\u00edticos, opin\u00f3 que lo mejor es cuando uno responde y muestra la honestidad de lo que se lo ha acusado. &#8220;Me present\u00e9 ante la justicia y entregu\u00e9 mi celular para que lo revisen, es lo que hice ante el fiscal Jorge Di Lello y el juez Claudio Bonadio y se comprob\u00f3 que no hab\u00eda existido ninguna conspiraci\u00f3n&#8221;. Y a\u00f1adi\u00f3: &#8220;Sin embargo, ped\u00ed que hicieran lo mismo la diputada Olivetto, la diputada Carri\u00f3, el fiscal Carlos Stornelli y el periodista Daniel Santoro, y no lo hicieron. De hecho, Santoro ya anunci\u00f3 que por miedo borr\u00f3 todos los mensajes. Eso ya lo presume como un delincuente&#8221;. Coment\u00f3 que el juez Ramos Padilla lo ha aceptado como querellante en la causa por espionaje y en primicia exclusiva adelant\u00f3 que ma\u00f1ana va a ir a Dolores a pedir la indagatoria de Oliveto, Carri\u00f3 y Mariana Zuvic, parlamentaria del Parlasur: &#8220;Est\u00e1 probada su relaci\u00f3n con Marcelo D&#8217;Alessio&#8221;. Dijo que lo importante es que se vaya a fondo con lo que \u00e9l denomina la cloaca para que salga todo a la luz: &#8220;Para m\u00ed la consigna es Patria o cloaca&#8221;.<\/p>\n<p>Sobre el cierre de listas afirm\u00f3: &#8220;Estamos cerca de Sergio Massa y de los intendentes. Y tambi\u00e9n de los gobernadores. La unidad esta ah\u00ed a la vuelta de la esquina, estamos cerca. En 15 d\u00edas vas a ver que se concreta la unidad, Massa, gobernadores, el peronismo entero.&#8221;<\/td>\n<\/tr>\n<\/tbody>\n<\/table>\n<\/td>\n<\/tr>\n<\/tbody>\n<\/table>\n<\/td>\n<\/tr>\n<\/tbody>\n<\/table>\n<\/td>\n<\/tr>\n<\/tbody>\n<\/table>\n<table id=\"yiv5587837741templateFooter\" border=\"0\" width=\"100%\" cellspacing=\"0\" cellpadding=\"0\">\n<tbody>\n<tr>\n<td align=\"center\" valign=\"top\">\n<table class=\"yiv5587837741templateContainer\" border=\"0\" width=\"600\" cellspacing=\"0\" cellpadding=\"0\">\n<tbody>\n<tr>\n<td class=\"yiv5587837741footerContainer\" valign=\"top\">\n<table class=\"yiv5587837741mcnDividerBlock\" border=\"0\" width=\"100%\" cellspacing=\"0\" cellpadding=\"0\">\n<tbody class=\"yiv5587837741mcnDividerBlockOuter\">\n<tr>\n<td class=\"yiv5587837741mcnDividerBlockInner\">\n<table class=\"yiv5587837741mcnDividerContent\" border=\"0\" width=\"100%\" cellspacing=\"0\" cellpadding=\"0\">\n<tbody>\n<tr>\n<td><\/td>\n<\/tr>\n<\/tbody>\n<\/table>\n<\/td>\n<\/tr>\n<\/tbody>\n<\/table>\n<\/td>\n<\/tr>\n<\/tbody>\n<\/table>\n<\/td>\n<\/tr>\n<\/tbody>\n<\/table>\n","protected":false},"excerpt":{"rendered":"<p>EL PERONISMO Y CRISTINA, \u00bfCOMO VIENE LA MANO? En comunicaci\u00f3n telef\u00f3nica para el programa Dos Miserables, conducido por Jorge Gres y Nahuel Bianchi para Radio Cooperativa AM 770 de lunes a viernes a las 6 de la ma\u00f1ana, Eduardo Vald\u00e9s, diputado del Parlasur y dirigente peronista cercano a Cristina Fern\u00e1ndez de Kirchner, habl\u00f3 sobre el [&hellip;]<\/p>\n","protected":false},"author":3,"featured_media":2410,"comment_status":"open","ping_status":"open","sticky":false,"template":"","format":"standard","meta":{"footnotes":"","jetpack_publicize_message":"","jetpack_publicize_feature_enabled":true,"jetpack_social_post_already_shared":false,"jetpack_social_options":{"image_generator_settings":{"template":"highway","default_image_id":0,"font":"","enabled":false},"version":2}},"categories":[17],"tags":[335,234],"class_list":["post-2409","post","type-post","status-publish","format-standard","has-post-thumbnail","hentry","category-politica","tag-cristina-fernandez-de-kirchner","tag-peronismo"],"jetpack_publicize_connections":[],"jetpack_featured_media_url":"https:\/\/revistaepocadigital.com.ar\/wp-content\/uploads\/2019\/05\/vALDEZ.jpg","jetpack_likes_enabled":true,"_links":{"self":[{"href":"https:\/\/revistaepocadigital.com.ar\/index.php?rest_route=\/wp\/v2\/posts\/2409","targetHints":{"allow":["GET"]}}],"collection":[{"href":"https:\/\/revistaepocadigital.com.ar\/index.php?rest_route=\/wp\/v2\/posts"}],"about":[{"href":"https:\/\/revistaepocadigital.com.ar\/index.php?rest_route=\/wp\/v2\/types\/post"}],"author":[{"embeddable":true,"href":"https:\/\/revistaepocadigital.com.ar\/index.php?rest_route=\/wp\/v2\/users\/3"}],"replies":[{"embeddable":true,"href":"https:\/\/revistaepocadigital.com.ar\/index.php?rest_route=%2Fwp%2Fv2%2Fcomments&post=2409"}],"version-history":[{"count":0,"href":"https:\/\/revistaepocadigital.com.ar\/index.php?rest_route=\/wp\/v2\/posts\/2409\/revisions"}],"wp:featuredmedia":[{"embeddable":true,"href":"https:\/\/revistaepocadigital.com.ar\/index.php?rest_route=\/wp\/v2\/media\/2410"}],"wp:attachment":[{"href":"https:\/\/revistaepocadigital.com.ar\/index.php?rest_route=%2Fwp%2Fv2%2Fmedia&parent=2409"}],"wp:term":[{"taxonomy":"category","embeddable":true,"href":"https:\/\/revistaepocadigital.com.ar\/index.php?rest_route=%2Fwp%2Fv2%2Fcategories&post=2409"},{"taxonomy":"post_tag","embeddable":true,"href":"https:\/\/revistaepocadigital.com.ar\/index.php?rest_route=%2Fwp%2Fv2%2Ftags&post=2409"}],"curies":[{"name":"wp","href":"https:\/\/api.w.org\/{rel}","templated":true}]}}